{"id":23441,"date":"2022-09-29T18:36:13","date_gmt":"2022-09-29T16:36:13","guid":{"rendered":"https:\/\/bisbalpenedes.com\/web\/?p=23441"},"modified":"2022-09-29T18:36:13","modified_gmt":"2022-09-29T16:36:13","slug":"saprova-iniciar-lexpedient-per-a-la-contractacio-de-les-obres-de-la-construccio-i-rehabilitacio-de-la-fassina-i-ordenar-la-redaccio-del-plec-de-clausules-administratives-particulars","status":"publish","type":"post","link":"https:\/\/bisbalpenedes.com\/web\/2022\/09\/29\/saprova-iniciar-lexpedient-per-a-la-contractacio-de-les-obres-de-la-construccio-i-rehabilitacio-de-la-fassina-i-ordenar-la-redaccio-del-plec-de-clausules-administratives-particulars\/","title":{"rendered":"S&#8217;aprova iniciar l&#8217;expedient per a la contractaci\u00f3 de les obres de la construcci\u00f3 i rehabilitaci\u00f3 de la fassina i ordenar la redacci\u00f3 del plec de cl\u00e0usules administratives particulars"},"content":{"rendered":"\n<p>La Junta de Govern d&#8217;aquest dilluns 26 de setembre ha aprovat iniciar l&#8217;expedient per a la contractaci\u00f3 de les obres de construcci\u00f3 d&#8217;un magatzem municipal per a la brigada, la construcci\u00f3 d&#8217;un local per a \u00fas de la colla castellera de la Bisbal del Pened\u00e8s i consolidaci\u00f3, reforma i rehabilitaci\u00f3 de la torre de la <em>fassina<\/em> per assaig de la colla castellera.<\/p>\n\n\n\n<p>Durant els propers dies s&#8217;aprovar\u00e0 el plec de cl\u00e0usules per a la licitaci\u00f3 de les obres, per tal que les empreses interessades puguin presentar-s&#8217;hi. El termini m\u00e0xim per dur a terme les obres ser\u00e0 de 6 mesos. El projecte d&#8217;obres es va aprovar l&#8217;abril de 2022, amb un import per a l&#8217;execuci\u00f3 de les obres de 732.360,16\u20ac (IVA incl\u00f2s). El mes de maig es va aprovar una modificaci\u00f3 de cr\u00e8dit per disposar de l&#8217;import suficient per fer front a les obres.<\/p>\n\n\n\n<p>L&#8217;aprovaci\u00f3 d&#8217;aquest punt de la Junta de Govern es va fer per urg\u00e8ncia i, en tractar-se d&#8217;una proposta que \u00e9s amb compet\u00e8ncia delegada del Ple a la Junta de Govern mitjan\u00e7ant acord plenari del 4 de juliol de 2019, es van obrir les portes de la sala de plens a les 19:15h perqu\u00e8, qui ho desitg\u00e9s, pogu\u00e9s assistir com a p\u00fablic a la sala de plens. Tamb\u00e9 es va enviar la proposta als regidors de l&#8217;oposici\u00f3 i es va gravar en v\u00eddeo aquest punt de l&#8217;ordre del dia per garantir la seva publicitat: <a href=\"https:\/\/youtu.be\/f8VQvcXsbhw\">https:\/\/youtu.be\/f8VQvcXsbhw<\/a><\/p>\n\n\n\n<figure class=\"wp-block-image size-large\"><img loading=\"lazy\" width=\"1024\" height=\"576\" src=\"https:\/\/bisbalpenedes.com\/web\/wp-content\/uploads\/2022\/09\/DETALL-ESPAIS-FASSINA-1024x576.jpeg\" alt=\"\" class=\"wp-image-23442\" srcset=\"https:\/\/bisbalpenedes.com\/web\/wp-content\/uploads\/2022\/09\/DETALL-ESPAIS-FASSINA-1024x576.jpeg 1024w, https:\/\/bisbalpenedes.com\/web\/wp-content\/uploads\/2022\/09\/DETALL-ESPAIS-FASSINA-300x169.jpeg 300w, https:\/\/bisbalpenedes.com\/web\/wp-content\/uploads\/2022\/09\/DETALL-ESPAIS-FASSINA-768x432.jpeg 768w, https:\/\/bisbalpenedes.com\/web\/wp-content\/uploads\/2022\/09\/DETALL-ESPAIS-FASSINA-1536x864.jpeg 1536w, https:\/\/bisbalpenedes.com\/web\/wp-content\/uploads\/2022\/09\/DETALL-ESPAIS-FASSINA-2048x1152.jpeg 2048w, https:\/\/bisbalpenedes.com\/web\/wp-content\/uploads\/2022\/09\/DETALL-ESPAIS-FASSINA-600x338.jpeg 600w\" sizes=\"(max-width: 1024px) 100vw, 1024px\" \/><\/figure>\n\n\n\n<figure class=\"wp-block-image size-large\"><img loading=\"lazy\" width=\"1024\" height=\"576\" src=\"https:\/\/bisbalpenedes.com\/web\/wp-content\/uploads\/2022\/09\/PLA\u0300NOL-1-LA-FASSINA-1024x576.jpg\" alt=\"\" class=\"wp-image-23443\" srcset=\"https:\/\/bisbalpenedes.com\/web\/wp-content\/uploads\/2022\/09\/PLA\u0300NOL-1-LA-FASSINA-1024x576.jpg 1024w, https:\/\/bisbalpenedes.com\/web\/wp-content\/uploads\/2022\/09\/PLA\u0300NOL-1-LA-FASSINA-300x169.jpg 300w, https:\/\/bisbalpenedes.com\/web\/wp-content\/uploads\/2022\/09\/PLA\u0300NOL-1-LA-FASSINA-768x432.jpg 768w, https:\/\/bisbalpenedes.com\/web\/wp-content\/uploads\/2022\/09\/PLA\u0300NOL-1-LA-FASSINA-600x338.jpg 600w, https:\/\/bisbalpenedes.com\/web\/wp-content\/uploads\/2022\/09\/PLA\u0300NOL-1-LA-FASSINA.jpg 1152w\" sizes=\"(max-width: 1024px) 100vw, 1024px\" \/><\/figure>\n\n\n\n<figure class=\"wp-block-image size-large\"><img loading=\"lazy\" width=\"1024\" height=\"689\" src=\"https:\/\/bisbalpenedes.com\/web\/wp-content\/uploads\/2022\/09\/PLA\u0300NOL-2-LA-FASSINA-1024x689.jpg\" alt=\"\" class=\"wp-image-23444\" srcset=\"https:\/\/bisbalpenedes.com\/web\/wp-content\/uploads\/2022\/09\/PLA\u0300NOL-2-LA-FASSINA-1024x689.jpg 1024w, https:\/\/bisbalpenedes.com\/web\/wp-content\/uploads\/2022\/09\/PLA\u0300NOL-2-LA-FASSINA-300x202.jpg 300w, https:\/\/bisbalpenedes.com\/web\/wp-content\/uploads\/2022\/09\/PLA\u0300NOL-2-LA-FASSINA-768x517.jpg 768w, https:\/\/bisbalpenedes.com\/web\/wp-content\/uploads\/2022\/09\/PLA\u0300NOL-2-LA-FASSINA-600x404.jpg 600w, https:\/\/bisbalpenedes.com\/web\/wp-content\/uploads\/2022\/09\/PLA\u0300NOL-2-LA-FASSINA.jpg 1176w\" sizes=\"(max-width: 1024px) 100vw, 1024px\" \/><\/figure>\n\n\n\n<hr class=\"wp-block-separator has-alpha-channel-opacity\"\/>\n\n\n\n<p><strong>CASTELLANO |<\/strong>&nbsp;La Junta de Gobierno de este lunes 26 de septiembre ha aprobado iniciar el expediente para la contrataci\u00f3n de las obras de construcci\u00f3n de un almac\u00e9n municipal para la brigada, la construcci\u00f3n de un local para uso de la colla castellera de la Bisbal del Pened\u00e8s y consolidaci\u00f3n, reforma y rehabilitaci\u00f3n de la torre de la <em>fassina<\/em> para ensayo de la colla castellera.<\/p>\n\n\n\n<p>Durante los pr\u00f3ximos d\u00edas se aprobar\u00e1 el pliego de cl\u00e1usulas para la licitaci\u00f3n de las obras, por tal que las empresas interesadas puedan presentarse. El plazo m\u00e1ximo para realizar las obras ser\u00e1 de 6 meses. El proyecto de obras se aprob\u00f3 en abril del 0222, con un importe para la ejecuci\u00f3n de las obras de 732.360,16\u20ac (IVA incluido). En el mes de mayo se aprob\u00f3 una modificaci\u00f3n de cr\u00e9dito para disponer del importe suficiente para hacer frente a las obras.<\/p>\n\n\n\n<p>La aprobaci\u00f3n de este punto de la Junta de Gobierno se hizo por urgencia y, al tratarse de una propuesta que es con competencia delegada del Pleno a la Junta de Gobierno mediante acuerdo plenario del 4 de julio de 2019, se abrieron las puertas de la sala de plenos a las 19:15h para que, quien lo desease, pudiese asistir como p\u00fablico a la sala de plenos. Tambi\u00e9n se les hizo llegar la propuesta a los concejales de la oposici\u00f3n y se grab\u00f3 en v\u00eddeo este punto del orden del d\u00eda para garantizar su publicidad: <a href=\"https:\/\/youtu.be\/f8VQvcXsbhw\">https:\/\/youtu.be\/f8VQvcXsbhw<\/a><\/p>\n","protected":false},"excerpt":{"rendered":"<p>La Junta de Govern d&#8217;aquest dilluns 26 de setembre ha aprovat iniciar l&#8217;expedient per a la contractaci\u00f3 de les obres de construcci\u00f3 d&#8217;un magatzem municipal per a la brigada, la &hellip; <a href=\"https:\/\/bisbalpenedes.com\/web\/2022\/09\/29\/saprova-iniciar-lexpedient-per-a-la-contractacio-de-les-obres-de-la-construccio-i-rehabilitacio-de-la-fassina-i-ordenar-la-redaccio-del-plec-de-clausules-administratives-particulars\/\" class=\"more-link\">Read More<\/a><\/p>\n","protected":false},"author":4,"featured_media":12681,"comment_status":"closed","ping_status":"closed","sticky":false,"template":"","format":"standard","meta":[],"categories":[8,15],"tags":[459,378,156,4302,393,3504,5510,5511],"_links":{"self":[{"href":"https:\/\/bisbalpenedes.com\/web\/wp-json\/wp\/v2\/posts\/23441"}],"collection":[{"href":"https:\/\/bisbalpenedes.com\/web\/wp-json\/wp\/v2\/posts"}],"about":[{"href":"https:\/\/bisbalpenedes.com\/web\/wp-json\/wp\/v2\/types\/post"}],"author":[{"embeddable":true,"href":"https:\/\/bisbalpenedes.com\/web\/wp-json\/wp\/v2\/users\/4"}],"replies":[{"embeddable":true,"href":"https:\/\/bisbalpenedes.com\/web\/wp-json\/wp\/v2\/comments?post=23441"}],"version-history":[{"count":1,"href":"https:\/\/bisbalpenedes.com\/web\/wp-json\/wp\/v2\/posts\/23441\/revisions"}],"predecessor-version":[{"id":23445,"href":"https:\/\/bisbalpenedes.com\/web\/wp-json\/wp\/v2\/posts\/23441\/revisions\/23445"}],"wp:featuredmedia":[{"embeddable":true,"href":"https:\/\/bisbalpenedes.com\/web\/wp-json\/wp\/v2\/media\/12681"}],"wp:attachment":[{"href":"https:\/\/bisbalpenedes.com\/web\/wp-json\/wp\/v2\/media?parent=23441"}],"wp:term":[{"taxonomy":"category","embeddable":true,"href":"https:\/\/bisbalpenedes.com\/web\/wp-json\/wp\/v2\/categories?post=23441"},{"taxonomy":"post_tag","embeddable":true,"href":"https:\/\/bisbalpenedes.com\/web\/wp-json\/wp\/v2\/tags?post=23441"}],"curies":[{"name":"wp","href":"https:\/\/api.w.org\/{rel}","templated":true}]}}