{"id":2344,"date":"2017-04-30T17:07:54","date_gmt":"2017-04-30T11:07:54","guid":{"rendered":"http:\/\/bisbalpenedes.com\/web\/?p=2344"},"modified":"2017-05-01T02:05:01","modified_gmt":"2017-04-30T20:05:01","slug":"avui-diumenge-comenca-el-cicle-gaudi-a-la-bisbal-del-penedes","status":"publish","type":"post","link":"https:\/\/bisbalpenedes.com\/web\/2017\/04\/30\/avui-diumenge-comenca-el-cicle-gaudi-a-la-bisbal-del-penedes\/","title":{"rendered":"Avui diumenge comen\u00e7a el Cicle Gaud\u00ed de cinema catal\u00e0 a La Bisbal del Pened\u00e8s"},"content":{"rendered":"<p><strong>La primera pel\u00b7l\u00edcula que s\u2019hi projectar\u00e0 ser\u00e0 \u201cEspanya en dues trinxeres: la Guerra Civil en color\u201d<\/strong><\/p>\n<p style=\"text-align: center;\"><a href=\"http:\/\/bisbalpenedes.com\/web\/wp-content\/uploads\/2017\/04\/cartell-en-dues-trinxeres.jpg\"><img loading=\"lazy\" class=\"aligncenter  wp-image-2345\" title=\"cartell en dues trinxeres\" src=\"http:\/\/bisbalpenedes.com\/web\/wp-content\/uploads\/2017\/04\/cartell-en-dues-trinxeres.jpg\" alt=\"\" width=\"319\" height=\"448\" srcset=\"https:\/\/bisbalpenedes.com\/web\/wp-content\/uploads\/2017\/04\/cartell-en-dues-trinxeres.jpg 456w, https:\/\/bisbalpenedes.com\/web\/wp-content\/uploads\/2017\/04\/cartell-en-dues-trinxeres-213x300.jpg 213w\" sizes=\"(max-width: 319px) 100vw, 319px\" \/><\/a><\/p>\n<p>El Cicle Gaud\u00ed va n\u00e9ixer el setembre de 2016 i, uns mesos despr\u00e9s, experimenta un creixement amb la finalitat d\u2019arribar a m\u00e9s espectadors. Entre aquests espectadors hi haur\u00e0 els bisbalencs i les bisbalenques que podran gaudir, des d\u2019avui mateix, de bon cinema a la seva vila, l\u2019\u00fanic municipi de la comarca del Baix Pened\u00e8s que oferir\u00e0 pel\u00b7l\u00edcules d\u2019aquest cicle el darrer diumenge dels mesos d\u2019abril, maig, juny, setembre, octubre i novembre.<\/p>\n<p>La primera pel\u00b7l\u00edcula del cicle, que es projectar\u00e0 avui diumenge 30 d\u2019abril a les 19h \u00e9s \u201cEspanya en dues trinxeres: la Guerra Civil en color\u201d un documental de Francesc Escribano i Luis Carrizo que explica l\u2019esdeveniment des de la dist\u00e0ncia hist\u00f2rica i com mai s\u2019havia fet fins ara: en color. Una experi\u00e8ncia audiovisual pionera al nostre pa\u00eds que ha perm\u00e8s la digitalitzaci\u00f3 i acolorit dels arxius per obtenir un material \u00fanic i aportar una nova visi\u00f3 a una de les \u00e8poques m\u00e9s obscures de la hist\u00f2ria contempor\u00e0nia d\u2019Espanya. Tr\u00e0iler:\u00a0<a href=\"https:\/\/www.youtube.com\/watch?v=r3cxkVRkf9E\" target=\"_blank\">https:\/\/www.youtube.com\/watch?v=r3cxkVRkf9E<\/a><\/p>\n<p>L\u2019entrada al cinema tindr\u00e0 un preu de 4,5\u20ac per al p\u00fablic general i 3\u20ac per als usuaris de la Biblioteca Municipal de La Bisbal (presentant el carnet). Els beneficis recaptats aniran a parar a entitats bisbalenques. L\u2019Ajuntament va fer arribar una carta a les entitats del municipi amb la finalitat que les entitats que volguessin es poguessin encarregar de la taquilla i vendre les entrades a canvi de quedar-se amb la recaptaci\u00f3. En aquesta primera convocat\u00f2ria (se\u2019n far\u00e0 una altra per a les projeccions dels mesos de setembre, octubre i novembre) van presentar-se tres entitats i el sorteig, que es va fer el passat dimecres 26 d\u2019abril, va donar els seg\u00fcents resultats:<\/p>\n<p>-30 d\u2019abril: Pel\u00b7l\u00edcula \u201cEspanya en dues trinxeres\u201d. Entitat: Associaci\u00f3 de Dones La Roca Foradada.<\/p>\n<p>-28 de maig: Pel\u00b7l\u00edcula \u201cUn monstre em ve a veure\u201d. Entitat: Grup de Geganters i Grallers de La Societat.<\/p>\n<p>-25 de juny: Pel\u00b7l\u00edcula \u201cIncerta gl\u00f2ria\u201d. Entitat: Ball de Gitanes de La Bisbal.<\/p>\n<p>El Cicle Gaud\u00ed compta amb el suport del Departament de Cultura de la Generalitat de Catalunya i de les quatre diputacions. En l\u2019actualitat s\u00f3n 33 els municipis adherits al Cicle Gaud\u00ed, el circuit estable de cinema en catal\u00e0. Per a m\u00e9s informaci\u00f3 podeu entrar al web:\u00a0<a href=\"http:\/\/ciclegaudi.cat\/sales\/centre-municipal-de-cultura-de-la-bisbal-de-penedes\/\">http:\/\/ciclegaudi.cat\/sales\/centre-municipal-de-cultura-de-la-bisbal-de-penedes\/<\/a><\/p>\n","protected":false},"excerpt":{"rendered":"<p>La primera pel\u00b7l\u00edcula que s\u2019hi projectar\u00e0 ser\u00e0 \u201cEspanya en dues trinxeres: la Guerra Civil en color\u201d El Cicle Gaud\u00ed va n\u00e9ixer el setembre de 2016 i, uns mesos despr\u00e9s, experimenta &hellip; <a href=\"https:\/\/bisbalpenedes.com\/web\/2017\/04\/30\/avui-diumenge-comenca-el-cicle-gaudi-a-la-bisbal-del-penedes\/\" class=\"more-link\">Read More<\/a><\/p>\n","protected":false},"author":4,"featured_media":2345,"comment_status":"closed","ping_status":"closed","sticky":false,"template":"","format":"standard","meta":[],"categories":[13],"tags":[308,307,226,351,309,318,350],"_links":{"self":[{"href":"https:\/\/bisbalpenedes.com\/web\/wp-json\/wp\/v2\/posts\/2344"}],"collection":[{"href":"https:\/\/bisbalpenedes.com\/web\/wp-json\/wp\/v2\/posts"}],"about":[{"href":"https:\/\/bisbalpenedes.com\/web\/wp-json\/wp\/v2\/types\/post"}],"author":[{"embeddable":true,"href":"https:\/\/bisbalpenedes.com\/web\/wp-json\/wp\/v2\/users\/4"}],"replies":[{"embeddable":true,"href":"https:\/\/bisbalpenedes.com\/web\/wp-json\/wp\/v2\/comments?post=2344"}],"version-history":[{"count":4,"href":"https:\/\/bisbalpenedes.com\/web\/wp-json\/wp\/v2\/posts\/2344\/revisions"}],"predecessor-version":[{"id":2348,"href":"https:\/\/bisbalpenedes.com\/web\/wp-json\/wp\/v2\/posts\/2344\/revisions\/2348"}],"wp:featuredmedia":[{"embeddable":true,"href":"https:\/\/bisbalpenedes.com\/web\/wp-json\/wp\/v2\/media\/2345"}],"wp:attachment":[{"href":"https:\/\/bisbalpenedes.com\/web\/wp-json\/wp\/v2\/media?parent=2344"}],"wp:term":[{"taxonomy":"category","embeddable":true,"href":"https:\/\/bisbalpenedes.com\/web\/wp-json\/wp\/v2\/categories?post=2344"},{"taxonomy":"post_tag","embeddable":true,"href":"https:\/\/bisbalpenedes.com\/web\/wp-json\/wp\/v2\/tags?post=2344"}],"curies":[{"name":"wp","href":"https:\/\/api.w.org\/{rel}","templated":true}]}}