{"id":23436,"date":"2022-09-29T18:20:45","date_gmt":"2022-09-29T16:20:45","guid":{"rendered":"https:\/\/bisbalpenedes.com\/web\/?p=23436"},"modified":"2022-09-29T19:03:25","modified_gmt":"2022-09-29T17:03:25","slug":"avis-sobre-possibles-incidencies-en-la-tdt-durant-els-propers-sis-mesos","status":"publish","type":"post","link":"https:\/\/bisbalpenedes.com\/web\/2022\/09\/29\/avis-sobre-possibles-incidencies-en-la-tdt-durant-els-propers-sis-mesos\/","title":{"rendered":"Av\u00eds sobre possibles incid\u00e8ncies a la TDT durant els propers sis mesos"},"content":{"rendered":"\n<p><strong>Av\u00eds sobre possibles incid\u00e8ncies en la TDT durant els propers sis mesos<\/strong><\/p>\n\n\n\n<p>Us informem que, durant els propers dies, tindr\u00e0 lloc l&#8217;activaci\u00f3 de la xarxa m\u00f2bil de nova generaci\u00f3 4G i 5G al municipi sobre les bandes de 800 i 700 MHz.<\/p>\n\n\n\n<p>Aquesta implantaci\u00f3 suposar\u00e0 una millor cobertura i velocitat de connexi\u00f3 a internet, aix\u00ed com la millora de serveis de televisi\u00f3, entre altres. No obstant aix\u00f2, durant aquesta activaci\u00f3, alguns ve\u00efns i ve\u00efnes podr\u00edeu experimentar alguna incid\u00e8ncia relacionada amb la recepci\u00f3 del senyal de la Televisi\u00f3 Digital Terrestre (TDT).<\/p>\n\n\n\n<p>Per tot plegat, us informem que Llega 700 \u00e9s l&#8217;empresa que gestionar\u00e0, de forma gratu\u00efta per a la ciutadania, les incid\u00e8ncies en la recepci\u00f3 del senyal de la TDT causades per la implantaci\u00f3 dels serveis 4G i 5G a la Bisbal del Pened\u00e8s.<\/p>\n\n\n\n<p>Per a incid\u00e8ncies, us podeu adre\u00e7ar:<\/p>\n\n\n\n<ul><li>Al tel\u00e8fon gratu\u00eft 900 833 999<\/li><li>Al correu electr\u00f2nic <a href=\"mailto:ayuda@llega700.es\" target=\"_blank\" rel=\"noreferrer noopener\">ayuda@llega700.es<\/a><\/li><\/ul>\n\n\n\n<p>Si viviu en una comunitat de propietaris, ha de ser el president o l&#8217;administrador d&#8217;aquesta el que faci la comunicaci\u00f3.<\/p>\n\n\n\n<hr class=\"wp-block-separator has-alpha-channel-opacity\"\/>\n\n\n\n<p><strong>CASTELLANO |<\/strong> Os informamos que, durante los pr\u00f3ximos d\u00edas, tendr\u00e1 lugar la activaci\u00f3n de la red m\u00f3vil de nueva generaci\u00f3n 4G y 5G en el municipio sobre las bandas de 800 y 700 MHz.<\/p>\n\n\n\n<p>Esta implantaci\u00f3n supondr\u00e1 una mejor cobertura y velocidad de conexi\u00f3n a internet, as\u00ed como la mejora de servicios de televisi\u00f3n, entre otras. No obstante, durante esta activaci\u00f3n, algunos vecinos y vecinas podr\u00edais experimentar alguna incidencia relacionada con la recepci\u00f3n de la se\u00f1al de la Televisi\u00f3n Digital Terrestre (TDT).<\/p>\n\n\n\n<p>Por todo ello, os informamos de que Llega 700 es la empresa que gestionar\u00e1, de forma gratuita para la ciudadan\u00eda, las incidencias en la recepci\u00f3n de la se\u00f1al de la TDT causadas por la implantaci\u00f3n de los servicios 4G y 5G en la Bisbal del Pened\u00e8s.<\/p>\n\n\n\n<p>Para incidencias, os pod\u00e9is dirigir:<\/p>\n\n\n\n<ul><li>Al tel\u00e9fono gratuito 900 833 999<\/li><li>Al correo electr\u00f3nico <a href=\"mailto:ayuda@llega700.es\" target=\"_blank\" rel=\"noreferrer noopener\">ayuda@llega700.es<\/a><\/li><\/ul>\n\n\n\n<p>Si viv\u00eds en una comunidad de propietarios, debe ser el presidente o el administrador de esta el que realice la comunicaci\u00f3n.<\/p>\n\n\n\n<figure class=\"wp-block-image size-large\"><img loading=\"lazy\" width=\"746\" height=\"1024\" src=\"https:\/\/bisbalpenedes.com\/web\/wp-content\/uploads\/2022\/09\/Cartel-Llega700-746x1024.jpg\" alt=\"\" class=\"wp-image-23437\" srcset=\"https:\/\/bisbalpenedes.com\/web\/wp-content\/uploads\/2022\/09\/Cartel-Llega700-746x1024.jpg 746w, https:\/\/bisbalpenedes.com\/web\/wp-content\/uploads\/2022\/09\/Cartel-Llega700-219x300.jpg 219w, https:\/\/bisbalpenedes.com\/web\/wp-content\/uploads\/2022\/09\/Cartel-Llega700-768x1054.jpg 768w, https:\/\/bisbalpenedes.com\/web\/wp-content\/uploads\/2022\/09\/Cartel-Llega700-1119x1536.jpg 1119w, https:\/\/bisbalpenedes.com\/web\/wp-content\/uploads\/2022\/09\/Cartel-Llega700-1492x2048.jpg 1492w, https:\/\/bisbalpenedes.com\/web\/wp-content\/uploads\/2022\/09\/Cartel-Llega700-600x824.jpg 600w, https:\/\/bisbalpenedes.com\/web\/wp-content\/uploads\/2022\/09\/Cartel-Llega700.jpg 1837w\" sizes=\"(max-width: 746px) 100vw, 746px\" \/><\/figure>\n","protected":false},"excerpt":{"rendered":"<p>Av\u00eds sobre possibles incid\u00e8ncies en la TDT durant els propers sis mesos Us informem que, durant els propers dies, tindr\u00e0 lloc l&#8217;activaci\u00f3 de la xarxa m\u00f2bil de nova generaci\u00f3 4G &hellip; <a href=\"https:\/\/bisbalpenedes.com\/web\/2022\/09\/29\/avis-sobre-possibles-incidencies-en-la-tdt-durant-els-propers-sis-mesos\/\" class=\"more-link\">Read More<\/a><\/p>\n","protected":false},"author":4,"featured_media":23438,"comment_status":"closed","ping_status":"closed","sticky":false,"template":"","format":"standard","meta":[],"categories":[8],"tags":[5086,293,292,393,5390,289,1100],"_links":{"self":[{"href":"https:\/\/bisbalpenedes.com\/web\/wp-json\/wp\/v2\/posts\/23436"}],"collection":[{"href":"https:\/\/bisbalpenedes.com\/web\/wp-json\/wp\/v2\/posts"}],"about":[{"href":"https:\/\/bisbalpenedes.com\/web\/wp-json\/wp\/v2\/types\/post"}],"author":[{"embeddable":true,"href":"https:\/\/bisbalpenedes.com\/web\/wp-json\/wp\/v2\/users\/4"}],"replies":[{"embeddable":true,"href":"https:\/\/bisbalpenedes.com\/web\/wp-json\/wp\/v2\/comments?post=23436"}],"version-history":[{"count":2,"href":"https:\/\/bisbalpenedes.com\/web\/wp-json\/wp\/v2\/posts\/23436\/revisions"}],"predecessor-version":[{"id":23446,"href":"https:\/\/bisbalpenedes.com\/web\/wp-json\/wp\/v2\/posts\/23436\/revisions\/23446"}],"wp:featuredmedia":[{"embeddable":true,"href":"https:\/\/bisbalpenedes.com\/web\/wp-json\/wp\/v2\/media\/23438"}],"wp:attachment":[{"href":"https:\/\/bisbalpenedes.com\/web\/wp-json\/wp\/v2\/media?parent=23436"}],"wp:term":[{"taxonomy":"category","embeddable":true,"href":"https:\/\/bisbalpenedes.com\/web\/wp-json\/wp\/v2\/categories?post=23436"},{"taxonomy":"post_tag","embeddable":true,"href":"https:\/\/bisbalpenedes.com\/web\/wp-json\/wp\/v2\/tags?post=23436"}],"curies":[{"name":"wp","href":"https:\/\/api.w.org\/{rel}","templated":true}]}}