{"id":23432,"date":"2022-09-28T12:05:10","date_gmt":"2022-09-28T10:05:10","guid":{"rendered":"https:\/\/bisbalpenedes.com\/web\/?p=23432"},"modified":"2022-09-28T12:05:10","modified_gmt":"2022-09-28T10:05:10","slug":"la-fira-activitats-per-als-mes-menuts","status":"publish","type":"post","link":"https:\/\/bisbalpenedes.com\/web\/2022\/09\/28\/la-fira-activitats-per-als-mes-menuts\/","title":{"rendered":"La Fira: activitats per als m\u00e9s menuts"},"content":{"rendered":"\n<p>Vindreu a &#8216;La Fira&#8217; amb els m\u00e9s menuts de casa?<br>Aqu\u00ed teniu un cartell amb les activitats per als xics.<\/p>\n\n\n\n<p>Recordeu que els m\u00e9s menuts tamb\u00e9 podran fer treballs manuals visitar els vehicles de l&#8217;ADF Clot de Bou (al davant del consultori m\u00e8dic.<\/p>\n\n\n\n<hr class=\"wp-block-separator has-alpha-channel-opacity\"\/>\n\n\n\n<p>\u00bfVendr\u00e9is a &#8216;La Fira&#8217; con los m\u00e1s peque\u00f1os de casa?<br>Aqu\u00ed ten\u00e9is el cartel con las actividades para los ni\u00f1os y ni\u00f1as.<\/p>\n\n\n\n<p>Recordad que los m\u00e1s peque\u00f1os tambi\u00e9n podr\u00e1n hacer manualidades y visitar los veh\u00edculos de la ADF Clot de Bou (delante del consultorio m\u00e9dico).<\/p>\n","protected":false},"excerpt":{"rendered":"<p>Vindreu a &#8216;La Fira&#8217; amb els m\u00e9s menuts de casa?Aqu\u00ed teniu un cartell amb les activitats per als xics. Recordeu que els m\u00e9s menuts tamb\u00e9 podran fer treballs manuals visitar &hellip; <a href=\"https:\/\/bisbalpenedes.com\/web\/2022\/09\/28\/la-fira-activitats-per-als-mes-menuts\/\" class=\"more-link\">Read More<\/a><\/p>\n","protected":false},"author":4,"featured_media":23433,"comment_status":"closed","ping_status":"closed","sticky":false,"template":"","format":"standard","meta":[],"categories":[2942,3860,13,8],"tags":[230,2681,459,329,225,393,1374],"_links":{"self":[{"href":"https:\/\/bisbalpenedes.com\/web\/wp-json\/wp\/v2\/posts\/23432"}],"collection":[{"href":"https:\/\/bisbalpenedes.com\/web\/wp-json\/wp\/v2\/posts"}],"about":[{"href":"https:\/\/bisbalpenedes.com\/web\/wp-json\/wp\/v2\/types\/post"}],"author":[{"embeddable":true,"href":"https:\/\/bisbalpenedes.com\/web\/wp-json\/wp\/v2\/users\/4"}],"replies":[{"embeddable":true,"href":"https:\/\/bisbalpenedes.com\/web\/wp-json\/wp\/v2\/comments?post=23432"}],"version-history":[{"count":1,"href":"https:\/\/bisbalpenedes.com\/web\/wp-json\/wp\/v2\/posts\/23432\/revisions"}],"predecessor-version":[{"id":23434,"href":"https:\/\/bisbalpenedes.com\/web\/wp-json\/wp\/v2\/posts\/23432\/revisions\/23434"}],"wp:featuredmedia":[{"embeddable":true,"href":"https:\/\/bisbalpenedes.com\/web\/wp-json\/wp\/v2\/media\/23433"}],"wp:attachment":[{"href":"https:\/\/bisbalpenedes.com\/web\/wp-json\/wp\/v2\/media?parent=23432"}],"wp:term":[{"taxonomy":"category","embeddable":true,"href":"https:\/\/bisbalpenedes.com\/web\/wp-json\/wp\/v2\/categories?post=23432"},{"taxonomy":"post_tag","embeddable":true,"href":"https:\/\/bisbalpenedes.com\/web\/wp-json\/wp\/v2\/tags?post=23432"}],"curies":[{"name":"wp","href":"https:\/\/api.w.org\/{rel}","templated":true}]}}