{"id":23425,"date":"2022-09-28T11:30:53","date_gmt":"2022-09-28T09:30:53","guid":{"rendered":"https:\/\/bisbalpenedes.com\/web\/?p=23425"},"modified":"2022-09-28T11:35:56","modified_gmt":"2022-09-28T09:35:56","slug":"oli-torclum-ha-obert-una-botiga-amb-sala-de-tastos-a-la-bisbal-del-penedes-aquest-cap-de-setmana-participa-en-la-iniciativa-benvinguts-a-pages-i-a-la-fira-de-la-bisbal","status":"publish","type":"post","link":"https:\/\/bisbalpenedes.com\/web\/2022\/09\/28\/oli-torclum-ha-obert-una-botiga-amb-sala-de-tastos-a-la-bisbal-del-penedes-aquest-cap-de-setmana-participa-en-la-iniciativa-benvinguts-a-pages-i-a-la-fira-de-la-bisbal\/","title":{"rendered":"Oli Torclum ha obert una botiga amb sala de tastos a la Bisbal del Pened\u00e8s &#8211; Aquest cap de setmana participa en la iniciativa &#8216;Benvinguts a pag\u00e8s&#8217; i a &#8216;La Fira&#8217; de la Bisbal"},"content":{"rendered":"\n<p>L&#8217;empresa bisbalenca Oli Torclum ha obert, aquest setembre, un nou espai a la pla\u00e7a Pau Casals, 5. Es tracta d&#8217;un espai on s&#8217;hi poden trobar els productes Torclum: oli d&#8217;oliva verge extra ecol\u00f2gic; derivats de l&#8217;oli d&#8217;oliva, com poden ser la melmelada, l&#8217;olivada, les olives i les perles d&#8217;oli; la gamma d&#8217;olis condimentats; o els diferents formats d&#8217;env\u00e0s i la gamma de lots i caixes de regal d&#8217;Oli Torclum. A m\u00e9s, l&#8217;empresa far\u00e0 visites d&#8217;oleoturisme, a trav\u00e9s de les quals es mostrar\u00e0 tot el proc\u00e9s de l&#8217;elaboraci\u00f3 de l&#8217;oli, des del camp fins a la taula. L&#8217;espai compta amb una sala de tastos per oferir activitats durant l&#8217;any, com ara maridatges o tallers.<\/p>\n\n\n\n<p>Si voleu estar informats de les activitats que s&#8217;ofereixen des d&#8217;Oli Torclum podeu accedir al seu web <a href=\"http:\/\/www.torclum.com\/\">www.torclum.com<\/a> i inscriure-us a la <em>newsletter.<\/em><\/p>\n\n\n\n<p>L&#8217;horari de la botiga \u00e9s de dilluns a divendres de 9:30h a 13:30h i els dissabtes de 10:00h a 13:00h.<\/p>\n\n\n\n<h2><strong>PROPERES ACTIVITATS PREVISTES<\/strong><\/h2>\n\n\n\n<p><strong>Benvinguts a pag\u00e8s<\/strong><\/p>\n\n\n\n<p>Aquest cap de setmana, Oli Torclum participar\u00e0 a &#8216;Benvinguts a Pag\u00e8s&#8217;, una iniciativa que es fa per set\u00e8 any i que compta amb la participaci\u00f3 d&#8217;explotacions i productors de tot Catalunya, que obren les seves portes per fer visites gratu\u00eftes o tastos, perqu\u00e8 tothom pugui con\u00e8ixer el m\u00f3n agr\u00edcola i ramader. Hi haur\u00e0 torns dissabte al mat\u00ed i a la tarda i tamb\u00e9 diumenge al mat\u00ed. Si voleu reservar, ho podeu fer a <a href=\"https:\/\/benvingutsapages.cat\/reservar\/?act=31357\">https:\/\/benvingutsapages.cat\/reservar\/?act=31357<\/a><\/p>\n\n\n\n<p>L&#8217;activitat d&#8217;Oli Torclum consistir\u00e0 en una visita a les oliveres en qu\u00e8 s&#8217;explicar\u00e0 tot el proc\u00e9s vegetatiu, la recol\u00b7lecta i el proc\u00e9s d&#8217;obtenci\u00f3 de l&#8217;oli. Posteriorment, els participants aniran a la sala de l&#8217;Espai Torclum a fer un petit tast d&#8217;olis i d&#8217;algun producte Torclum.<\/p>\n\n\n\n<p><strong>La Fira de la Bisbal<\/strong><\/p>\n\n\n\n<p>Aquest diumenge, tamb\u00e9 trobareu Oli Torclum a &#8216;La Fira&#8217; de la Bisbal del Pened\u00e8s. Hi haur\u00e0 una parada en qu\u00e8 trobareu diferents productes, olis i derivats i, a la tarda, hi haur\u00e0 tast a les 18:30h amb el Restaurant Ull de Llebre i Cellers Domenys. Els tiquets es podran adquirir a la botiga o al web <a href=\"http:\/\/www.torclum.com\/\">http:\/\/www.torclum.com<\/a>, tot i que ja queden molt poques places disponibles.<\/p>\n\n\n\n<p>La regidora de Comer\u00e7, Agricultura i Turisme, Judith Vidal, felicita Oli Torclum per la iniciativa, ja que &#8220;Oli Torclum \u00e9s una empresa moderna i innovadora que ofereix un producte de qualitat i proximitat i que porta el nom del nostre municipi arreu on va. Per a la Bisbal del Pened\u00e8s \u00e9s un orgull comptar amb productors de proximitat que segueixen apostant per treballar la terra i recollir el seu fruit. Desitjo de tot cor que el projecte sigui tot un \u00e8xit&#8221;.<\/p>\n\n\n\n<figure class=\"wp-block-image size-large\"><img loading=\"lazy\" width=\"1024\" height=\"768\" src=\"https:\/\/bisbalpenedes.com\/web\/wp-content\/uploads\/2022\/09\/IMG_0275-2-1024x768.jpeg\" alt=\"\" class=\"wp-image-23428\" srcset=\"https:\/\/bisbalpenedes.com\/web\/wp-content\/uploads\/2022\/09\/IMG_0275-2-1024x768.jpeg 1024w, https:\/\/bisbalpenedes.com\/web\/wp-content\/uploads\/2022\/09\/IMG_0275-2-300x225.jpeg 300w, https:\/\/bisbalpenedes.com\/web\/wp-content\/uploads\/2022\/09\/IMG_0275-2-768x576.jpeg 768w, https:\/\/bisbalpenedes.com\/web\/wp-content\/uploads\/2022\/09\/IMG_0275-2-1536x1152.jpeg 1536w, https:\/\/bisbalpenedes.com\/web\/wp-content\/uploads\/2022\/09\/IMG_0275-2-2048x1536.jpeg 2048w, https:\/\/bisbalpenedes.com\/web\/wp-content\/uploads\/2022\/09\/IMG_0275-2-600x450.jpeg 600w\" sizes=\"(max-width: 1024px) 100vw, 1024px\" \/><\/figure>\n\n\n\n<hr class=\"wp-block-separator has-alpha-channel-opacity\"\/>\n\n\n\n<p><strong>CASTELLANO |<\/strong> La empresa de <em>bisbalenca <\/em>Oli Torclum ha abierto, este mes de septiembre, un nuevo espacio en la plaza Pau Casals, 5. Se trata de un espacio en el que se pueden encontrar los productos Torclum: aceite de oliva virgen extra ecol\u00f3gico; derivados del aceite de oliva, como pueden ser la mermelada, la olivada, las olivas y las perlas de aceite; la gama de aceites condimentados; o los distintos formatos de envase y la gama de lotes y cajas de regalo de Oli Torclum. Adem\u00e1s, la empresa har\u00e1 visitas de oleoturismo, a trav\u00e9s de las cuales se mostrar\u00e1 todo el proceso de elaboraci\u00f3n del aceite, desde el campo hasta la mesa. El espacio cuenta con una sala de catas para ofrecer actividades durante todo el a\u00f1o, como por ejemplo maridajes o talleres.<\/p>\n\n\n\n<p>Si quer\u00e9is estar informados de las actividades que se ofrecen desde Oli Torclum, pod\u00e9is acceder a su web <a href=\"http:\/\/www.torclum.com\" target=\"_blank\" rel=\"noreferrer noopener\">www.torclum.com<\/a> e inscribiros en la <em>newsletter.<\/em><\/p>\n\n\n\n<p>El horario de la tienda es de lunes a viernes de 9:30h a 13:30h y los s\u00e1bados de 10:00h a 13:00h.<\/p>\n\n\n\n<h2><strong>PR\u00d3XIMAS ACTIVIDADES PREVISTAS<\/strong><\/h2>\n\n\n\n<p><strong>Benvinguts a pag\u00e8s<\/strong><\/p>\n\n\n\n<p>Este fin de semana, Oli Torclum participar\u00e1 en &#8216;Benvinguts a Pag\u00e8s&#8217;, una iniciativa que se hace por s\u00e9ptimo a\u00f1o y que cuenta con la participaci\u00f3n de explotaciones y productores de toda Catalu\u00f1a, que abren sus puertas para hacer visitas gratuitas o catas, para que todo el mundo pueda conocer el mundo agr\u00edcola y ganadero. Habr\u00e1 turnos el s\u00e1bado por la ma\u00f1ana y por la tarde y tambi\u00e9n el domingo por la ma\u00f1ana. Si quer\u00e9is reservar, lo pod\u00e9is hacer en <a href=\"https:\/\/benvingutsapages.cat\/reservar\/?act=31357\">https:\/\/benvingutsapages.cat\/reservar\/?act=31357<\/a><\/p>\n\n\n\n<p>La actividad de Oli Torclum consistir\u00e1 en una visita a los olivos en la que se explicar\u00e1 todo el proceso vegetativo, la recolecci\u00f3n y el proceso de obtenci\u00f3n del aceite. Posteriormente, los participantes ir\u00e1n a la sala del Espacio Torclum a hacer una peque\u00f1a cata de aceites y de alg\u00fan producto Torclum.<\/p>\n\n\n\n<p><strong>La Fira de la Bisbal<\/strong><\/p>\n\n\n\n<p>Este domingo, tambi\u00e9n encontrar\u00e9is a Oli Torclum en la &#8216;Fira&#8217; de la Bisbal del Pened\u00e8s. Habr\u00e1 una parada en la que encontrar\u00e9is distintos productos, aceites y derivados y, por la tarde, habr\u00e1 cata a las 18:30h con el Restaurant Ull de Llebre y Cellers Domenys. Los tiques se podr\u00e1n adquirir en la tienda o en la web <a href=\"http:\/\/www.torclum.com\/\">http:\/\/www.torclum.com<\/a>, aunque ya quedan muy pocas plazas disponibles.<\/p>\n\n\n\n<p>La concejala de Comercio, Agricultura y Turismo, Judith Vidal, felicita a Oli Torclum por la iniciativa, ya que &#8220;Oli Torclum es una empresa moderna e innovadora que ofrece un producto de calidad y proximidad y que lleva el nombre de nuestro municipio all\u00ed donde va. Para la Bisbal del Pened\u00e8s es un orgullo contar con productores de proximidad que siguen apostando por trabajar la tierra y recoger su fruto. Deseo de coraz\u00f3n que el proyecto sea todo un \u00e9xito&#8221;.<\/p>\n","protected":false},"excerpt":{"rendered":"<p>L&#8217;empresa bisbalenca Oli Torclum ha obert, aquest setembre, un nou espai a la pla\u00e7a Pau Casals, 5. Es tracta d&#8217;un espai on s&#8217;hi poden trobar els productes Torclum: oli d&#8217;oliva &hellip; <a href=\"https:\/\/bisbalpenedes.com\/web\/2022\/09\/28\/oli-torclum-ha-obert-una-botiga-amb-sala-de-tastos-a-la-bisbal-del-penedes-aquest-cap-de-setmana-participa-en-la-iniciativa-benvinguts-a-pages-i-a-la-fira-de-la-bisbal\/\" class=\"more-link\">Read More<\/a><\/p>\n","protected":false},"author":4,"featured_media":23427,"comment_status":"closed","ping_status":"closed","sticky":false,"template":"","format":"standard","meta":[],"categories":[4155,3860,8,4878],"tags":[],"_links":{"self":[{"href":"https:\/\/bisbalpenedes.com\/web\/wp-json\/wp\/v2\/posts\/23425"}],"collection":[{"href":"https:\/\/bisbalpenedes.com\/web\/wp-json\/wp\/v2\/posts"}],"about":[{"href":"https:\/\/bisbalpenedes.com\/web\/wp-json\/wp\/v2\/types\/post"}],"author":[{"embeddable":true,"href":"https:\/\/bisbalpenedes.com\/web\/wp-json\/wp\/v2\/users\/4"}],"replies":[{"embeddable":true,"href":"https:\/\/bisbalpenedes.com\/web\/wp-json\/wp\/v2\/comments?post=23425"}],"version-history":[{"count":2,"href":"https:\/\/bisbalpenedes.com\/web\/wp-json\/wp\/v2\/posts\/23425\/revisions"}],"predecessor-version":[{"id":23430,"href":"https:\/\/bisbalpenedes.com\/web\/wp-json\/wp\/v2\/posts\/23425\/revisions\/23430"}],"wp:featuredmedia":[{"embeddable":true,"href":"https:\/\/bisbalpenedes.com\/web\/wp-json\/wp\/v2\/media\/23427"}],"wp:attachment":[{"href":"https:\/\/bisbalpenedes.com\/web\/wp-json\/wp\/v2\/media?parent=23425"}],"wp:term":[{"taxonomy":"category","embeddable":true,"href":"https:\/\/bisbalpenedes.com\/web\/wp-json\/wp\/v2\/categories?post=23425"},{"taxonomy":"post_tag","embeddable":true,"href":"https:\/\/bisbalpenedes.com\/web\/wp-json\/wp\/v2\/tags?post=23425"}],"curies":[{"name":"wp","href":"https:\/\/api.w.org\/{rel}","templated":true}]}}