{"id":23421,"date":"2022-09-28T11:02:14","date_gmt":"2022-09-28T09:02:14","guid":{"rendered":"https:\/\/bisbalpenedes.com\/web\/?p=23421"},"modified":"2022-09-28T11:02:14","modified_gmt":"2022-09-28T09:02:14","slug":"voleu-fer-vos-voluntaris-o-voluntaries-de-ladf-clot-de-bou-aquest-diumenge-trobareu-lentitat-a-la-fira-de-la-bisbal-del-penedes","status":"publish","type":"post","link":"https:\/\/bisbalpenedes.com\/web\/2022\/09\/28\/voleu-fer-vos-voluntaris-o-voluntaries-de-ladf-clot-de-bou-aquest-diumenge-trobareu-lentitat-a-la-fira-de-la-bisbal-del-penedes\/","title":{"rendered":"Voleu fer-vos voluntaris o volunt\u00e0ries de l&#8217;ADF Clot de Bou? Aquest diumenge trobareu l&#8217;entitat a &#8216;La Fira&#8217; de la Bisbal del Pened\u00e8s"},"content":{"rendered":"\n<p>Us heu plantejat mai fer-vos voluntaris d&#8217;una Agrupaci\u00f3 de Defensa Forestal?<br>L&#8217;ADF Clot de Bou busca persones entre 16 i 73 anys que tinguin ganes de formar part de l&#8217;entitat i, aquest diumenge -amb motiu de &#8216;La Fira&#8217;- trobareu l&#8217;entitat al davant del consultori m\u00e8dic.<br>Visiteu-la i informeu-vos del que podeu fer pel territori!<\/p>\n\n\n\n<hr class=\"wp-block-separator has-alpha-channel-opacity\"\/>\n\n\n\n<p>\u00bfOs hab\u00e9is planteado alguna vez haceros voluntarios de una Agrupaci\u00f3n de Defensa Forestal?<br>La ADF Clot de Bou busca personas entre 16 y 73 a\u00f1os que tengan ganas de formar parte de la entidad y, este domingo -con motivo de &#8216;La Fira&#8217;- encontrar\u00e9is a la entidad delante del consultorio m\u00e9dico.<br>\u00a1Visitadla e informaos de lo que pod\u00e9is hacer por el territorio!<\/p>\n","protected":false},"excerpt":{"rendered":"<p>Us heu plantejat mai fer-vos voluntaris d&#8217;una Agrupaci\u00f3 de Defensa Forestal?L&#8217;ADF Clot de Bou busca persones entre 16 i 73 anys que tinguin ganes de formar part de l&#8217;entitat i, &hellip; <a href=\"https:\/\/bisbalpenedes.com\/web\/2022\/09\/28\/voleu-fer-vos-voluntaris-o-voluntaries-de-ladf-clot-de-bou-aquest-diumenge-trobareu-lentitat-a-la-fira-de-la-bisbal-del-penedes\/\" class=\"more-link\">Read More<\/a><\/p>\n","protected":false},"author":4,"featured_media":23422,"comment_status":"closed","ping_status":"closed","sticky":false,"template":"","format":"standard","meta":[],"categories":[20,32,8],"tags":[1775,459,393,2362,5509,1374],"_links":{"self":[{"href":"https:\/\/bisbalpenedes.com\/web\/wp-json\/wp\/v2\/posts\/23421"}],"collection":[{"href":"https:\/\/bisbalpenedes.com\/web\/wp-json\/wp\/v2\/posts"}],"about":[{"href":"https:\/\/bisbalpenedes.com\/web\/wp-json\/wp\/v2\/types\/post"}],"author":[{"embeddable":true,"href":"https:\/\/bisbalpenedes.com\/web\/wp-json\/wp\/v2\/users\/4"}],"replies":[{"embeddable":true,"href":"https:\/\/bisbalpenedes.com\/web\/wp-json\/wp\/v2\/comments?post=23421"}],"version-history":[{"count":1,"href":"https:\/\/bisbalpenedes.com\/web\/wp-json\/wp\/v2\/posts\/23421\/revisions"}],"predecessor-version":[{"id":23423,"href":"https:\/\/bisbalpenedes.com\/web\/wp-json\/wp\/v2\/posts\/23421\/revisions\/23423"}],"wp:featuredmedia":[{"embeddable":true,"href":"https:\/\/bisbalpenedes.com\/web\/wp-json\/wp\/v2\/media\/23422"}],"wp:attachment":[{"href":"https:\/\/bisbalpenedes.com\/web\/wp-json\/wp\/v2\/media?parent=23421"}],"wp:term":[{"taxonomy":"category","embeddable":true,"href":"https:\/\/bisbalpenedes.com\/web\/wp-json\/wp\/v2\/categories?post=23421"},{"taxonomy":"post_tag","embeddable":true,"href":"https:\/\/bisbalpenedes.com\/web\/wp-json\/wp\/v2\/tags?post=23421"}],"curies":[{"name":"wp","href":"https:\/\/api.w.org\/{rel}","templated":true}]}}