{"id":23414,"date":"2022-09-26T18:28:03","date_gmt":"2022-09-26T16:28:03","guid":{"rendered":"https:\/\/bisbalpenedes.com\/web\/?p=23414"},"modified":"2022-09-28T10:32:31","modified_gmt":"2022-09-28T08:32:31","slug":"aquest-divendres-30-de-setembre-es-dura-a-terme-un-recital-titulat-la-pau-i-l1-doctubre-al-centre-municipal-de-cultura-organitzat-per-omnium-cultural","status":"publish","type":"post","link":"https:\/\/bisbalpenedes.com\/web\/2022\/09\/26\/aquest-divendres-30-de-setembre-es-dura-a-terme-un-recital-titulat-la-pau-i-l1-doctubre-al-centre-municipal-de-cultura-organitzat-per-omnium-cultural\/","title":{"rendered":"Aquest divendres 30 de setembre es dur\u00e0 a terme un recital titulat &#8220;La pau i l&#8217;1 d&#8217;Octubre&#8221; al Centre Municipal de Cultura organitzat per \u00d2mnium Cultural"},"content":{"rendered":"\n<p>El CMC acollir\u00e0 el recital &#8220;La pau i l&#8217;1 d&#8217;octubre&#8221; organitzat des d&#8217;\u00d2mnium Cultural, el proper divendres 30 de setembre a les 20:30h. En acabar, hi haur\u00e0 un petit concert. Us adjuntem el cartell de l&#8217;activitat, que compta amb la col\u00b7laboraci\u00f3 de la Regidoria de Cultura.<\/p>\n\n\n\n<hr class=\"wp-block-separator has-alpha-channel-opacity\"\/>\n\n\n\n<p>El CMC acoger\u00e1 el recital &#8220;La pau y el 1 de octubre&#8221; organizado desde \u00d2mnium Cultural, el pr\u00f3ximo viernes 30 de septiembre a las 20:30h. Al acabar, habr\u00e1 un peque\u00f1o concierto. Os adjuntamos el cartel de la actividad, que cuenta con la colaboraci\u00f3n de la Concejal\u00eda de Cultura.&nbsp;<\/p>\n","protected":false},"excerpt":{"rendered":"<p>El CMC acollir\u00e0 el recital &#8220;La pau i l&#8217;1 d&#8217;octubre&#8221; organitzat des d&#8217;\u00d2mnium Cultural, el proper divendres 30 de setembre a les 20:30h. En acabar, hi haur\u00e0 un petit concert. &hellip; <a href=\"https:\/\/bisbalpenedes.com\/web\/2022\/09\/26\/aquest-divendres-30-de-setembre-es-dura-a-terme-un-recital-titulat-la-pau-i-l1-doctubre-al-centre-municipal-de-cultura-organitzat-per-omnium-cultural\/\" class=\"more-link\">Read More<\/a><\/p>\n","protected":false},"author":4,"featured_media":23419,"comment_status":"closed","ping_status":"closed","sticky":false,"template":"","format":"standard","meta":[],"categories":[2942,13,8],"tags":[459,393,5508,1374,1466],"_links":{"self":[{"href":"https:\/\/bisbalpenedes.com\/web\/wp-json\/wp\/v2\/posts\/23414"}],"collection":[{"href":"https:\/\/bisbalpenedes.com\/web\/wp-json\/wp\/v2\/posts"}],"about":[{"href":"https:\/\/bisbalpenedes.com\/web\/wp-json\/wp\/v2\/types\/post"}],"author":[{"embeddable":true,"href":"https:\/\/bisbalpenedes.com\/web\/wp-json\/wp\/v2\/users\/4"}],"replies":[{"embeddable":true,"href":"https:\/\/bisbalpenedes.com\/web\/wp-json\/wp\/v2\/comments?post=23414"}],"version-history":[{"count":1,"href":"https:\/\/bisbalpenedes.com\/web\/wp-json\/wp\/v2\/posts\/23414\/revisions"}],"predecessor-version":[{"id":23417,"href":"https:\/\/bisbalpenedes.com\/web\/wp-json\/wp\/v2\/posts\/23414\/revisions\/23417"}],"wp:featuredmedia":[{"embeddable":true,"href":"https:\/\/bisbalpenedes.com\/web\/wp-json\/wp\/v2\/media\/23419"}],"wp:attachment":[{"href":"https:\/\/bisbalpenedes.com\/web\/wp-json\/wp\/v2\/media?parent=23414"}],"wp:term":[{"taxonomy":"category","embeddable":true,"href":"https:\/\/bisbalpenedes.com\/web\/wp-json\/wp\/v2\/categories?post=23414"},{"taxonomy":"post_tag","embeddable":true,"href":"https:\/\/bisbalpenedes.com\/web\/wp-json\/wp\/v2\/tags?post=23414"}],"curies":[{"name":"wp","href":"https:\/\/api.w.org\/{rel}","templated":true}]}}