{"id":23411,"date":"2022-09-26T18:17:48","date_gmt":"2022-09-26T16:17:48","guid":{"rendered":"https:\/\/bisbalpenedes.com\/web\/?p=23411"},"modified":"2022-09-26T18:17:48","modified_gmt":"2022-09-26T16:17:48","slug":"fins-al-29-de-setembre-us-podeu-apuntar-al-sopar-ball-de-la-fira-organitzat-per-la-societat","status":"publish","type":"post","link":"https:\/\/bisbalpenedes.com\/web\/2022\/09\/26\/fins-al-29-de-setembre-us-podeu-apuntar-al-sopar-ball-de-la-fira-organitzat-per-la-societat\/","title":{"rendered":"Fins al 29 de setembre us podeu apuntar al sopar\/ball de la Fira organitzat per la Societat"},"content":{"rendered":"\n<p>Aquest dissabte 1 d&#8217;octubre, la&nbsp;Societat Cultural i Recreativa Bisbalenca&nbsp;far\u00e0 el sopar\/ball de la Fira, previ a la celebraci\u00f3 d&#8217;aquesta, que es dur\u00e0 a terme el diumenge.<\/p>\n\n\n\n<p>Us adjuntem el cartell amb el men\u00fa. Us hi podeu apuntar fins al dia 29 de setembre adre\u00e7ant-vos al conserge.<\/p>\n\n\n\n<hr class=\"wp-block-separator has-alpha-channel-opacity\"\/>\n\n\n\n<p>Este s\u00e1bado 1 de octubre, la Societat Cultural i Recreativa Bisbalenca har\u00e1 la cena\/baile de la Fira, previa a la celebraci\u00f3n de esta, que se llevar\u00e1 a cabo el domingo.<\/p>\n\n\n\n<p>Os adjuntamos el cartel con el men\u00fa. Os pod\u00e9is apuntar hasta el d\u00eda 29 de septiembre dirigi\u00e9ndoos al conserje.<\/p>\n","protected":false},"excerpt":{"rendered":"<p>Aquest dissabte 1 d&#8217;octubre, la&nbsp;Societat Cultural i Recreativa Bisbalenca&nbsp;far\u00e0 el sopar\/ball de la Fira, previ a la celebraci\u00f3 d&#8217;aquesta, que es dur\u00e0 a terme el diumenge. Us adjuntem el cartell &hellip; <a href=\"https:\/\/bisbalpenedes.com\/web\/2022\/09\/26\/fins-al-29-de-setembre-us-podeu-apuntar-al-sopar-ball-de-la-fira-organitzat-per-la-societat\/\" class=\"more-link\">Read More<\/a><\/p>\n","protected":false},"author":4,"featured_media":23412,"comment_status":"closed","ping_status":"closed","sticky":false,"template":"","format":"standard","meta":[],"categories":[2942,20,8],"tags":[459,393,2776,126,5507],"_links":{"self":[{"href":"https:\/\/bisbalpenedes.com\/web\/wp-json\/wp\/v2\/posts\/23411"}],"collection":[{"href":"https:\/\/bisbalpenedes.com\/web\/wp-json\/wp\/v2\/posts"}],"about":[{"href":"https:\/\/bisbalpenedes.com\/web\/wp-json\/wp\/v2\/types\/post"}],"author":[{"embeddable":true,"href":"https:\/\/bisbalpenedes.com\/web\/wp-json\/wp\/v2\/users\/4"}],"replies":[{"embeddable":true,"href":"https:\/\/bisbalpenedes.com\/web\/wp-json\/wp\/v2\/comments?post=23411"}],"version-history":[{"count":1,"href":"https:\/\/bisbalpenedes.com\/web\/wp-json\/wp\/v2\/posts\/23411\/revisions"}],"predecessor-version":[{"id":23413,"href":"https:\/\/bisbalpenedes.com\/web\/wp-json\/wp\/v2\/posts\/23411\/revisions\/23413"}],"wp:featuredmedia":[{"embeddable":true,"href":"https:\/\/bisbalpenedes.com\/web\/wp-json\/wp\/v2\/media\/23412"}],"wp:attachment":[{"href":"https:\/\/bisbalpenedes.com\/web\/wp-json\/wp\/v2\/media?parent=23411"}],"wp:term":[{"taxonomy":"category","embeddable":true,"href":"https:\/\/bisbalpenedes.com\/web\/wp-json\/wp\/v2\/categories?post=23411"},{"taxonomy":"post_tag","embeddable":true,"href":"https:\/\/bisbalpenedes.com\/web\/wp-json\/wp\/v2\/tags?post=23411"}],"curies":[{"name":"wp","href":"https:\/\/api.w.org\/{rel}","templated":true}]}}