{"id":23404,"date":"2022-09-26T18:09:15","date_gmt":"2022-09-26T16:09:15","guid":{"rendered":"https:\/\/bisbalpenedes.com\/web\/?p=23404"},"modified":"2022-09-26T18:12:03","modified_gmt":"2022-09-26T16:12:03","slug":"avui-dilluns-a-les-1915h-sobriran-les-portes-de-la-junta-de-goven-local-al-public-per-aprovar-un-punt-amb-competencies-delegades-del-ple","status":"publish","type":"post","link":"https:\/\/bisbalpenedes.com\/web\/2022\/09\/26\/avui-dilluns-a-les-1915h-sobriran-les-portes-de-la-junta-de-goven-local-al-public-per-aprovar-un-punt-amb-competencies-delegades-del-ple\/","title":{"rendered":"Avui dilluns a les 19:15h s&#8217;obriran les portes de la sala de plens perqu\u00e8 qui ho vulgui pugui assistir a la votaci\u00f3 d&#8217;un punt de la Junta de Govern local amb compet\u00e8ncies delegades del Ple"},"content":{"rendered":"\n<p>Dijous es va convocar la Junta de Govern per a avui dilluns 26 de setembre. No obstant aix\u00f2, s\u2019ha presentat una proposta per urg\u00e8ncia, que \u00e9s compet\u00e8ncia del Ple delegada a la Junta de Govern mitjan\u00e7ant acord plenari del 4 de juliol de 2019:<br><br>\u25fe\ufe0fInici de l\u2019expedient per a la contractaci\u00f3 de les obres de construcci\u00f3 i rehabilitaci\u00f3 de la fassina i ordenar la redacci\u00f3 del plec de cl\u00e0usules administratives particulars<br><br>Les sessions de la Junta de Govern Local no s\u00f3n p\u00fabliques, per\u00f2 quan actua amb compet\u00e8ncies delegades del Ple, la sessi\u00f3 se sotmet als mateixos requisits de publicitat que les sessions del Ple, que s\u00f3n p\u00fabliques. Aix\u00ed ho va declarar la STS 161\/2013, de 26 de setembre.&nbsp;<strong>Per aquest motiu s\u2019obriran les portes de la sala de Plens a les 19:15h, perqu\u00e8 qui ho desitgi hi pugui assistir com a p\u00fablic.<\/strong>&nbsp;Tamb\u00e9 es gravar\u00e0 aquest punt de l\u2019ordre del dia i, posteriorment, es podr\u00e0 veure el v\u00eddeo a Youtube amb l\u2019objectiu de garantir la seva publicitat. Aix\u00ed mateix, els regidors i regidores de l\u2019oposici\u00f3 han rebut un correu electr\u00f2nic amb la informaci\u00f3 de la proposta.<\/p>\n\n\n\n<hr class=\"wp-block-separator has-alpha-channel-opacity\"\/>\n\n\n\n<p>El jueves se convoc\u00f3 la Junta de Gobierno para hoy lunes 26 de septiembre. No obstante, se ha presentado una propuesta por urgencia, que es competencia del Pleno delegada a la Junta de Gobierno mediante acuerdo plenario del 4 de julio de 2019:<br><br>\u25fe\ufe0fInicio del expediente para la contrataci\u00f3n de las obras de construcci\u00f3n y rehabilitaci\u00f3n de la \u2018fassina\u2019 y ordenar la redacci\u00f3n del pliego de cl\u00e1usulas administrativas particulares.<br><br>Las sesiones de la Junta de Gobierno Local no son p\u00fablicas, pero cuando act\u00faa con competencias delegadas del Pleno, la sesi\u00f3n se somete a los mismos requisitos de publicidad que las sesiones del Pleno, que son p\u00fablicas. As\u00ed lo declar\u00f3 la STS 161\/2013, de 26 de septiembre.\u00a0<strong>Por este motivo, se abrir\u00e1n las puertas de la Sala de Plenos a las 19:15h, para que quien lo desee pueda asistir como p\u00fablico.<\/strong>\u00a0Tambi\u00e9n se grabar\u00e1 este punto del orden del d\u00eda y, posteriormente, se podr\u00e1 ver el v\u00eddeo en Youtube con el objetivo de garantizar su publicidad. As\u00ed mismo, los concejales y concejalas de la oposici\u00f3n han recibido un correo electr\u00f3nico con la informaci\u00f3n de la propuesta.<br><br><\/p>\n","protected":false},"excerpt":{"rendered":"<p>Dijous es va convocar la Junta de Govern per a avui dilluns 26 de setembre. No obstant aix\u00f2, s\u2019ha presentat una proposta per urg\u00e8ncia, que \u00e9s compet\u00e8ncia del Ple delegada &hellip; <a href=\"https:\/\/bisbalpenedes.com\/web\/2022\/09\/26\/avui-dilluns-a-les-1915h-sobriran-les-portes-de-la-junta-de-goven-local-al-public-per-aprovar-un-punt-amb-competencies-delegades-del-ple\/\" class=\"more-link\">Read More<\/a><\/p>\n","protected":false},"author":4,"featured_media":23405,"comment_status":"closed","ping_status":"closed","sticky":false,"template":"","format":"standard","meta":[],"categories":[3085,8,2250],"tags":[459,317,2317,686,393,21,394],"_links":{"self":[{"href":"https:\/\/bisbalpenedes.com\/web\/wp-json\/wp\/v2\/posts\/23404"}],"collection":[{"href":"https:\/\/bisbalpenedes.com\/web\/wp-json\/wp\/v2\/posts"}],"about":[{"href":"https:\/\/bisbalpenedes.com\/web\/wp-json\/wp\/v2\/types\/post"}],"author":[{"embeddable":true,"href":"https:\/\/bisbalpenedes.com\/web\/wp-json\/wp\/v2\/users\/4"}],"replies":[{"embeddable":true,"href":"https:\/\/bisbalpenedes.com\/web\/wp-json\/wp\/v2\/comments?post=23404"}],"version-history":[{"count":4,"href":"https:\/\/bisbalpenedes.com\/web\/wp-json\/wp\/v2\/posts\/23404\/revisions"}],"predecessor-version":[{"id":23409,"href":"https:\/\/bisbalpenedes.com\/web\/wp-json\/wp\/v2\/posts\/23404\/revisions\/23409"}],"wp:featuredmedia":[{"embeddable":true,"href":"https:\/\/bisbalpenedes.com\/web\/wp-json\/wp\/v2\/media\/23405"}],"wp:attachment":[{"href":"https:\/\/bisbalpenedes.com\/web\/wp-json\/wp\/v2\/media?parent=23404"}],"wp:term":[{"taxonomy":"category","embeddable":true,"href":"https:\/\/bisbalpenedes.com\/web\/wp-json\/wp\/v2\/categories?post=23404"},{"taxonomy":"post_tag","embeddable":true,"href":"https:\/\/bisbalpenedes.com\/web\/wp-json\/wp\/v2\/tags?post=23404"}],"curies":[{"name":"wp","href":"https:\/\/api.w.org\/{rel}","templated":true}]}}