{"id":23393,"date":"2022-09-26T07:51:06","date_gmt":"2022-09-26T05:51:06","guid":{"rendered":"https:\/\/bisbalpenedes.com\/web\/?p=23393"},"modified":"2022-09-26T09:16:03","modified_gmt":"2022-09-26T07:16:03","slug":"la-colla-castellera-de-la-bisbal-del-penedes-ha-participat-en-el-concurs-de-castells-per-primera-vegada-aquest-diumenge-25-de-setembre","status":"publish","type":"post","link":"https:\/\/bisbalpenedes.com\/web\/2022\/09\/26\/la-colla-castellera-de-la-bisbal-del-penedes-ha-participat-en-el-concurs-de-castells-per-primera-vegada-aquest-diumenge-25-de-setembre\/","title":{"rendered":"La Colla Castellera de la Bisbal del Pened\u00e8s ha participat en el Concurs de Castells -per primera vegada- aquest diumenge 25 de setembre"},"content":{"rendered":"\n<p>La Colla Castellera de la Bisbal del Pened\u00e8s (Bous) ha participat aquest diumenge, per primera vegada, en el Concurs de Castells.<\/p>\n\n\n\n<p>En primera ronda, la colla bisbalenca ha fet el 3d7. En segona ronda, el 4d7. En tercera ronda, un intent de 5d7 que, desmuntant-lo, s&#8217;ha trencat a la baixada. En quarta ronda, han descarregat el pd5, acabant la seva participaci\u00f3 en el concurs. Despr\u00e9s, han ofert els pilars de comiat.<\/p>\n\n\n\n<p>Els de la Bisbal han quedat novens en la classificaci\u00f3, una posici\u00f3 que comparteixen amb els Castellers del Riberal i els Castellers d&#8217;Altafulla.<\/p>\n\n\n\n<p>Podeu recuperar la retransmissi\u00f3 del Concurs de Castells (jornada de Torredembarra), al final de la p\u00e0gina.<\/p>\n\n\n\n<hr class=\"wp-block-separator has-alpha-channel-opacity\"\/>\n\n\n\n<p>La Colla Castellera de la Bisbal del Pened\u00e8s (Bous) ha participado este domingo, por primera vez, en el Concurs de Castells.<\/p>\n\n\n\n<p>En primera ronda, la colla de la Bisbal ha hecho el 3d7. En segunda ronda, el 4d7. En tercera ronda, un intento de 5d7 que, desmont\u00e1ndolo, se ha roto en la bajada. En cuarta ronda, han descargado el pd5, terminando su participaci\u00f3n en el concurso. Despu\u00e9s, han ofrecido los pilares de cortes\u00eda.<\/p>\n\n\n\n<p>Los de la Bisbal han quedado novenos en la clasificaci\u00f3n, una posici\u00f3n que comparten con los Castellers del Riberal y los Castellers de Altafulla.<\/p>\n\n\n\n<p>Pod\u00e9is recuperar la retransmisi\u00f3n del Concurs de Castells (jornada de Torredembarra), aqu\u00ed:<\/p>\n\n\n\n<figure class=\"wp-block-embed is-type-video is-provider-youtube wp-block-embed-youtube wp-embed-aspect-16-9 wp-has-aspect-ratio\"><div class=\"wp-block-embed__wrapper\">\n<iframe loading=\"lazy\" title=\"Concurs de Castells de Torredembarra 2022\" width=\"1170\" height=\"658\" src=\"https:\/\/www.youtube.com\/embed\/SiXsuqGnqt0?feature=oembed\" frameborder=\"0\" allow=\"accelerometer; autoplay; clipboard-write; encrypted-media; gyroscope; picture-in-picture\" allowfullscreen><\/iframe>\n<\/div><\/figure>\n","protected":false},"excerpt":{"rendered":"<p>La Colla Castellera de la Bisbal del Pened\u00e8s (Bous) ha participat aquest diumenge, per primera vegada, en el Concurs de Castells. En primera ronda, la colla bisbalenca ha fet el &hellip; <a href=\"https:\/\/bisbalpenedes.com\/web\/2022\/09\/26\/la-colla-castellera-de-la-bisbal-del-penedes-ha-participat-en-el-concurs-de-castells-per-primera-vegada-aquest-diumenge-25-de-setembre\/\" class=\"more-link\">Read More<\/a><\/p>\n","protected":false},"author":4,"featured_media":23394,"comment_status":"closed","ping_status":"closed","sticky":false,"template":"","format":"standard","meta":[],"categories":[13,20,8],"tags":[459,378,668,5506,393,1374],"_links":{"self":[{"href":"https:\/\/bisbalpenedes.com\/web\/wp-json\/wp\/v2\/posts\/23393"}],"collection":[{"href":"https:\/\/bisbalpenedes.com\/web\/wp-json\/wp\/v2\/posts"}],"about":[{"href":"https:\/\/bisbalpenedes.com\/web\/wp-json\/wp\/v2\/types\/post"}],"author":[{"embeddable":true,"href":"https:\/\/bisbalpenedes.com\/web\/wp-json\/wp\/v2\/users\/4"}],"replies":[{"embeddable":true,"href":"https:\/\/bisbalpenedes.com\/web\/wp-json\/wp\/v2\/comments?post=23393"}],"version-history":[{"count":2,"href":"https:\/\/bisbalpenedes.com\/web\/wp-json\/wp\/v2\/posts\/23393\/revisions"}],"predecessor-version":[{"id":23397,"href":"https:\/\/bisbalpenedes.com\/web\/wp-json\/wp\/v2\/posts\/23393\/revisions\/23397"}],"wp:featuredmedia":[{"embeddable":true,"href":"https:\/\/bisbalpenedes.com\/web\/wp-json\/wp\/v2\/media\/23394"}],"wp:attachment":[{"href":"https:\/\/bisbalpenedes.com\/web\/wp-json\/wp\/v2\/media?parent=23393"}],"wp:term":[{"taxonomy":"category","embeddable":true,"href":"https:\/\/bisbalpenedes.com\/web\/wp-json\/wp\/v2\/categories?post=23393"},{"taxonomy":"post_tag","embeddable":true,"href":"https:\/\/bisbalpenedes.com\/web\/wp-json\/wp\/v2\/tags?post=23393"}],"curies":[{"name":"wp","href":"https:\/\/api.w.org\/{rel}","templated":true}]}}