{"id":23384,"date":"2022-09-24T19:17:29","date_gmt":"2022-09-24T17:17:29","guid":{"rendered":"https:\/\/bisbalpenedes.com\/web\/?p=23384"},"modified":"2022-09-24T19:17:29","modified_gmt":"2022-09-24T17:17:29","slug":"gairebe-200-persones-de-la-comarca-han-gaudit-de-la-trobada-de-la-gent-gran-que-sha-celebrat-a-la-bisbal-del-penedes-aquest-dissabte","status":"publish","type":"post","link":"https:\/\/bisbalpenedes.com\/web\/2022\/09\/24\/gairebe-200-persones-de-la-comarca-han-gaudit-de-la-trobada-de-la-gent-gran-que-sha-celebrat-a-la-bisbal-del-penedes-aquest-dissabte\/","title":{"rendered":"Gaireb\u00e9 200 persones de la comarca han gaudit de la trobada de la gent gran que s&#8217;ha celebrat a la Bisbal del Pened\u00e8s aquest dissabte"},"content":{"rendered":"\n<p>Un total de 197 persones han gaudit, aquest dissabte 24 de setembre, de la trobada d&#8217;associacions de la gent gran del Baix Pened\u00e8s. Hi han participat les entitats de Bonastre, Maslloren\u00e7, Albinyana, el Montmell i la Bisbal. A l&#8217;inici, s&#8217;ha fet una benvinguda institucional, que ha anat a c\u00e0rrec de l&#8217;alcaldessa de la Bisbal del Pened\u00e8s, Agn\u00e8s Ferr\u00e9; el president del Consell Comarcal del Baix Pened\u00e8s, Joan Sans; i la regidora de la Gent Gran, Paqui Cepas. La benvinguda ha finalitzat amb una introducci\u00f3 a la ruta de les tavernes per part de l&#8217;arxiver local, Jordi Ferran. A continuaci\u00f3, els i les participants han fet la ruta de les tavernes pel municipi. Tot seguit, la pla\u00e7a de l&#8217;esgl\u00e9sia ha acollit un tast de vins i caves de Cellers Domenys amb el sommelier Xavier Viles i l&#8217;actuaci\u00f3 del Ball de Gitanes de la Bisbal del Pened\u00e8s i els grallers de la Societat. En acabar, els assistents han dinat arr\u00f2s de &#8216;La paella de l&#8217;Isma&#8217; a la Societat i han gaudit de l&#8217;actuaci\u00f3 del Duet Alma.<\/p>\n\n\n\n<p>La regidora de la Gent Gran ha explicat que &#8220;hem gaudit molt amb la trobada i ha estat una jornada molt profitosa&#8221; i ha volgut agrair la feina de l&#8217;Associaci\u00f3 de la Gent Gran de la Bisbal en l&#8217;organitzaci\u00f3 i tamb\u00e9 dels voluntaris, el Pol, la Carlota i l&#8217;Aniol de Teatre Espai del Vendrell, &#8220;que han ofert unes xerrades molt interessants i, alhora, divertides sobre la ruta de les tavernes als assistents&#8221;.&nbsp;<\/p>\n\n\n\n<p>L&#8217;alcaldessa de la Bisbal del Pened\u00e8s Agn\u00e8s Ferr\u00e9, ha explicat que, durant la trobada, s&#8217;ha apostat pels productes locals &#8220;perqu\u00e8 a la Bisbal comptem amb grans productors i productes de proximitat. El tast ha estat de productes de Cellers Domenys, les coques enramades de la Pastisseria Mago, la paella dels bisbalencs La paella de l&#8217;Isma, les postres del Restaurant Ull de Llebre i, a m\u00e9s, els assistents han rebut una ampolleta d&#8217;oli Torclum en acabar la trobada&#8221;.<\/p>\n\n\n\n<hr class=\"wp-block-separator has-alpha-channel-opacity\"\/>\n\n\n\n<p>Un total de 197 personas han disfrutado, este s\u00e1bado 24 de septiembre, del encuentro de asociaciones de la gente mayor del Baix Pened\u00e8s. Han participado las entidades de Bonastre, Maslloren\u00e7, Albinyana, el Montmell y la Bisbal. Al inicio, se ha hecho una bienvenida institucional, que ha ido a cargo de la alcaldessa de la Bisbal del Pened\u00e8s, Agn\u00e8s Ferr\u00e9; el president del Consell Comarcal del Baix Pened\u00e8s, Joan Sans; y la concejala de la Gente Mayor, Paqui Cepas. La bienvenida ha finalizado con una introducci\u00f3n a la ruta de las tabernas por parte del archivero local, Jordi Ferran. A continuaci\u00f3n, los y las participantes han hecho la ruta de las tabernas por el municipio. Despu\u00e9s, la plaza de la iglesia ha acogido una cata de vinos y cavas de Cellers Domenys con el sumiller Xavier Viles y la actuaci\u00f3n del Ball de Gitanes de la Bisbal del Pened\u00e8s y los grallers de la Societat. Al finalizar, los asistentes han comido arroz de &#8216;La paella de l&#8217;Isma&#8217; en la Societat y han disfrutado de la actuaci\u00f3n de Duet Alma.<\/p>\n\n\n\n<p>La concejala de la Gente Mayor ha explicado que &#8220;hemos disfrutado mucho con el encuentro y ha sido una jornada muy provechosa&#8221; y ha querido agradecer el trabajo de la Associaci\u00f3 de la Gent Gran de la Bisbal en la organizaci\u00f3n y tambi\u00e9n de los voluntarios, Pol, Carlota y Aniol de Teatre Espai del Vendrell, &#8220;que han ofrecido unas charlas muy interesantes y, a la vez, divertidas sobre la ruta de las tabernas a los asistentes&#8221;.<\/p>\n\n\n\n<p>La alcaldesa de la Bisbal del Pened\u00e8s, Agn\u00e8s Ferr\u00e9, ha explicado que, durante el encuentro, se ha apostado por los productos locales &#8220;porque en la Bisbal contamos con grandes productores y productos de proximidad. La cata ha sido con productos de Cellers Domenys, las cocas enramadas de la Pastisseria Mago, la paella de los bisbalencs La paella de l&#8217;Isma, el postre del Restaurant Ull de llebre y, adem\u00e1s, los asistentes han recibido una botellita de aceite Torclum al finalizar el encuentro&#8221;.<\/p>\n\n\n\n<figure class=\"wp-block-image size-large\"><img loading=\"lazy\" width=\"1024\" height=\"768\" src=\"https:\/\/bisbalpenedes.com\/web\/wp-content\/uploads\/2022\/09\/TROBADA-GENT-GRAN-1-1024x768.jpg\" alt=\"\" class=\"wp-image-23386\" srcset=\"https:\/\/bisbalpenedes.com\/web\/wp-content\/uploads\/2022\/09\/TROBADA-GENT-GRAN-1-1024x768.jpg 1024w, https:\/\/bisbalpenedes.com\/web\/wp-content\/uploads\/2022\/09\/TROBADA-GENT-GRAN-1-300x225.jpg 300w, https:\/\/bisbalpenedes.com\/web\/wp-content\/uploads\/2022\/09\/TROBADA-GENT-GRAN-1-768x576.jpg 768w, https:\/\/bisbalpenedes.com\/web\/wp-content\/uploads\/2022\/09\/TROBADA-GENT-GRAN-1-1536x1152.jpg 1536w, https:\/\/bisbalpenedes.com\/web\/wp-content\/uploads\/2022\/09\/TROBADA-GENT-GRAN-1-2048x1536.jpg 2048w, https:\/\/bisbalpenedes.com\/web\/wp-content\/uploads\/2022\/09\/TROBADA-GENT-GRAN-1-600x450.jpg 600w\" sizes=\"(max-width: 1024px) 100vw, 1024px\" \/><\/figure>\n\n\n\n<figure class=\"wp-block-image size-large\"><img loading=\"lazy\" width=\"1024\" height=\"768\" src=\"https:\/\/bisbalpenedes.com\/web\/wp-content\/uploads\/2022\/09\/TROBADA-GENT-GRAN-4-1024x768.jpg\" alt=\"\" class=\"wp-image-23389\" srcset=\"https:\/\/bisbalpenedes.com\/web\/wp-content\/uploads\/2022\/09\/TROBADA-GENT-GRAN-4-1024x768.jpg 1024w, https:\/\/bisbalpenedes.com\/web\/wp-content\/uploads\/2022\/09\/TROBADA-GENT-GRAN-4-300x225.jpg 300w, https:\/\/bisbalpenedes.com\/web\/wp-content\/uploads\/2022\/09\/TROBADA-GENT-GRAN-4-768x576.jpg 768w, https:\/\/bisbalpenedes.com\/web\/wp-content\/uploads\/2022\/09\/TROBADA-GENT-GRAN-4-1536x1152.jpg 1536w, https:\/\/bisbalpenedes.com\/web\/wp-content\/uploads\/2022\/09\/TROBADA-GENT-GRAN-4-2048x1536.jpg 2048w, https:\/\/bisbalpenedes.com\/web\/wp-content\/uploads\/2022\/09\/TROBADA-GENT-GRAN-4-600x450.jpg 600w\" sizes=\"(max-width: 1024px) 100vw, 1024px\" \/><\/figure>\n\n\n\n<figure class=\"wp-block-image size-large\"><img loading=\"lazy\" width=\"1024\" height=\"768\" src=\"https:\/\/bisbalpenedes.com\/web\/wp-content\/uploads\/2022\/09\/TROBADA-GENT-GRAN-5-1024x768.jpg\" alt=\"\" class=\"wp-image-23388\" srcset=\"https:\/\/bisbalpenedes.com\/web\/wp-content\/uploads\/2022\/09\/TROBADA-GENT-GRAN-5-1024x768.jpg 1024w, https:\/\/bisbalpenedes.com\/web\/wp-content\/uploads\/2022\/09\/TROBADA-GENT-GRAN-5-300x225.jpg 300w, https:\/\/bisbalpenedes.com\/web\/wp-content\/uploads\/2022\/09\/TROBADA-GENT-GRAN-5-768x576.jpg 768w, https:\/\/bisbalpenedes.com\/web\/wp-content\/uploads\/2022\/09\/TROBADA-GENT-GRAN-5-1536x1152.jpg 1536w, https:\/\/bisbalpenedes.com\/web\/wp-content\/uploads\/2022\/09\/TROBADA-GENT-GRAN-5-2048x1536.jpg 2048w, https:\/\/bisbalpenedes.com\/web\/wp-content\/uploads\/2022\/09\/TROBADA-GENT-GRAN-5-600x450.jpg 600w\" sizes=\"(max-width: 1024px) 100vw, 1024px\" \/><\/figure>\n\n\n\n<figure class=\"wp-block-image size-large\"><img loading=\"lazy\" width=\"1024\" height=\"768\" src=\"https:\/\/bisbalpenedes.com\/web\/wp-content\/uploads\/2022\/09\/TROBADA-GENT-GRAN-3-1024x768.jpg\" alt=\"\" class=\"wp-image-23390\" srcset=\"https:\/\/bisbalpenedes.com\/web\/wp-content\/uploads\/2022\/09\/TROBADA-GENT-GRAN-3-1024x768.jpg 1024w, https:\/\/bisbalpenedes.com\/web\/wp-content\/uploads\/2022\/09\/TROBADA-GENT-GRAN-3-300x225.jpg 300w, https:\/\/bisbalpenedes.com\/web\/wp-content\/uploads\/2022\/09\/TROBADA-GENT-GRAN-3-768x576.jpg 768w, https:\/\/bisbalpenedes.com\/web\/wp-content\/uploads\/2022\/09\/TROBADA-GENT-GRAN-3-1536x1152.jpg 1536w, https:\/\/bisbalpenedes.com\/web\/wp-content\/uploads\/2022\/09\/TROBADA-GENT-GRAN-3-2048x1536.jpg 2048w, https:\/\/bisbalpenedes.com\/web\/wp-content\/uploads\/2022\/09\/TROBADA-GENT-GRAN-3-600x450.jpg 600w\" sizes=\"(max-width: 1024px) 100vw, 1024px\" \/><\/figure>\n","protected":false},"excerpt":{"rendered":"<p>Un total de 197 persones han gaudit, aquest dissabte 24 de setembre, de la trobada d&#8217;associacions de la gent gran del Baix Pened\u00e8s. Hi han participat les entitats de Bonastre, &hellip; <a href=\"https:\/\/bisbalpenedes.com\/web\/2022\/09\/24\/gairebe-200-persones-de-la-comarca-han-gaudit-de-la-trobada-de-la-gent-gran-que-sha-celebrat-a-la-bisbal-del-penedes-aquest-dissabte\/\" class=\"more-link\">Read More<\/a><\/p>\n","protected":false},"author":4,"featured_media":23387,"comment_status":"closed","ping_status":"closed","sticky":false,"template":"","format":"standard","meta":[],"categories":[464,8],"tags":[3008,459,305,393,1374,3379],"_links":{"self":[{"href":"https:\/\/bisbalpenedes.com\/web\/wp-json\/wp\/v2\/posts\/23384"}],"collection":[{"href":"https:\/\/bisbalpenedes.com\/web\/wp-json\/wp\/v2\/posts"}],"about":[{"href":"https:\/\/bisbalpenedes.com\/web\/wp-json\/wp\/v2\/types\/post"}],"author":[{"embeddable":true,"href":"https:\/\/bisbalpenedes.com\/web\/wp-json\/wp\/v2\/users\/4"}],"replies":[{"embeddable":true,"href":"https:\/\/bisbalpenedes.com\/web\/wp-json\/wp\/v2\/comments?post=23384"}],"version-history":[{"count":2,"href":"https:\/\/bisbalpenedes.com\/web\/wp-json\/wp\/v2\/posts\/23384\/revisions"}],"predecessor-version":[{"id":23391,"href":"https:\/\/bisbalpenedes.com\/web\/wp-json\/wp\/v2\/posts\/23384\/revisions\/23391"}],"wp:featuredmedia":[{"embeddable":true,"href":"https:\/\/bisbalpenedes.com\/web\/wp-json\/wp\/v2\/media\/23387"}],"wp:attachment":[{"href":"https:\/\/bisbalpenedes.com\/web\/wp-json\/wp\/v2\/media?parent=23384"}],"wp:term":[{"taxonomy":"category","embeddable":true,"href":"https:\/\/bisbalpenedes.com\/web\/wp-json\/wp\/v2\/categories?post=23384"},{"taxonomy":"post_tag","embeddable":true,"href":"https:\/\/bisbalpenedes.com\/web\/wp-json\/wp\/v2\/tags?post=23384"}],"curies":[{"name":"wp","href":"https:\/\/api.w.org\/{rel}","templated":true}]}}