{"id":23372,"date":"2022-09-23T15:54:07","date_gmt":"2022-09-23T13:54:07","guid":{"rendered":"https:\/\/bisbalpenedes.com\/web\/?p=23372"},"modified":"2022-09-23T15:54:07","modified_gmt":"2022-09-23T13:54:07","slug":"el-diumenge-2-doctubre-celebrarem-la-fira-de-la-bisbal-del-penedes-reserveu-vos-la-data","status":"publish","type":"post","link":"https:\/\/bisbalpenedes.com\/web\/2022\/09\/23\/el-diumenge-2-doctubre-celebrarem-la-fira-de-la-bisbal-del-penedes-reserveu-vos-la-data\/","title":{"rendered":"El diumenge 2 d&#8217;octubre celebrarem &#8216;La Fira&#8217; de la Bisbal del Pened\u00e8s. Reserveu-vos la data!"},"content":{"rendered":"\n<p>Ja la tenim aqu\u00ed! Reserveu-vos la data!<br>El primer diumenge d&#8217;octubre torna La Fira de la Bisbal del Pened\u00e8s amb activitats per a petits i grans durant tot el dia.<\/p>\n\n\n\n<hr class=\"wp-block-separator has-alpha-channel-opacity\"\/>\n\n\n\n<p>\u00a1Ya la tenemos aqu\u00ed! \u00a1Reservaos la fecha!<br>El primer domingo de octubre vuelve La Fira de la Bisbal del Pened\u00e8s con actividades para peque\u00f1os y mayores durante todo el d\u00eda.<\/p>\n\n\n\n<figure class=\"wp-block-image size-large\"><img loading=\"lazy\" width=\"724\" height=\"1024\" src=\"https:\/\/bisbalpenedes.com\/web\/wp-content\/uploads\/2022\/09\/POSTER-FIRA-2022-OPT-724x1024.jpeg\" alt=\"\" class=\"wp-image-23373\" srcset=\"https:\/\/bisbalpenedes.com\/web\/wp-content\/uploads\/2022\/09\/POSTER-FIRA-2022-OPT-724x1024.jpeg 724w, https:\/\/bisbalpenedes.com\/web\/wp-content\/uploads\/2022\/09\/POSTER-FIRA-2022-OPT-212x300.jpeg 212w, https:\/\/bisbalpenedes.com\/web\/wp-content\/uploads\/2022\/09\/POSTER-FIRA-2022-OPT-768x1086.jpeg 768w, https:\/\/bisbalpenedes.com\/web\/wp-content\/uploads\/2022\/09\/POSTER-FIRA-2022-OPT-1086x1536.jpeg 1086w, https:\/\/bisbalpenedes.com\/web\/wp-content\/uploads\/2022\/09\/POSTER-FIRA-2022-OPT-600x849.jpeg 600w, https:\/\/bisbalpenedes.com\/web\/wp-content\/uploads\/2022\/09\/POSTER-FIRA-2022-OPT.jpeg 1448w\" sizes=\"(max-width: 724px) 100vw, 724px\" \/><\/figure>\n","protected":false},"excerpt":{"rendered":"<p>Ja la tenim aqu\u00ed! Reserveu-vos la data!El primer diumenge d&#8217;octubre torna La Fira de la Bisbal del Pened\u00e8s amb activitats per a petits i grans durant tot el dia. \u00a1Ya &hellip; <a href=\"https:\/\/bisbalpenedes.com\/web\/2022\/09\/23\/el-diumenge-2-doctubre-celebrarem-la-fira-de-la-bisbal-del-penedes-reserveu-vos-la-data\/\" class=\"more-link\">Read More<\/a><\/p>\n","protected":false},"author":4,"featured_media":23374,"comment_status":"closed","ping_status":"closed","sticky":false,"template":"","format":"standard","meta":[],"categories":[2942,3860,13,8],"tags":[459,393,2362],"_links":{"self":[{"href":"https:\/\/bisbalpenedes.com\/web\/wp-json\/wp\/v2\/posts\/23372"}],"collection":[{"href":"https:\/\/bisbalpenedes.com\/web\/wp-json\/wp\/v2\/posts"}],"about":[{"href":"https:\/\/bisbalpenedes.com\/web\/wp-json\/wp\/v2\/types\/post"}],"author":[{"embeddable":true,"href":"https:\/\/bisbalpenedes.com\/web\/wp-json\/wp\/v2\/users\/4"}],"replies":[{"embeddable":true,"href":"https:\/\/bisbalpenedes.com\/web\/wp-json\/wp\/v2\/comments?post=23372"}],"version-history":[{"count":1,"href":"https:\/\/bisbalpenedes.com\/web\/wp-json\/wp\/v2\/posts\/23372\/revisions"}],"predecessor-version":[{"id":23376,"href":"https:\/\/bisbalpenedes.com\/web\/wp-json\/wp\/v2\/posts\/23372\/revisions\/23376"}],"wp:featuredmedia":[{"embeddable":true,"href":"https:\/\/bisbalpenedes.com\/web\/wp-json\/wp\/v2\/media\/23374"}],"wp:attachment":[{"href":"https:\/\/bisbalpenedes.com\/web\/wp-json\/wp\/v2\/media?parent=23372"}],"wp:term":[{"taxonomy":"category","embeddable":true,"href":"https:\/\/bisbalpenedes.com\/web\/wp-json\/wp\/v2\/categories?post=23372"},{"taxonomy":"post_tag","embeddable":true,"href":"https:\/\/bisbalpenedes.com\/web\/wp-json\/wp\/v2\/tags?post=23372"}],"curies":[{"name":"wp","href":"https:\/\/api.w.org\/{rel}","templated":true}]}}