{"id":23363,"date":"2022-09-23T13:08:13","date_gmt":"2022-09-23T11:08:13","guid":{"rendered":"https:\/\/bisbalpenedes.com\/web\/?p=23363"},"modified":"2022-09-23T13:09:48","modified_gmt":"2022-09-23T11:09:48","slug":"missatge-de-lalcaldessa-amb-motiu-de-la-participacio-de-la-colla-castellera-al-concurs-de-castells","status":"publish","type":"post","link":"https:\/\/bisbalpenedes.com\/web\/2022\/09\/23\/missatge-de-lalcaldessa-amb-motiu-de-la-participacio-de-la-colla-castellera-al-concurs-de-castells\/","title":{"rendered":"V\u00eddeo: missatge de l&#8217;alcaldessa amb motiu de la participaci\u00f3 de la colla castellera al Concurs de Castells"},"content":{"rendered":"\n<div><p><iframe loading=\"lazy\" src=\"https:\/\/www.facebook.com\/plugins\/video.php?height=314&amp;href=https%3A%2F%2Fwww.facebook.com%2FBisbalPenedes%2Fvideos%2F814820519551021%2F&amp;show_text=false&amp;width=560&amp;t=0\" width=\"560\" height=\"314\" style=\"border:none;overflow:hidden\" scrolling=\"no\" frameborder=\"0\" allowfullscreen=\"true\" allow=\"autoplay; clipboard-write; encrypted-media; picture-in-picture; web-share\"><\/iframe><\/p><p>\n<\/p><div class=\"m8h3af8h l7ghb35v kjdc1dyq kmwttqpk gh25dzvf n3t5jt4f\" style=\"overflow-wrap: break-word; margin: 0px; white-space: pre-wrap; font-family: system-ui, -apple-system, &quot;system-ui&quot;, &quot;.SFNSText-Regular&quot;, sans-serif; color: rgb(5, 5, 5); font-size: 15px;\"><div dir=\"auto\" style=\"font-family: inherit;\">Missatge de l&#8217;alcaldessa de La Bisbal del Pened\u00e8s, Agn\u00e8s Ferr\u00e9, amb motiu de la participaci\u00f3 de la <span style=\"font-family: inherit;\"><a class=\"qi72231t nu7423ey n3hqoq4p r86q59rh b3qcqh3k fq87ekyn bdao358l fsf7x5fv rse6dlih s5oniofx m8h3af8h l7ghb35v kjdc1dyq kmwttqpk srn514ro oxkhqvkx rl78xhln nch0832m cr00lzj9 rn8ck1ys s3jn8y49 icdlwmnq cxfqmxzd d1w2l3lo tes86rjd\" href=\"https:\/\/www.facebook.com\/BousBisbal\/?__cft__%5B0%5D=AZV__n6umd8ODH8gU6TdTs5ZHEtJnIUyHQv-ajk3v7kxyQEjx-9J3x4akFJdB67yc7zXf4xoJ7q_2tgpwD-Qj5to8hKg2g2Y6et6EuKDtaLZUS8fgAckFE4SgrCL3atHAT6d8VG0iwUlnuwEmkI8Up2Yj-YBUmAONnGyVPgLNoCKG29voag_SY7EHrgqBpTew3U&amp;__tn__=kK-R\" role=\"link\" tabindex=\"0\" style=\"color: var(--accent); cursor: pointer; outline: none; list-style: none; border-width: 0px; border-style: initial; border-color: initial; text-align: inherit; margin: 0px; padding: 0px; -webkit-tap-highlight-color: transparent; display: inline; touch-action: manipulation; font-family: inherit;\">Colla Castellera La Bisbal del Pened\u00e8s &#8211; Bous<\/a><\/span>  al Concurs de Castells el proper diumenge 25 de setembre, a Torredembarra.<\/div><\/div><div class=\"l7ghb35v kjdc1dyq kmwttqpk gh25dzvf jikcssrz n3t5jt4f\" style=\"overflow-wrap: break-word; margin: 0.5em 0px 0px; white-space: pre-wrap; font-family: system-ui, -apple-system, &quot;system-ui&quot;, &quot;.SFNSText-Regular&quot;, sans-serif; color: rgb(5, 5, 5); font-size: 15px;\"><div dir=\"auto\" style=\"font-family: inherit;\"><span class=\"fxk3tzhb b2rh1bv3 gh55jysx m8h3af8h ewco64xe kjdc1dyq ms56khn7 bq6c9xl4 eohcrkr5 akh3l2rg\" style=\"width: 16px; vertical-align: middle; height: 16px; margin: 0px 1px; display: inline-flex; font-family: inherit;\"><img loading=\"lazy\" height=\"16\" width=\"16\" alt=\"\u2796\" referrerpolicy=\"origin-when-cross-origin\" src=\"https:\/\/static.xx.fbcdn.net\/images\/emoji.php\/v9\/tcc\/2\/16\/2796.png\"><\/span><\/div><\/div><div class=\"l7ghb35v kjdc1dyq kmwttqpk gh25dzvf jikcssrz n3t5jt4f\" style=\"overflow-wrap: break-word; margin: 0.5em 0px 0px; white-space: pre-wrap; font-family: system-ui, -apple-system, &quot;system-ui&quot;, &quot;.SFNSText-Regular&quot;, sans-serif; color: rgb(5, 5, 5); font-size: 15px;\"><div dir=\"auto\" style=\"font-family: inherit;\">Mensaje de la alcaldesa de la Bisbal del Pened\u00e8s, Agn\u00e8s Ferr\u00e9, con motivo de la participaci\u00f3n de la Colla Castellera de la Bisbal del Pened\u00e8s &#8211; Bous en el &#8216;Concurs de Castells&#8217; el pr\u00f3ximo domingo 25 de septiembre, en Torredembarra.<\/div><\/div><div class=\"l7ghb35v kjdc1dyq kmwttqpk gh25dzvf jikcssrz n3t5jt4f\" style=\"overflow-wrap: break-word; margin: 0.5em 0px 0px; white-space: pre-wrap; font-family: system-ui, -apple-system, &quot;system-ui&quot;, &quot;.SFNSText-Regular&quot;, sans-serif; color: rgb(5, 5, 5); font-size: 15px;\"><br><\/div><div class=\"l7ghb35v kjdc1dyq kmwttqpk gh25dzvf jikcssrz n3t5jt4f\" style=\"overflow-wrap: break-word; margin: 0.5em 0px 0px; white-space: pre-wrap; font-family: system-ui, -apple-system, &quot;system-ui&quot;, &quot;.SFNSText-Regular&quot;, sans-serif; color: rgb(5, 5, 5); font-size: 15px;\"><br><\/div><\/div>\n","protected":false},"excerpt":{"rendered":"<p>Missatge de l&#8217;alcaldessa de La Bisbal del Pened\u00e8s, Agn\u00e8s Ferr\u00e9, amb motiu de la participaci\u00f3 de la Colla Castellera La Bisbal del Pened\u00e8s &#8211; Bous al Concurs de Castells el &hellip; <a href=\"https:\/\/bisbalpenedes.com\/web\/2022\/09\/23\/missatge-de-lalcaldessa-amb-motiu-de-la-participacio-de-la-colla-castellera-al-concurs-de-castells\/\" class=\"more-link\">Read More<\/a><\/p>\n","protected":false},"author":4,"featured_media":23365,"comment_status":"closed","ping_status":"closed","sticky":false,"template":"","format":"standard","meta":[],"categories":[2057,8],"tags":[1151,2092,459,377,1217,393,1374],"_links":{"self":[{"href":"https:\/\/bisbalpenedes.com\/web\/wp-json\/wp\/v2\/posts\/23363"}],"collection":[{"href":"https:\/\/bisbalpenedes.com\/web\/wp-json\/wp\/v2\/posts"}],"about":[{"href":"https:\/\/bisbalpenedes.com\/web\/wp-json\/wp\/v2\/types\/post"}],"author":[{"embeddable":true,"href":"https:\/\/bisbalpenedes.com\/web\/wp-json\/wp\/v2\/users\/4"}],"replies":[{"embeddable":true,"href":"https:\/\/bisbalpenedes.com\/web\/wp-json\/wp\/v2\/comments?post=23363"}],"version-history":[{"count":4,"href":"https:\/\/bisbalpenedes.com\/web\/wp-json\/wp\/v2\/posts\/23363\/revisions"}],"predecessor-version":[{"id":23370,"href":"https:\/\/bisbalpenedes.com\/web\/wp-json\/wp\/v2\/posts\/23363\/revisions\/23370"}],"wp:featuredmedia":[{"embeddable":true,"href":"https:\/\/bisbalpenedes.com\/web\/wp-json\/wp\/v2\/media\/23365"}],"wp:attachment":[{"href":"https:\/\/bisbalpenedes.com\/web\/wp-json\/wp\/v2\/media?parent=23363"}],"wp:term":[{"taxonomy":"category","embeddable":true,"href":"https:\/\/bisbalpenedes.com\/web\/wp-json\/wp\/v2\/categories?post=23363"},{"taxonomy":"post_tag","embeddable":true,"href":"https:\/\/bisbalpenedes.com\/web\/wp-json\/wp\/v2\/tags?post=23363"}],"curies":[{"name":"wp","href":"https:\/\/api.w.org\/{rel}","templated":true}]}}