{"id":23360,"date":"2022-09-23T13:06:23","date_gmt":"2022-09-23T11:06:23","guid":{"rendered":"https:\/\/bisbalpenedes.com\/web\/?p=23360"},"modified":"2022-09-23T13:06:23","modified_gmt":"2022-09-23T11:06:23","slug":"video-la-colla-castellera-de-la-bisbal-participara-diumenge-al-concurs-de-castells","status":"publish","type":"post","link":"https:\/\/bisbalpenedes.com\/web\/2022\/09\/23\/video-la-colla-castellera-de-la-bisbal-participara-diumenge-al-concurs-de-castells\/","title":{"rendered":"V\u00eddeo: la Colla castellera de la Bisbal participar\u00e0 diumenge al Concurs de Castells"},"content":{"rendered":"\n<div><p><iframe loading=\"lazy\" src=\"https:\/\/www.facebook.com\/plugins\/video.php?height=314&amp;href=https%3A%2F%2Fwww.facebook.com%2FBisbalPenedes%2Fvideos%2F5400038256759881%2F&amp;show_text=false&amp;width=560&amp;t=0\" width=\"560\" height=\"314\" style=\"border:none;overflow:hidden\" scrolling=\"no\" frameborder=\"0\" allowfullscreen=\"true\" allow=\"autoplay; clipboard-write; encrypted-media; picture-in-picture; web-share\"><\/iframe><\/p><p>\n<\/p><p class=\"p1\" style=\"text-align: justify; margin-bottom: 0px; font-variant-numeric: normal; font-variant-east-asian: normal; font-stretch: normal; font-size: 13px; line-height: normal; font-family: &quot;Helvetica Neue&quot;;\"><b>El proper diumenge tindr\u00e0 lloc la jornada del Concurs de Castells que se celebra a Torredembarra i, en aquesta edici\u00f3, comptar\u00e0 amb la participaci\u00f3 de la colla local,<span class=\"Apple-converted-space\">&nbsp;<\/span><\/b><\/p><p class=\"p1\" style=\"text-align: justify; margin-bottom: 0px; font-variant-numeric: normal; font-variant-east-asian: normal; font-stretch: normal; font-size: 13px; line-height: normal; font-family: &quot;Helvetica Neue&quot;;\"><b>Hem recollit les impressions del cap de colla i del president de l&#8217;entitat i les compartim amb tots i totes vosaltres en aquest v\u00eddeo.<\/b><\/p><p class=\"p2\" style=\"text-align: justify; margin-bottom: 0px; font-variant-numeric: normal; font-variant-east-asian: normal; font-stretch: normal; font-size: 13px; line-height: normal; font-family: &quot;Helvetica Neue&quot;; min-height: 15px;\"><b><br><\/b><\/p><p class=\"p1\" style=\"text-align: justify; margin-bottom: 0px; font-variant-numeric: normal; font-variant-east-asian: normal; font-stretch: normal; font-size: 13px; line-height: normal; font-family: &quot;Helvetica Neue&quot;;\"><b>&#8212;<\/b><\/p><p class=\"p2\" style=\"text-align: justify; margin-bottom: 0px; font-variant-numeric: normal; font-variant-east-asian: normal; font-stretch: normal; font-size: 13px; line-height: normal; font-family: &quot;Helvetica Neue&quot;; min-height: 15px;\"><b><br><\/b><\/p><p class=\"p1\" style=\"text-align: justify; margin-bottom: 0px; font-variant-numeric: normal; font-variant-east-asian: normal; font-stretch: normal; font-size: 13px; line-height: normal; font-family: &quot;Helvetica Neue&quot;;\"><b>El pr\u00f3ximo domingo tendr\u00e1 lugar la jornada del &#8216;Concurs de Castells&#8217; que se celebra en Torredembarra y, en esta edici\u00f3n, contar\u00e1 con la participaci\u00f3n de la colla local: la Colla Castellera de la Bisbal del Pened\u00e8s &#8211; Bous.<span class=\"Apple-converted-space\">&nbsp;<\/span><\/b><\/p><p class=\"p1\" style=\"text-align: justify; margin-bottom: 0px; font-variant-numeric: normal; font-variant-east-asian: normal; font-stretch: normal; font-size: 13px; line-height: normal; font-family: &quot;Helvetica Neue&quot;;\"><b>Hemos recogido las impresiones del cap de colla y del presidente de la entidad y las compartimos con todos y todas vosotras en este v\u00eddeo.<\/b><\/p><p class=\"p2\" style=\"margin-bottom: 0px; font-variant-numeric: normal; font-variant-east-asian: normal; font-stretch: normal; font-size: 13px; line-height: normal; font-family: &quot;Helvetica Neue&quot;; min-height: 15px;\"><br><\/p><p class=\"p1\" style=\"margin-bottom: 0px; font-variant-numeric: normal; font-variant-east-asian: normal; font-stretch: normal; font-size: 13px; line-height: normal; font-family: &quot;Helvetica Neue&quot;;\"><br><\/p><p class=\"p1\" style=\"margin-bottom: 0px; font-variant-numeric: normal; font-variant-east-asian: normal; font-stretch: normal; font-size: 13px; line-height: normal; font-family: &quot;Helvetica Neue&quot;;\"><br><\/p><\/div>\n","protected":false},"excerpt":{"rendered":"<p>El proper diumenge tindr\u00e0 lloc la jornada del Concurs de Castells que se celebra a Torredembarra i, en aquesta edici\u00f3, comptar\u00e0 amb la participaci\u00f3 de la colla local,&nbsp; Hem recollit &hellip; <a href=\"https:\/\/bisbalpenedes.com\/web\/2022\/09\/23\/video-la-colla-castellera-de-la-bisbal-participara-diumenge-al-concurs-de-castells\/\" class=\"more-link\">Read More<\/a><\/p>\n","protected":false},"author":4,"featured_media":23361,"comment_status":"closed","ping_status":"closed","sticky":false,"template":"","format":"standard","meta":[],"categories":[20],"tags":[378,377,4302,1217,393,5504],"_links":{"self":[{"href":"https:\/\/bisbalpenedes.com\/web\/wp-json\/wp\/v2\/posts\/23360"}],"collection":[{"href":"https:\/\/bisbalpenedes.com\/web\/wp-json\/wp\/v2\/posts"}],"about":[{"href":"https:\/\/bisbalpenedes.com\/web\/wp-json\/wp\/v2\/types\/post"}],"author":[{"embeddable":true,"href":"https:\/\/bisbalpenedes.com\/web\/wp-json\/wp\/v2\/users\/4"}],"replies":[{"embeddable":true,"href":"https:\/\/bisbalpenedes.com\/web\/wp-json\/wp\/v2\/comments?post=23360"}],"version-history":[{"count":1,"href":"https:\/\/bisbalpenedes.com\/web\/wp-json\/wp\/v2\/posts\/23360\/revisions"}],"predecessor-version":[{"id":23362,"href":"https:\/\/bisbalpenedes.com\/web\/wp-json\/wp\/v2\/posts\/23360\/revisions\/23362"}],"wp:featuredmedia":[{"embeddable":true,"href":"https:\/\/bisbalpenedes.com\/web\/wp-json\/wp\/v2\/media\/23361"}],"wp:attachment":[{"href":"https:\/\/bisbalpenedes.com\/web\/wp-json\/wp\/v2\/media?parent=23360"}],"wp:term":[{"taxonomy":"category","embeddable":true,"href":"https:\/\/bisbalpenedes.com\/web\/wp-json\/wp\/v2\/categories?post=23360"},{"taxonomy":"post_tag","embeddable":true,"href":"https:\/\/bisbalpenedes.com\/web\/wp-json\/wp\/v2\/tags?post=23360"}],"curies":[{"name":"wp","href":"https:\/\/api.w.org\/{rel}","templated":true}]}}