{"id":23356,"date":"2022-09-23T13:02:44","date_gmt":"2022-09-23T11:02:44","guid":{"rendered":"https:\/\/bisbalpenedes.com\/web\/?p=23356"},"modified":"2022-09-23T13:02:44","modified_gmt":"2022-09-23T11:02:44","slug":"nova-formacio-per-a-joves-de-16-a-29-anys-vetllador-a-monitor-a-de-menjador-i-transport-escolar","status":"publish","type":"post","link":"https:\/\/bisbalpenedes.com\/web\/2022\/09\/23\/nova-formacio-per-a-joves-de-16-a-29-anys-vetllador-a-monitor-a-de-menjador-i-transport-escolar\/","title":{"rendered":"Nova formaci\u00f3 per a joves de 16 a 29 anys: vetllador\/a, monitor\/a de menjador i transport escolar"},"content":{"rendered":"\n<p>Del 21 d&#8217;octubre al 21 de desembre La Bisbal del Pened\u00e8s acollir\u00e0 una nova formaci\u00f3 gratu\u00efta, promoguda des de la Cambra de Comer\u00e7 de Tarragona i Jove Baix Pened\u00e8s i adre\u00e7ada a joves d&#8217;entre 16 i 29 anys inscrits en el programa de Garantia Juvenil.<\/p>\n\n\n\n<ul><li> Vetllador\/a<\/li><\/ul>\n\n\n\n<ul><li> Monitor\/a de menjador<\/li><\/ul>\n\n\n\n<ul><li>Monitor\/a de transport escolar<\/li><\/ul>\n\n\n\n<p>Els interessats i les interessades us haureu d&#8217;inscriure al web de la Cambra de Comer\u00e7: <a rel=\"noreferrer noopener\" href=\"https:\/\/www.cambratgn.com\/cursos-presencials\/jornada\/369-vetllador-a-monitor-a-de-transport-i-menjador-escolar\" target=\"_blank\">https:\/\/www.cambratgn.com\/cursos-presencials\/jornada\/369-vetllador-a-monitor-a-de-transport-i-menjador-escolar<\/a><\/p>\n\n\n\n<hr class=\"wp-block-separator has-alpha-channel-opacity\"\/>\n\n\n\n<p>Del 21 de octubre al 21 de diciembre La Bisbal del Pened\u00e8s acoger\u00e1 una nueva formaci\u00f3n gratuita, promovida desde la C\u00e1mara de Comercio de Tarragona y Jove Baix Pened\u00e8s y dirigida a j\u00f3venes de entre 16 y 29 a\u00f1os iunscritos en el programa de Garant\u00eda Juvenil.<\/p>\n\n\n\n<ul><li>Velador\/a<\/li><li>Monitor\/a de comedor<\/li><li>Monitor\/a de transporte escolar<\/li><\/ul>\n\n\n\n<p>Los interesados y las interesadas os tendr\u00e9is que inscribir en la web de la C\u00e1mara de Comercio: <a rel=\"noreferrer noopener\" href=\"https:\/\/www.cambratgn.com\/cursos-presencials\/jornada\/369-vetllador-a-monitor-a-de-transport-i-menjador-escolar\" target=\"_blank\">https:\/\/www.cambratgn.com\/cursos-presencials\/jornada\/369-vetllador-a-monitor-a-de-transport-i-menjador-escolar<\/a><\/p>\n","protected":false},"excerpt":{"rendered":"<p>Del 21 d&#8217;octubre al 21 de desembre La Bisbal del Pened\u00e8s acollir\u00e0 una nova formaci\u00f3 gratu\u00efta, promoguda des de la Cambra de Comer\u00e7 de Tarragona i Jove Baix Pened\u00e8s i &hellip; <a href=\"https:\/\/bisbalpenedes.com\/web\/2022\/09\/23\/nova-formacio-per-a-joves-de-16-a-29-anys-vetllador-a-monitor-a-de-menjador-i-transport-escolar\/\" class=\"more-link\">Read More<\/a><\/p>\n","protected":false},"author":4,"featured_media":23358,"comment_status":"closed","ping_status":"closed","sticky":false,"template":"","format":"standard","meta":[],"categories":[8,9],"tags":[4081,12,1067,1057,505,393,246,5501,5497,5498,5502,5503,5499,5500],"_links":{"self":[{"href":"https:\/\/bisbalpenedes.com\/web\/wp-json\/wp\/v2\/posts\/23356"}],"collection":[{"href":"https:\/\/bisbalpenedes.com\/web\/wp-json\/wp\/v2\/posts"}],"about":[{"href":"https:\/\/bisbalpenedes.com\/web\/wp-json\/wp\/v2\/types\/post"}],"author":[{"embeddable":true,"href":"https:\/\/bisbalpenedes.com\/web\/wp-json\/wp\/v2\/users\/4"}],"replies":[{"embeddable":true,"href":"https:\/\/bisbalpenedes.com\/web\/wp-json\/wp\/v2\/comments?post=23356"}],"version-history":[{"count":1,"href":"https:\/\/bisbalpenedes.com\/web\/wp-json\/wp\/v2\/posts\/23356\/revisions"}],"predecessor-version":[{"id":23359,"href":"https:\/\/bisbalpenedes.com\/web\/wp-json\/wp\/v2\/posts\/23356\/revisions\/23359"}],"wp:featuredmedia":[{"embeddable":true,"href":"https:\/\/bisbalpenedes.com\/web\/wp-json\/wp\/v2\/media\/23358"}],"wp:attachment":[{"href":"https:\/\/bisbalpenedes.com\/web\/wp-json\/wp\/v2\/media?parent=23356"}],"wp:term":[{"taxonomy":"category","embeddable":true,"href":"https:\/\/bisbalpenedes.com\/web\/wp-json\/wp\/v2\/categories?post=23356"},{"taxonomy":"post_tag","embeddable":true,"href":"https:\/\/bisbalpenedes.com\/web\/wp-json\/wp\/v2\/tags?post=23356"}],"curies":[{"name":"wp","href":"https:\/\/api.w.org\/{rel}","templated":true}]}}