{"id":23333,"date":"2022-09-22T20:03:06","date_gmt":"2022-09-22T18:03:06","guid":{"rendered":"https:\/\/bisbalpenedes.com\/web\/?p=23333"},"modified":"2022-09-23T09:56:17","modified_gmt":"2022-09-23T07:56:17","slug":"el-tribunal-ha-valorat-els-merits-i-ha-proposat-les-dues-persones-amb-mes-puntuacio-per-ocupar-les-dues-places-de-peo-de-brigada-dobres-publiques-i-reparacions","status":"publish","type":"post","link":"https:\/\/bisbalpenedes.com\/web\/2022\/09\/22\/el-tribunal-ha-valorat-els-merits-i-ha-proposat-les-dues-persones-amb-mes-puntuacio-per-ocupar-les-dues-places-de-peo-de-brigada-dobres-publiques-i-reparacions\/","title":{"rendered":"El Tribunal ha valorat els m\u00e8rits i ha proposat les dues persones amb m\u00e9s puntuaci\u00f3 per ocupar les dues places de pe\u00f3 de brigada d\u2019obres p\u00fabliques i reparacions"},"content":{"rendered":"\n<p>Aquest dimecres 21 de setembre s\u2019ha reunit el Tribunal per a la provisi\u00f3 de dues places de pe\u00f3 de brigada per a obres p\u00fabliques i reparacions. De les 13 persones candidates admeses, 7 havien de fer la prova de catal\u00e0 i totes elles van resultar aptes en la prova de nivell A2 (b\u00e0sic) que van realitzar el 19 de setembre. Finalment, les 13 persones presentades van ser admeses en el proc\u00e9s selectiu i el Tribunal ha valorat el m\u00e8rit de totes elles.<\/p>\n\n\n\n<p>El Tribunal est\u00e0 format per un funcionari de la Diputaci\u00f3 de Tarragona, un funcionari d\u2019un ajuntament de la comarca i un funcionari de l\u2019Ajuntament de la Bisbal del Pened\u00e8s, i ha proposat les persones candidates amb m\u00e9s puntuaci\u00f3 per a les dues places de pe\u00f3 de brigada d\u2019obres p\u00fabliques i reparacions per m\u00e8rits, amb 70 i 50,25 punts. Els candidats tindran un termini m\u00e0xim de vint dies h\u00e0bils des de l\u2019endem\u00e0 de la publicaci\u00f3 del resultat del proc\u00e9s selectiu al Butllet\u00ed Oficial de la Prov\u00edncia de Tarragona (BOPT) per presentar la documentaci\u00f3 exigida.<\/p>\n\n\n\n<p>Podeu consultar les actes aqu\u00ed: &nbsp;<a href=\"https:\/\/bisbalpenedes.eadministracio.cat\/transparency\/7462ec65-0078-4c02-9828-cf666426bf78\/\">https:\/\/bisbalpenedes.eadministracio.cat\/transparency\/7462ec65-0078-4c02-9828-cf666426bf78\/<\/a><\/p>\n\n\n\n<p>Enlla\u00e7 a l\u2019acta de les proves de catal\u00e0: <a href=\"https:\/\/bisbalpenedes.com\/web\/wp-content\/uploads\/2022\/09\/20220922_ACTA-TRIBUNAL-CONEIX-DE-LLENGUES-Convocatoria-de-2-plaes-de-peo-de-brigada-OBRES-I-REPARACIONS-per-concurs-lliure.pdf\" target=\"_blank\" rel=\"noreferrer noopener\">https:\/\/bisbalpenedes.com\/web\/wp-content\/uploads\/2022\/09\/20220922_ACTA-TRIBUNAL-CONEIX-DE-LLENGUES-Convocatoria-de-2-plaes-de-peo-de-brigada-OBRES-I-REPARACIONS-per-concurs-lliure.pdf<\/a><\/p>\n\n\n\n<p>Enlla\u00e7 a l\u2019acta de la valoraci\u00f3 de m\u00e8rits: <a href=\"https:\/\/bisbalpenedes.com\/web\/wp-content\/uploads\/2022\/09\/20220922_ACTA-TRIBUNAL-VALORACIo-DE-MERITS-Convocatoria-de-2-places-de-peo-de-brigada-OBRES-I-REPARACIONS-per-concurs-lliure.pdf\" target=\"_blank\" rel=\"noreferrer noopener\">https:\/\/bisbalpenedes.com\/web\/wp-content\/uploads\/2022\/09\/20220922_ACTA-TRIBUNAL-VALORACIo-DE-MERITS-Convocatoria-de-2-places-de-peo-de-brigada-OBRES-I-REPARACIONS-per-concurs-lliure.pdf<\/a><\/p>\n\n\n\n<hr class=\"wp-block-separator has-alpha-channel-opacity\"\/>\n\n\n\n<p><strong>CASTELLANO |<\/strong> Este mi\u00e9rcoles 21 de septiembre se ha reunido el Tribunal para la provisi\u00f3n de dos plazas de pe\u00f3n de brigada para obras p\u00fablicas y reparaciones. De las 13 personas candidatas admitidas, 7 ten\u00edan que hacer la prueba de catal\u00e1n y todas ellas resultaron aptas en la prueba de nivel A2 (b\u00e1sico) que realizaron el 19 de septiembre. Finalmente, las 13 personas presentadas fueron admitidas en el proceso selectivo y el Tribunal ha valorado el m\u00e9rito de todas ellas.<\/p>\n\n\n\n<p>El Tribunal est\u00e1 formado por un funcionario de la Diputaci\u00f3n de Tarragona, un funcionario de un ayuntamiento de la comarca y un funcionario del Ayuntamiento de la Bisbal del Pened\u00e8s, y ha propuesto a las personas candidatas con m\u00e1s puntuaci\u00f3n para las dos plazas de pe\u00f3n de brigada de obras p\u00fablicas y reparaciones por m\u00e9ritos, con 70 y 50,25 puntos. Los candidatos tendr\u00e1n un m\u00e1ximo de veinte d\u00edas h\u00e1biles desde el d\u00eda siguiente de la publicaci\u00f3n del resultado del proceso selectivo en el Bolet\u00edn Oficial de la Provincia de Tarragona (BOPT) para presentar la documentaci\u00f3n exigida.<\/p>\n\n\n\n<p>Pod\u00e9is consultar las actas aqu\u00ed: &nbsp;<a href=\"https:\/\/bisbalpenedes.eadministracio.cat\/transparency\/7462ec65-0078-4c02-9828-cf666426bf78\/\">https:\/\/bisbalpenedes.eadministracio.cat\/transparency\/7462ec65-0078-4c02-9828-cf666426bf78\/<\/a><\/p>\n\n\n\n<p>Enlace al acta de las pruebas de catal\u00e1n: <a href=\"https:\/\/bisbalpenedes.com\/web\/wp-content\/uploads\/2022\/09\/20220922_ACTA-TRIBUNAL-CONEIX-DE-LLENGUES-Convocatoria-de-2-plaes-de-peo-de-brigada-OBRES-I-REPARACIONS-per-concurs-lliure.pdf\" target=\"_blank\" rel=\"noreferrer noopener\">https:\/\/bisbalpenedes.com\/web\/wp-content\/uploads\/2022\/09\/20220922_ACTA-TRIBUNAL-CONEIX-DE-LLENGUES-Convocatoria-de-2-plaes-de-peo-de-brigada-OBRES-I-REPARACIONS-per-concurs-lliure.pdf<\/a><\/p>\n\n\n\n<p>Enlace al acta de la valoraci\u00f3n de m\u00e9ritos: <a href=\"https:\/\/bisbalpenedes.com\/web\/wp-content\/uploads\/2022\/09\/20220922_ACTA-TRIBUNAL-VALORACIo-DE-MERITS-Convocatoria-de-2-places-de-peo-de-brigada-OBRES-I-REPARACIONS-per-concurs-lliure.pdf\" target=\"_blank\" rel=\"noreferrer noopener\">https:\/\/bisbalpenedes.com\/web\/wp-content\/uploads\/2022\/09\/20220922_ACTA-TRIBUNAL-VALORACIo-DE-MERITS-Convocatoria-de-2-places-de-peo-de-brigada-OBRES-I-REPARACIONS-per-concurs-lliure.pdf<\/a><\/p>\n","protected":false},"excerpt":{"rendered":"<p>Aquest dimecres 21 de setembre s\u2019ha reunit el Tribunal per a la provisi\u00f3 de dues places de pe\u00f3 de brigada per a obres p\u00fabliques i reparacions. De les 13 persones &hellip; <a href=\"https:\/\/bisbalpenedes.com\/web\/2022\/09\/22\/el-tribunal-ha-valorat-els-merits-i-ha-proposat-les-dues-persones-amb-mes-puntuacio-per-ocupar-les-dues-places-de-peo-de-brigada-dobres-publiques-i-reparacions\/\" class=\"more-link\">Read More<\/a><\/p>\n","protected":false},"author":4,"featured_media":23101,"comment_status":"closed","ping_status":"closed","sticky":false,"template":"","format":"standard","meta":[],"categories":[2402,8],"tags":[459,5496,5495,1374,5471,4005],"_links":{"self":[{"href":"https:\/\/bisbalpenedes.com\/web\/wp-json\/wp\/v2\/posts\/23333"}],"collection":[{"href":"https:\/\/bisbalpenedes.com\/web\/wp-json\/wp\/v2\/posts"}],"about":[{"href":"https:\/\/bisbalpenedes.com\/web\/wp-json\/wp\/v2\/types\/post"}],"author":[{"embeddable":true,"href":"https:\/\/bisbalpenedes.com\/web\/wp-json\/wp\/v2\/users\/4"}],"replies":[{"embeddable":true,"href":"https:\/\/bisbalpenedes.com\/web\/wp-json\/wp\/v2\/comments?post=23333"}],"version-history":[{"count":3,"href":"https:\/\/bisbalpenedes.com\/web\/wp-json\/wp\/v2\/posts\/23333\/revisions"}],"predecessor-version":[{"id":23355,"href":"https:\/\/bisbalpenedes.com\/web\/wp-json\/wp\/v2\/posts\/23333\/revisions\/23355"}],"wp:featuredmedia":[{"embeddable":true,"href":"https:\/\/bisbalpenedes.com\/web\/wp-json\/wp\/v2\/media\/23101"}],"wp:attachment":[{"href":"https:\/\/bisbalpenedes.com\/web\/wp-json\/wp\/v2\/media?parent=23333"}],"wp:term":[{"taxonomy":"category","embeddable":true,"href":"https:\/\/bisbalpenedes.com\/web\/wp-json\/wp\/v2\/categories?post=23333"},{"taxonomy":"post_tag","embeddable":true,"href":"https:\/\/bisbalpenedes.com\/web\/wp-json\/wp\/v2\/tags?post=23333"}],"curies":[{"name":"wp","href":"https:\/\/api.w.org\/{rel}","templated":true}]}}