{"id":23331,"date":"2022-09-22T20:01:16","date_gmt":"2022-09-22T18:01:16","guid":{"rendered":"https:\/\/bisbalpenedes.com\/web\/?p=23331"},"modified":"2022-09-23T09:54:28","modified_gmt":"2022-09-23T07:54:28","slug":"el-tribunal-ha-valorat-els-merits-i-ha-proposat-les-dues-persones-amb-mes-puntuacio-per-ocupar-dues-places-de-peo-de-brigada-per-a-la-jardineria-i-neteja-viaria","status":"publish","type":"post","link":"https:\/\/bisbalpenedes.com\/web\/2022\/09\/22\/el-tribunal-ha-valorat-els-merits-i-ha-proposat-les-dues-persones-amb-mes-puntuacio-per-ocupar-dues-places-de-peo-de-brigada-per-a-la-jardineria-i-neteja-viaria\/","title":{"rendered":"El Tribunal ha valorat els m\u00e8rits i ha proposat les dues persones amb m\u00e9s puntuaci\u00f3 per ocupar dues places de pe\u00f3 de brigada per a la jardineria i neteja vi\u00e0ria"},"content":{"rendered":"\n<p>Aquest dimecres 21 de setembre s\u2019ha reunit el Tribunal per a la provisi\u00f3 de dues places de pe\u00f3 de brigada per a la jardineria i la neteja vi\u00e0ria. De les 15 persones candidates admeses n\u2019hi havia 9 que havien de fer la prova de catal\u00e0. 8 persones van fer la prova de catal\u00e0 de nivell A2 (b\u00e0sic) el 19 de setembre i van resultar aptes. Una novena persona no es va presentar a les proves. Finalment, 14 persones van ser admeses en el proc\u00e9s selectiu i el Tribunal ha valorat els m\u00e8rits de totes elles.<\/p>\n\n\n\n<p>El Tribunal est\u00e0 format per un funcionari de la Diputaci\u00f3 de Tarragona, un funcionari d\u2019un ajuntament de la comarca i un funcionari de l\u2019Ajuntament de la Bisbal del Pened\u00e8s, i ha proposat els candidats amb m\u00e9s puntuaci\u00f3 per a dues places de peons de brigada de jardineria i neteja vi\u00e0ria, amb 60,25 i 60 punts, respectivament. Els candidats tindran un termini m\u00e0xim de vint dies h\u00e0bils des de l\u2019endem\u00e0 de la publicaci\u00f3 del resultat del proc\u00e9s selectiu al Butllet\u00ed Oficial de la Prov\u00edncia de Tarragona (BOPT) per presentar la documentaci\u00f3 exigida.<\/p>\n\n\n\n<p>Podeu consultar les actes aqu\u00ed: &nbsp;<a href=\"https:\/\/bisbalpenedes.eadministracio.cat\/transparency\/7462ec65-0078-4c02-9828-cf666426bf78\/\">https:\/\/bisbalpenedes.eadministracio.cat\/transparency\/7462ec65-0078-4c02-9828-cf666426bf78\/<\/a><\/p>\n\n\n\n<p>Enlla\u00e7 a l\u2019acta de les proves de catal\u00e0: <a href=\"https:\/\/bisbalpenedes.com\/web\/wp-content\/uploads\/2022\/09\/20220922_ACTA-TRIBUNAL-CONEIX-DE-LLENGuES-Convocatoria-de-2-places-de-peo-de-brigada-JARDI-I-NETEJA-VIARIA-per-concurs-lliure.pdf\" target=\"_blank\" rel=\"noreferrer noopener\">https:\/\/bisbalpenedes.com\/web\/wp-content\/uploads\/2022\/09\/20220922_ACTA-TRIBUNAL-CONEIX-DE-LLENGuES-Convocatoria-de-2-places-de-peo-de-brigada-JARDI-I-NETEJA-VIARIA-per-concurs-lliure.pdf<\/a><\/p>\n\n\n\n<p>Enlla\u00e7 a l\u2019acta de la valoraci\u00f3 de m\u00e8rits: <a href=\"https:\/\/bisbalpenedes.com\/web\/wp-content\/uploads\/2022\/09\/20220922_ACTA-TRIBUNAL-VALORACIo-DE-MERITS-Convocatoria-de-2-places-de-peo-de-brigada-JARDI-I-NETEJA-VIaRIA-per-concurs-lliure.pdf\" target=\"_blank\" rel=\"noreferrer noopener\">https:\/\/bisbalpenedes.com\/web\/wp-content\/uploads\/2022\/09\/20220922_ACTA-TRIBUNAL-VALORACIo-DE-MERITS-Convocatoria-de-2-places-de-peo-de-brigada-JARDI-I-NETEJA-VIaRIA-per-concurs-lliure.pdf<\/a><\/p>\n\n\n\n<hr class=\"wp-block-separator has-alpha-channel-opacity\"\/>\n\n\n\n<p><strong>CASTELLANO |<\/strong> Este mi\u00e9rcoles 21 de septiembre se ha reunido el Tribunal para la provisi\u00f3n de dos plazas de pe\u00f3n de brigada para la jardiner\u00eda y la limpieza vial. De las 15 personas candidatas admitidas hab\u00eda 9 que ten\u00edan que hacer la prueba de catal\u00e1n. 8 personas hicieron la prueba de catal\u00e1n de nivel A2 (b\u00e1sico) el 19 de septiembre y resultaron aptas. Una novena persona no se present\u00f3 a las pruebas. Finalmente, 14 personas no fueron admitidas en el proceso selectivo y el Tribunal ha valorado los m\u00e9ritos de todas ellas.<\/p>\n\n\n\n<p>El Tribunal est\u00e1 formado por un funcionario de la Diputaci\u00f3n de Tarragona, un funcionario de un ayuntamiento de la comarca y un funcionario del Ayuntamiento de la Bisbal del Pened\u00e8s, y ha propuesto a los candidatos con m\u00e1s puntuaci\u00f3n para dos plazas de peones de brigada de jardiner\u00eda y limpieza vial, con 60,25 y 60 puntos, respectivamente. Los candidatos tendr\u00e1n un plazo m\u00e1ximo de veinte d\u00edas h\u00e1biles desde el d\u00eda siguiente de la publicaci\u00f3n del resultado del proceso selectivo en el Bolet\u00edn Oficial de la Provincia de Tarragona (BOPT) para presentar la documentaci\u00f3n exigida.<\/p>\n\n\n\n<p>Pod\u00e9is consultar las actas aqu\u00ed: &nbsp;<a href=\"https:\/\/bisbalpenedes.eadministracio.cat\/transparency\/7462ec65-0078-4c02-9828-cf666426bf78\/\">https:\/\/bisbalpenedes.eadministracio.cat\/transparency\/7462ec65-0078-4c02-9828-cf666426bf78\/<\/a><\/p>\n\n\n\n<p>Enlace al acta de las pruebas de catal\u00e1n: <a href=\"https:\/\/bisbalpenedes.com\/web\/wp-content\/uploads\/2022\/09\/20220922_ACTA-TRIBUNAL-CONEIX-DE-LLENGuES-Convocatoria-de-2-places-de-peo-de-brigada-JARDI-I-NETEJA-VIARIA-per-concurs-lliure.pdf\" target=\"_blank\" rel=\"noreferrer noopener\">https:\/\/bisbalpenedes.com\/web\/wp-content\/uploads\/2022\/09\/20220922_ACTA-TRIBUNAL-CONEIX-DE-LLENGuES-Convocatoria-de-2-places-de-peo-de-brigada-JARDI-I-NETEJA-VIARIA-per-concurs-lliure.pdf<\/a><\/p>\n\n\n\n<p>Enlace al acta de la valoraci\u00f3n de m\u00e9ritos: <a href=\"https:\/\/bisbalpenedes.com\/web\/wp-content\/uploads\/2022\/09\/20220922_ACTA-TRIBUNAL-VALORACIo-DE-MERITS-Convocatoria-de-2-places-de-peo-de-brigada-JARDI-I-NETEJA-VIaRIA-per-concurs-lliure.pdf\" target=\"_blank\" rel=\"noreferrer noopener\">https:\/\/bisbalpenedes.com\/web\/wp-content\/uploads\/2022\/09\/20220922_ACTA-TRIBUNAL-VALORACIo-DE-MERITS-Convocatoria-de-2-places-de-peo-de-brigada-JARDI-I-NETEJA-VIaRIA-per-concurs-lliure.pdf<\/a><\/p>\n","protected":false},"excerpt":{"rendered":"<p>Aquest dimecres 21 de setembre s\u2019ha reunit el Tribunal per a la provisi\u00f3 de dues places de pe\u00f3 de brigada per a la jardineria i la neteja vi\u00e0ria. De les &hellip; <a href=\"https:\/\/bisbalpenedes.com\/web\/2022\/09\/22\/el-tribunal-ha-valorat-els-merits-i-ha-proposat-les-dues-persones-amb-mes-puntuacio-per-ocupar-dues-places-de-peo-de-brigada-per-a-la-jardineria-i-neteja-viaria\/\" class=\"more-link\">Read More<\/a><\/p>\n","protected":false},"author":4,"featured_media":23098,"comment_status":"closed","ping_status":"closed","sticky":false,"template":"","format":"standard","meta":[],"categories":[2402,8],"tags":[459,1422,393,5472,5471],"_links":{"self":[{"href":"https:\/\/bisbalpenedes.com\/web\/wp-json\/wp\/v2\/posts\/23331"}],"collection":[{"href":"https:\/\/bisbalpenedes.com\/web\/wp-json\/wp\/v2\/posts"}],"about":[{"href":"https:\/\/bisbalpenedes.com\/web\/wp-json\/wp\/v2\/types\/post"}],"author":[{"embeddable":true,"href":"https:\/\/bisbalpenedes.com\/web\/wp-json\/wp\/v2\/users\/4"}],"replies":[{"embeddable":true,"href":"https:\/\/bisbalpenedes.com\/web\/wp-json\/wp\/v2\/comments?post=23331"}],"version-history":[{"count":4,"href":"https:\/\/bisbalpenedes.com\/web\/wp-json\/wp\/v2\/posts\/23331\/revisions"}],"predecessor-version":[{"id":23351,"href":"https:\/\/bisbalpenedes.com\/web\/wp-json\/wp\/v2\/posts\/23331\/revisions\/23351"}],"wp:featuredmedia":[{"embeddable":true,"href":"https:\/\/bisbalpenedes.com\/web\/wp-json\/wp\/v2\/media\/23098"}],"wp:attachment":[{"href":"https:\/\/bisbalpenedes.com\/web\/wp-json\/wp\/v2\/media?parent=23331"}],"wp:term":[{"taxonomy":"category","embeddable":true,"href":"https:\/\/bisbalpenedes.com\/web\/wp-json\/wp\/v2\/categories?post=23331"},{"taxonomy":"post_tag","embeddable":true,"href":"https:\/\/bisbalpenedes.com\/web\/wp-json\/wp\/v2\/tags?post=23331"}],"curies":[{"name":"wp","href":"https:\/\/api.w.org\/{rel}","templated":true}]}}