{"id":23328,"date":"2022-09-22T19:58:05","date_gmt":"2022-09-22T17:58:05","guid":{"rendered":"https:\/\/bisbalpenedes.com\/web\/?p=23328"},"modified":"2022-09-23T09:51:15","modified_gmt":"2022-09-23T07:51:15","slug":"el-tribunal-ha-valorat-els-merits-i-ha-proposat-la-persona-amb-mes-puntuacio-per-ocupar-la-placa-de-peo-de-brigada-denllumenat-public","status":"publish","type":"post","link":"https:\/\/bisbalpenedes.com\/web\/2022\/09\/22\/el-tribunal-ha-valorat-els-merits-i-ha-proposat-la-persona-amb-mes-puntuacio-per-ocupar-la-placa-de-peo-de-brigada-denllumenat-public\/","title":{"rendered":"El Tribunal ha valorat els m\u00e8rits i ha proposat la persona amb m\u00e9s puntuaci\u00f3 per ocupar la pla\u00e7a de pe\u00f3 de brigada d\u2019enllumenat p\u00fablic"},"content":{"rendered":"\n<p>Aquest dimecres 21 de setembre s\u2019ha reunit el Tribunal per a la provisi\u00f3 d\u2019una pla\u00e7a de pe\u00f3 de brigada per a l\u2019enllumenat p\u00fablic. De les 9 persones presentades en el proc\u00e9s selectiu, sis havien de fer la prova de catal\u00e0 i van resultar aptes en la prova de nivell A2 (b\u00e0sic) que van realitzar el 19 de setembre. Finalment, les 9 persones presentades van ser admeses en el proc\u00e9s selectiu i el Tribunal ha valorat els m\u00e8rits de totes elles.<\/p>\n\n\n\n<p>El Tribunal est\u00e0 format per un funcionari de la Diputaci\u00f3 de Tarragona, un funcionari d\u2019un ajuntament de la comarca i un funcionari de l\u2019Ajuntament de la Bisbal del Pened\u00e8s, i ha proposat la persona candidata amb m\u00e9s puntuaci\u00f3 per a la pla\u00e7a de pe\u00f3 de brigada d\u2019enllumenat p\u00fablic per m\u00e8rits, amb 61,45 punts. El candidat tindr\u00e0 un termini m\u00e0xim de vint dies h\u00e0bils des de l\u2019endem\u00e0 de la publicaci\u00f3 del resultat del proc\u00e9s selectiu al Butllet\u00ed Oficial de la Prov\u00edncia de Tarragona (BOPT) per presentar la documentaci\u00f3 exigida.<\/p>\n\n\n\n<p>Podeu consultar les actes aqu\u00ed: &nbsp;<a href=\"https:\/\/bisbalpenedes.eadministracio.cat\/transparency\/7462ec65-0078-4c02-9828-cf666426bf78\/\">https:\/\/bisbalpenedes.eadministracio.cat\/transparency\/7462ec65-0078-4c02-9828-cf666426bf78\/<\/a><\/p>\n\n\n\n<p>Enlla\u00e7 a l\u2019acta de les proves de catal\u00e0: <a href=\"https:\/\/bisbalpenedes.com\/web\/wp-content\/uploads\/2022\/09\/20220922_ACTA-TRIBUNAL-CONEIX-DE-LLENGUES-Convocatoria-1-plaCa-de-peo-de-brigada-ENLLUMENAT-per-concurs-lliure.pdf\" target=\"_blank\" rel=\"noreferrer noopener\">https:\/\/bisbalpenedes.com\/web\/wp-content\/uploads\/2022\/09\/20220922_ACTA-TRIBUNAL-CONEIX-DE-LLENGUES-Convocatoria-1-plaCa-de-peo-de-brigada-ENLLUMENAT-per-concurs-lliure.pdf<\/a><\/p>\n\n\n\n<p>Enlla\u00e7 a l\u2019acta de la valoraci\u00f3 de m\u00e8rits: <a href=\"https:\/\/bisbalpenedes.com\/web\/wp-content\/uploads\/2022\/09\/20220922_ACTA-TRIBUNAL-VALORACIo-DE-MERITS-Convocatoria-1-plaCa-de-peo-de-brigada-ENLLUMENAT-per-concurs-lliure.pdf\" target=\"_blank\" rel=\"noreferrer noopener\">https:\/\/bisbalpenedes.com\/web\/wp-content\/uploads\/2022\/09\/20220922_ACTA-TRIBUNAL-VALORACIo-DE-MERITS-Convocatoria-1-plaCa-de-peo-de-brigada-ENLLUMENAT-per-concurs-lliure.pdf<\/a><\/p>\n\n\n\n<hr class=\"wp-block-separator has-alpha-channel-opacity\"\/>\n\n\n\n<p><strong>CASTELLANO |<\/strong>&nbsp;Este mi\u00e9rcoles 21 de septiembre se ha reunido el Tribunal para la provisi\u00f3n de una plaza de pe\u00f3n de brigada para el alumbrado p\u00fablico. De las 9 personas presentadas en el proceso selectivo, seis ten\u00edan que hacer la prueba de catal\u00e1n y resultaron aptas en la prueba de nivel A2 (b\u00e1sico) que realizaron el 19 de septiembre. Finalmente, las 9 personas presentadas fueron admitidas en el proceso selectivo y el Tribunal ha valorado los m\u00e9ritos de todas ellas.<\/p>\n\n\n\n<p>El Tribunal est\u00e1 formado por un funcionario de la Diputaci\u00f3n de Tarragona, un funcionario de un ayuntamiento de la comarca y un funcionario del Ayuntamiento de la Bisbal del Pened\u00e8s, y ha propuesto a la persona candidata con m\u00e1s puntuaci\u00f3n para la plaza de pe\u00f3n de brigada de alumbrado p\u00fablico por m\u00e9ritos, con 61,45 puntos. El candidato tendr\u00e1 un plazo m\u00e1ximo de veinte d\u00edas h\u00e1biles desde el d\u00eda siguiente de la publicaci\u00f3n del resultado del proceso selectivo en el Bolet\u00edn Oficial de la Provincia de Tarragona (BOPT) para presentar la documentaci\u00f3n exigida.<\/p>\n\n\n\n<p>Pod\u00e9is consultar las actas aqu\u00ed: &nbsp;<a href=\"https:\/\/bisbalpenedes.eadministracio.cat\/transparency\/7462ec65-0078-4c02-9828-cf666426bf78\/\">https:\/\/bisbalpenedes.eadministracio.cat\/transparency\/7462ec65-0078-4c02-9828-cf666426bf78\/<\/a><\/p>\n\n\n\n<p>Enlace al acta de las pruebas de catal\u00e1n: <a href=\"https:\/\/bisbalpenedes.com\/web\/wp-content\/uploads\/2022\/09\/20220922_ACTA-TRIBUNAL-CONEIX-DE-LLENGUES-Convocatoria-1-plaCa-de-peo-de-brigada-ENLLUMENAT-per-concurs-lliure.pdf\" target=\"_blank\" rel=\"noreferrer noopener\">https:\/\/bisbalpenedes.com\/web\/wp-content\/uploads\/2022\/09\/20220922_ACTA-TRIBUNAL-CONEIX-DE-LLENGUES-Convocatoria-1-plaCa-de-peo-de-brigada-ENLLUMENAT-per-concurs-lliure.pdf<\/a><\/p>\n\n\n\n<p>Enlace al acta de la valoraci\u00f3n de m\u00e9ritos: <a href=\"https:\/\/bisbalpenedes.com\/web\/wp-content\/uploads\/2022\/09\/20220922_ACTA-TRIBUNAL-VALORACIo-DE-MERITS-Convocatoria-1-plaCa-de-peo-de-brigada-ENLLUMENAT-per-concurs-lliure.pdf\" target=\"_blank\" rel=\"noreferrer noopener\">https:\/\/bisbalpenedes.com\/web\/wp-content\/uploads\/2022\/09\/20220922_ACTA-TRIBUNAL-VALORACIo-DE-MERITS-Convocatoria-1-plaCa-de-peo-de-brigada-ENLLUMENAT-per-concurs-lliure.pdf<\/a><\/p>\n","protected":false},"excerpt":{"rendered":"<p>Aquest dimecres 21 de setembre s\u2019ha reunit el Tribunal per a la provisi\u00f3 d\u2019una pla\u00e7a de pe\u00f3 de brigada per a l\u2019enllumenat p\u00fablic. De les 9 persones presentades en el &hellip; <a href=\"https:\/\/bisbalpenedes.com\/web\/2022\/09\/22\/el-tribunal-ha-valorat-els-merits-i-ha-proposat-la-persona-amb-mes-puntuacio-per-ocupar-la-placa-de-peo-de-brigada-denllumenat-public\/\" class=\"more-link\">Read More<\/a><\/p>\n","protected":false},"author":4,"featured_media":23095,"comment_status":"closed","ping_status":"closed","sticky":false,"template":"","format":"standard","meta":[],"categories":[2402,2057,8],"tags":[459,2462,1106,5494,393,5471],"_links":{"self":[{"href":"https:\/\/bisbalpenedes.com\/web\/wp-json\/wp\/v2\/posts\/23328"}],"collection":[{"href":"https:\/\/bisbalpenedes.com\/web\/wp-json\/wp\/v2\/posts"}],"about":[{"href":"https:\/\/bisbalpenedes.com\/web\/wp-json\/wp\/v2\/types\/post"}],"author":[{"embeddable":true,"href":"https:\/\/bisbalpenedes.com\/web\/wp-json\/wp\/v2\/users\/4"}],"replies":[{"embeddable":true,"href":"https:\/\/bisbalpenedes.com\/web\/wp-json\/wp\/v2\/comments?post=23328"}],"version-history":[{"count":4,"href":"https:\/\/bisbalpenedes.com\/web\/wp-json\/wp\/v2\/posts\/23328\/revisions"}],"predecessor-version":[{"id":23347,"href":"https:\/\/bisbalpenedes.com\/web\/wp-json\/wp\/v2\/posts\/23328\/revisions\/23347"}],"wp:featuredmedia":[{"embeddable":true,"href":"https:\/\/bisbalpenedes.com\/web\/wp-json\/wp\/v2\/media\/23095"}],"wp:attachment":[{"href":"https:\/\/bisbalpenedes.com\/web\/wp-json\/wp\/v2\/media?parent=23328"}],"wp:term":[{"taxonomy":"category","embeddable":true,"href":"https:\/\/bisbalpenedes.com\/web\/wp-json\/wp\/v2\/categories?post=23328"},{"taxonomy":"post_tag","embeddable":true,"href":"https:\/\/bisbalpenedes.com\/web\/wp-json\/wp\/v2\/tags?post=23328"}],"curies":[{"name":"wp","href":"https:\/\/api.w.org\/{rel}","templated":true}]}}