{"id":23312,"date":"2022-09-21T13:27:10","date_gmt":"2022-09-21T11:27:10","guid":{"rendered":"https:\/\/bisbalpenedes.com\/web\/?p=23312"},"modified":"2022-09-21T13:27:10","modified_gmt":"2022-09-21T11:27:10","slug":"aquest-dilluns-19-de-setembre-ha-tingut-lloc-el-ple-ordinari-de-lajuntament-de-la-bisbal-del-penedes","status":"publish","type":"post","link":"https:\/\/bisbalpenedes.com\/web\/2022\/09\/21\/aquest-dilluns-19-de-setembre-ha-tingut-lloc-el-ple-ordinari-de-lajuntament-de-la-bisbal-del-penedes\/","title":{"rendered":"Aquest dilluns 19 de setembre ha tingut lloc el Ple ordinari de l&#8217;Ajuntament de la Bisbal del Pened\u00e8s"},"content":{"rendered":"\n<figure class=\"wp-block-embed is-type-video is-provider-youtube wp-block-embed-youtube wp-embed-aspect-16-9 wp-has-aspect-ratio\"><div class=\"wp-block-embed__wrapper\">\n<iframe loading=\"lazy\" title=\"Ajuntament de la Bisbal del Pened\u00e8s. Ple ordinari de 19 de setembre de 2022\" width=\"1170\" height=\"658\" src=\"https:\/\/www.youtube.com\/embed\/CliMb1FGjKE?feature=oembed\" frameborder=\"0\" allow=\"accelerometer; autoplay; clipboard-write; encrypted-media; gyroscope; picture-in-picture\" allowfullscreen><\/iframe>\n<\/div><\/figure>\n\n\n\n<p>Aquest dilluns 19 de setembre, a les 19h, s&#8217;ha celebrat el Ple ordinari de l&#8217;Ajuntament de la Bisbal del Pened\u00e8s, corresponent a aquest trimestre.<\/p>\n\n\n\n<p>A l&#8217;inici del Ple s&#8217;ha disculpat l&#8217;assist\u00e8ncia del regidor Xavier Faura (Units per la Bisbal-FIC).<\/p>\n\n\n\n<p>Al Ple, s&#8217;hi han tractat els seg\u00fcents punts:<\/p>\n\n\n\n<p><strong>1.-Aprovaci\u00f3 de l&#8217;acta del Ple ordinari del 20 de juny de 2022.<\/strong><\/p>\n\n\n\n<p>S&#8217;ha aprovat per unanimitat dels assistents.<\/p>\n\n\n\n<p><strong>2.-Aprovaci\u00f3 de l&#8217;acta del Ple extraordinari del 29 de juliol de 2022.<\/strong><\/p>\n\n\n\n<p>S&#8217;ha aprovat per unanimitat dels assistents.<\/p>\n\n\n\n<p><strong>3.-Aprovaci\u00f3 de l&#8217;acta del Ple extraordinari del 25 d&#8217;agost de 2022.<\/strong><\/p>\n\n\n\n<p>S&#8217;ha aprovat amb els vots a favor de Comprom\u00eds amb la Bisbal (6) , PSC (2) i ERC-AM (1). La regidora d&#8217;Ara la Bisbal, Maguy Antol\u00edn, s&#8217;ha abstingut de votar perqu\u00e8 no va assistir a aquella sessi\u00f3 plen\u00e0ria.<\/p>\n\n\n\n<p><strong>4.-Aprovaci\u00f3 del compte general de l&#8217;exercici 2021.<\/strong><\/p>\n\n\n\n<p>S&#8217;ha aprovat amb els vots a favor de Comprom\u00eds amb la Bisbal (6), els vots en contra d&#8217;Ara la Bisbal (1) i ERC-AM (1), i l&#8217;abstenci\u00f3 del PSC (2).<\/p>\n\n\n\n<p>S&#8217;aprova el Compte General de 2021, despr\u00e9s de la seva aprovaci\u00f3 a la Comissi\u00f3 de Comptes el passat 29 de juliol. Posteriorment, el compte es va publicar al BOP per a la seva exposici\u00f3 p\u00fablica fins al 31 d&#8217;agost, perqu\u00e8 qui ho cregu\u00e9s convenient present\u00e9s al\u00b7legacions o observacions. Com que ning\u00fa ha presentat cap objecci\u00f3, s&#8217;ha elevat al Ple ordinari de setembre, on ha quedat aprovat.<\/p>\n\n\n\n<p>Per tant, s&#8217;ha liquidat el pressupost amb 7.188.458,82\u20ac, perqu\u00e8 s&#8217;hi incorporen m\u00e9s de 2,5 milions d&#8217;euros en modificaci\u00f3 de cr\u00e8dit, provinents del romanent de tresoreria i el super\u00e0vit de 2020. El pressupost aprovat inicial era de 4.592.408,53\u20ac i el super\u00e0vit pressupostari de 1.334.391,20\u20ac.<\/p>\n\n\n\n<p>L&#8217;Ajuntament compleix l&#8217;objectiu d&#8217;estabilitat pressupost\u00e0ria perqu\u00e8 t\u00e9 super\u00e0vit pressupostari i una capacitat de finan\u00e7ament d&#8217;1.465.492\u20ac. Tamb\u00e9 compleix l&#8217;objectiu de la regla de la despesa. El coeficient de deute viu a 31 de desembre de 2021 \u00e9s del 0% i, per tant, compleix amb l&#8217;objectiu del l\u00edmit de deute p\u00fablic, establert en el 110% d&#8217;acord amb la normativa vigent.<\/p>\n\n\n\n<p>L&#8217;alcaldessa de la Bisbal del Pened\u00e8s, Agn\u00e8s Ferr\u00e9, ha explicat que <em>&#8220;els comptes estan sanejats, amb deute zero. Del 2015 al 2012, el pressupost ha crescut un 23,5%, els impostos no han pujat i el deute s&#8217;ha cancel\u00b7lat. Tot plegat ha suposat passar d&#8217;un endeutament de 1.188\u20ac per bisbalenc el 2014 a un endeutament de 0\u20ac per bisbalenc el 31 de desembre de 2021. En 6 anys i mig hem aconseguit un Ajuntament sanejat i sense endeutament. Ho hem aconseguit amb una bona gesti\u00f3, amb m\u00e9s serveis i sense apujar impostos&#8221;.<\/em><\/p>\n\n\n\n<p><strong>5.-Aprovaci\u00f3 del text ref\u00f3s del Pla Parcial urban\u00edstic de les Planes Baixes.<\/strong><\/p>\n\n\n\n<p>S&#8217;ha aprovat amb els vots a favor de Comprom\u00eds amb la Bisbal (6) i el PSC (2) i les abstencions d&#8217;Ara la Bisbal (1) i ERC-AM (1).<\/p>\n\n\n\n<p>La Junta de govern del 28 de febrer va aprovar inicialment la modificaci\u00f3 del Pla parcial de les Planes Baixes per a la creaci\u00f3 d&#8217;una parcel\u00b7la de 52.000m2 al pol\u00edgon industrial de les Planes Baixes. Aquesta modificaci\u00f3 va estar en exposici\u00f3 p\u00fablica i no s&#8217;hi van presentar al\u00b7legacions. Tamb\u00e9 es van sol\u00b7licitar els informes sectorials corresponents, tal com indica l&#8217;article 85.5 del Text ref\u00f3s de la Llei d&#8217;Urbanisme. Per tot aix\u00f2, el 28 d&#8217;abril el Ple va aprovar, provisionalment, la modificaci\u00f3 puntual n\u00fam. 2 del Pla parcial urban\u00edstic Les Planes Baixes per agrupar quatre parcel\u00b7les en una \u00fanica parcel\u00b7la i enviar-ho a la Comissi\u00f3 Territorial d&#8217;Urbanisme per a la seva aprovaci\u00f3 definitiva.<\/p>\n\n\n\n<p>El 29 de juliol va arribar la resoluci\u00f3 de la Comissi\u00f3 Territorial d&#8217;Urbanisme del 19 de juliol, que indicava que aquesta modificaci\u00f3 del Pla parcial quedava suspesa fins que la Comissi\u00f3 Territorial d&#8217;Urbanisme resolgu\u00e9s definitivament la modificaci\u00f3 del text ref\u00f3s de les Normes Subsidi\u00e0ries, que es va aprovar en el Ple extraordinari del 25 d&#8217;agost. No obstant aix\u00f2, el 5 de setembre va entrar a registre una correcci\u00f3 de la resoluci\u00f3 de la Comissi\u00f3 Territorial d&#8217;Urbanisme, referent al Pla Parcial, indicant que tamb\u00e9 s&#8217;havia d&#8217;aprovar un text ref\u00f3s i enviar-lo a la Comissi\u00f3 Territorial d&#8217;Urbanisme perqu\u00e8 poguessin fer l&#8217;aprovaci\u00f3 definitiva, i aix\u00f2 \u00e9s el que s&#8217;ha elevat al Ple: s&#8217;ha introdu\u00eft la modificaci\u00f3 aprovada provisionalment al Ple d&#8217;abril al text de les normes del Pla parcial del pol\u00edgon industrial Les Planes Baixes.<\/p>\n\n\n\n<p><strong>6.-Elecci\u00f3 de la Jutgessa de Pau titular<\/strong><\/p>\n\n\n\n<p>S&#8217;ha aprovat per unanimitat dels assistents.<\/p>\n\n\n\n<p>Els municipis que no compten amb Jutjat de Primera Inst\u00e0ncia i Instrucci\u00f3 i, amb jurisdicci\u00f3 en el terme corresponent, compten amb Jutjat de Pau. El passat mes de juny el jutge de pau titular, Paulino Oviedo, va renunciar volunt\u00e0riament al c\u00e0rrec. El 19 de juliol l&#8217;Ajuntament va rebre l&#8217;acceptaci\u00f3 de la ren\u00fancia del Tribunal Superior de Just\u00edcia de Catalunya i l&#8217;ordre d&#8217;iniciar els tr\u00e0mits per escollir un nou jutge o una nova jutgessa de pau.<\/p>\n\n\n\n<p>El 20 de juliol es va iniciar la tramitaci\u00f3 i es va obrir la convocat\u00f2ria per presentar sol\u00b7licituds, que va anar del 2 al 24 d&#8217;agost. Durant aquest termini, s&#8217;hi van presentar dues bisbalenques i, ambdues, complien els requisits per ser-ho. L&#8217;alcaldessa va convocar els portaveus dels grups municipals a una reuni\u00f3, el passat 8 de setembre, per tractar aquest tema i, cada portaveu assistent, va votar a una de les candidates. El resultat de les votacions \u00e9s la proposta que s&#8217;ha elevat al Ple: nomenar la Sra. Teresa Ma. Turdiu Armenteros com a jutgessa de pau.<\/p>\n\n\n\n<p>Una vegada aprovat aquest nomenament per Ple, es trasllada l&#8217;acord al Jutjat Deg\u00e0 del Vendrell, perqu\u00e8 faci arribar la proposta a la Sala de Govern del Tribunal Superior de Just\u00edcia de Catalunya, que \u00e9s qui fa el nomenament.<\/p>\n\n\n\n<p><strong>7.-Aprovaci\u00f3 del conveni de col\u00b7laboraci\u00f3 per regular la gesti\u00f3 de l&#8217;Ajuntament de la Bisbal del Pened\u00e8s amb el Consell Comarcal del Baix Pened\u00e8s per al projecte Xarxa d&#8217;autocaravanes del Baix Pened\u00e8s.<\/strong><\/p>\n\n\n\n<p>S&#8217;ha aprovat per unanimitat dels assistents.<\/p>\n\n\n\n<p>S&#8217;ha aprovat el conveni amb el Consell Comarcal del Baix Pened\u00e8s per crear una \u00e0rea d&#8217;autocaravanes a l&#8217;aparcament de l&#8217;avinguda Baix Pened\u00e8s, amb dues places. Els usuaris hi podran estar un m\u00e0xim de 48 hores i l&#8217;espai ser\u00e0 gratu\u00eft i estar\u00e0 equipat amb taules per fer p\u00edcnic i gesti\u00f3 d&#8217;aig\u00fces grises i residuals.<\/p>\n\n\n\n<p>El Consell Comarcal \u00e9s qui adequar\u00e0 aquest espai amb la senyalitzaci\u00f3 de la zona d&#8217;aparcament i estacionament d&#8217;autocaravanes; la incorporaci\u00f3 dels senyals indicadors; la connexi\u00f3 dels borns de servei a les xarxes d&#8217;aigua potable i de sanejament; la instal\u00b7laci\u00f3 d&#8217;un punt d&#8217;aigua i d&#8217;un punt de recollida d&#8217;aig\u00fces negres i d&#8217;un espai de p\u00edcnic.<\/p>\n\n\n\n<p>Aquest \u00e9s un projecte gestionat a trav\u00e9s del Consell Comarcal del Baix Pened\u00e8s que t\u00e9 un cost total de 112.000\u20ac i que compta amb una subvenci\u00f3 de la Diputaci\u00f3 de Tarragona de 56.000\u20ac. L&#8217;aportaci\u00f3 econ\u00f2mica que fa l&#8217;Ajuntament de la Bisbal del Pened\u00e8s \u00e9s de 8.000\u20ac.<\/p>\n\n\n\n<p>La regidora de Turisme, Judith Vidal, ha explicat que <em>&#8220;aquesta \u00e0rea potenciar\u00e0 el comer\u00e7 i el turisme locals i permetr\u00e0 comptar amb una ruta a la comarca que servir\u00e0 per captar el turisme d&#8217;autocaravanes, que actualment est\u00e0 experimentant un clar creixement, amb l&#8217;objectiu de desestacionalitzar l&#8217;oferta tur\u00edstica del Baix Pened\u00e8s&#8221;.<\/em><\/p>\n\n\n\n<p>Els altres ajuntaments que s&#8217;han adherit al projecte s\u00f3n: Albinyana, l&#8217;Arbo\u00e7, Banyeres del Pened\u00e8s, Bonastre, Cunit i Sant Jaume dels Domenys.<\/p>\n\n\n\n<p><strong>8.-Es dona compte dels Decrets d&#8217;alcaldia<\/strong><\/p>\n\n\n\n<p>Es dona compte dels decrets d&#8217;alcaldia des del 15 de juny fins al 13 de setembre. Tots els regidors i regidores tenen acc\u00e9s als documents des del moment en qu\u00e8 s&#8217;aproven.<\/p>\n\n\n\n<p>9.-Es dona compte dels acords de la Junta de Govern Local.<\/p>\n\n\n\n<p>Es dona compte al Ple de les Juntes de govern local des de l&#8217;\u00faltim Ple ordinari fins abans de la convocat\u00f2ria d&#8217;aquest Ple. Tots els regidors i regidores del Consistori tenen acc\u00e9s a les actes de les Juntes des del moment en qu\u00e8 s&#8217;aproven i, a m\u00e9s, estan publicades al Portal de Transpar\u00e8ncia.<\/p>\n\n\n\n<p><strong>10.-Moci\u00f3 del grup municipal Ara la Bisbal per fer una consulta p\u00fablica per a la redacci\u00f3 d&#8217;una ordenan\u00e7a per l&#8217;obligaci\u00f3 de neteja i conservaci\u00f3 dels solars urbans<\/strong><\/p>\n\n\n\n<p>S&#8217;aprova per unanimitat dels assistents.<\/p>\n\n\n\n<p>S&#8217;aprova fer una consulta p\u00fablica per a la redacci\u00f3 d&#8217;una ordenan\u00e7a per l&#8217;obligaci\u00f3 de neteja i conservaci\u00f3 dels solars urbans. El passat 8 de setembre la regidora d&#8217;Ara la Bisbal, Maguy Antol\u00edn, va entrar al registre una proposta de creaci\u00f3 d&#8217;una ordenan\u00e7a fiscal relativa a l&#8217;obligaci\u00f3 del manteniment dels solars en zona urbana. El mateix dia, l&#8217;alcaldessa va parlar amb la regidora i li va traslladar que primer calia fer una consulta p\u00fablica a trav\u00e9s del portal web de l&#8217;Ajuntament de la Bisbal del Pened\u00e8s. Per aquest motiu, s&#8217;ha aprovat fer la consulta p\u00fablica pr\u00e8via a la redacci\u00f3 de l&#8217;ordenan\u00e7a, que es tirar\u00e0 endavant properament.<\/p>\n\n\n\n<p>La regidora d&#8217;Ara la Bisbal ha traslladat al Ple que l&#8217;objectiu \u00e9s <em>&#8220;la millora en la qualitat de vida dels nostres ciutadans, a m\u00e9s de dotar el nostre poble d&#8217;una millor imatge&#8221;.<\/em> La regidora ha remarcat que &#8220;l&#8217;Ajuntament ha d&#8217;instaurar unes regles al terme municipal&#8221; tenint en compte <em>&#8220;el perill d&#8217;incendi continu en tots els barris i urbanitzacions&#8221;<\/em> i el fet que <em>&#8220;a causa de l&#8217;abandonament continu o reiterat de parcel\u00b7les propietats privades, moltes d&#8217;elles en p\u00e8ssim estat des de fa anys, on proliferen les plagues de rates, procession\u00e0ria, arbres descontrolats i perillosament inclinats, males herbes que envaeixen les cal\u00e7ades, moltes parcel\u00b7les es converteixen en abocadors incontrolats, voreres descuidades o inexistents, parcel\u00b7les sense tancar, etc.&#8221;<\/em> . Antol\u00edn ha explicat que <em>&#8220;ser propietari comporta responsabilitats, sent una d&#8217;elles el respecte cap a l&#8217;entorn i als drets dels conve\u00efns; per aix\u00f2 ha de cuidar la seva propietat perqu\u00e8 no suposi cap impacte ni mol\u00e8stia cap als ciutadans i per no crear cap situaci\u00f3 de risc&#8221;.<\/em><\/p>\n\n\n\n<p><strong>11.-Moci\u00f3 del grup municipal ERC-AM de &#8220;NO a la MAT a l&#8217;Alt Pened\u00e8s&#8221;.<\/strong><\/p>\n\n\n\n<p>S&#8217;ha aprovat per unanimitat dels assistents.<\/p>\n\n\n\n<p>La regidora d&#8217;ERC ha presentat una moci\u00f3 de NO a la MAT a l&#8217;Alt Pened\u00e8s preparada per l&#8217;entitat c\u00edvica de l&#8217;Alt Pened\u00e8s que es diu &#8220;NO a la MAT a l&#8217;Alt Pened\u00e8s&#8221;, per seguir lluitant contra la instal\u00b7laci\u00f3 al Pened\u00e8s de l\u00ednies d&#8217;alta tensi\u00f3 per portar energia e\u00f2lica i fotovoltaica de l&#8217;Arag\u00f3 a l&#8217;\u00e0rea metropolitana de Barcelona. Els acords adoptats amb l&#8217;aprovaci\u00f3 de la moci\u00f3, s\u00f3n els seg\u00fcents:<\/p>\n\n\n\n<p>&#8220;1.-Instar al Govern de la Generalitat perqu\u00e8 traslladi al Ministeri de Transici\u00f3 Energ\u00e8tica el rebuig i oposici\u00f3 que genera al territori del Pened\u00e8s i de Catalunya els projectes (diversos camps e\u00f2lics ubicats a l&#8217;Arag\u00f3).<\/p>\n\n\n\n<p>2.-Instar al Govern de la Generalitat de Catalunya perqu\u00e8 presenti al Parlament una proposta de resoluci\u00f3 contr\u00e0ria als referits projectes i fonamentada en els motius expressats en la present moci\u00f3. Donant suport a les reivindicacions de les plataformes NO A LA MAT\/DEL PENED\u00c8S.<\/p>\n\n\n\n<p>3.-Instar al Govern de la Generalitat de Catalunya perqu\u00e8 de forma immediata elabori un estudi complet, d&#8217;abast de pa\u00eds, on es concretin les capacitats de generaci\u00f3 d&#8217;energia el\u00e8ctrica mitjan\u00e7ant instal\u00b7laci\u00f3 de plaques fotovoltaiques i e\u00f2liques instal\u00b7lades a les parts del territori ja ocupades sigui per habitatges, ind\u00fastries, infraestructures vi\u00e0ries, etc. i es determini quins municipis poden assolir l&#8217;autosufici\u00e8ncia energ\u00e8tica i quins no, posant a disposici\u00f3 dels Ajuntaments els recursos necessaris per assolir dita sufici\u00e8ncia energ\u00e8tica. I que continguin les solucions t\u00e8cniques per garantir l&#8217;autosufici\u00e8ncia energ\u00e8tica de la resta de municipis que, per si sols, no poden aconseguir-la, basada en els principis expressats en la present moci\u00f3.<\/p>\n\n\n\n<p>4.-Instar al Govern de la Generalitat de Catalunya perqu\u00e8 de forma immediata constitueixi una empresa energ\u00e8tica p\u00fablica que s&#8217;integri al mercat energ\u00e8tic i possibiliti la generaci\u00f3, distribuci\u00f3 i subministrament energ\u00e8tic a persones f\u00edsiques i jur\u00eddiques i a les entitats i organismes p\u00fablics locals i supramunicipals.<\/p>\n\n\n\n<p>5.-Instar al Govern de la Generalitat de Catalunya perqu\u00e8, abans no acabi l&#8217;any 2022, desenvolupi el contingut de la Llei del Canvi Clim\u00e0tic mitjan\u00e7ant l&#8217;elaboraci\u00f3 de l&#8217;instrument legal que correspongui i on es contingui el model energ\u00e8tic que ha de desenvolupar-se a Catalunya, basat en els principis de la no utilitzaci\u00f3 dels combustibles f\u00f2ssils, un sistema energ\u00e8tic descentralitzat, aproximaci\u00f3 dels llocs de generaci\u00f3 als llocs de consum i dimensionant-los segons les necessitats de cada municipi, desplegar les noves infraestructures energ\u00e8tiques respectant el territori i contribuint a la preservaci\u00f3 de la qualitat de vida dels seus habitants, siguin de l\u2019esp\u00e8cie que siguin.<\/p>\n\n\n\n<p>6.-Instar al Govern de la Generalitat de Catalunya perqu\u00e8, dins dels pressupostos per a l&#8217;any 2023, inclogui partides econ\u00f2miques suficients que possibilitin la creaci\u00f3 de forma massiva al pa\u00eds de Comunitats Energ\u00e8tiques Ciutadanes, segons definici\u00f3 i continguts expressats a les 2019\/944, del Parlament Europeu i del Consell, de 5 de juny de 2019 i Directiva 2018\/2001, del Parlament Europeu i del consell, d&#8217;11 de desembre de 2018.<\/p>\n\n\n\n<p>7.-Instar al Parlament de Catalunya perqu\u00e8 aprovi una morat\u00f2ria que afecti a tots els projectes instats i en la tramitaci\u00f3 actualment, amb efectes retroactius, fins tenir un nou reglament i una planificaci\u00f3 territorial de la implantaci\u00f3 de renovables basada en principis expressats en la present moci\u00f3.<\/p>\n\n\n\n<p>8.-Que a part del Ple de l&#8217;Ajuntament s&#8217;acordi la total suspensi\u00f3 de llic\u00e8ncies d&#8217;obres per als projectes en la part del seu territori afectades per la construcci\u00f3 de les l\u00ednies de molt alta tensi\u00f3 (MAT) derivades dels projectes referits en l&#8217;encap\u00e7alament de la present moci\u00f3. Suspensi\u00f3 que estar\u00e0 vigent fins que, per part del Govern de la Generalitat, es facin efectius el contingut dels apartats 3, 5 i 6 de la present moci\u00f3.<\/p>\n\n\n\n<p>9.-Per part del Ple de l&#8217;Ajuntament s&#8217;acordi iniciar el procediment per modificar planejament general urban\u00edstic (POUM\/NNSS) per concretar els llocs susceptibles d&#8217;albergar instal\u00b7lacions fotovoltaiques dimensionades a les necessitats del municipi o simplement definir que no hi ha cap lloc del municipi on instal\u00b7lar-les.<\/p>\n\n\n\n<p>10.-El Ple de l&#8217;Ajuntament acorda donar suport a les reivindicacions de la Plataforma NO A LA MAT\/DEL PENED\u00c8S.<\/p>\n\n\n\n<p>11.-Comunicar aquest acord als Departaments de Territori i d&#8217;Empresa i Coneixement de la Generalitat de Catalunya&#8221;.<\/p>\n\n\n\n<p><strong>12.-Donar compte del PMP del 2n trimestre<\/strong><\/p>\n\n\n\n<p>Es dona compte al Ple del Per\u00edode Mitj\u00e0 de Pagament (PMP) del 2n trimestre de 2022, que \u00e9s de 18,76 dies. L&#8217;Ajuntament de la Bisbal del Pened\u00e8s compleix amb el PMP, ja que el m\u00e0xim \u00e9s de 30 dies. A m\u00e9s, es compleix amb l&#8217;obligaci\u00f3 de presentar aquesta informaci\u00f3, perqu\u00e8 es va enviar el 26 de juliol de 2022.<\/p>\n\n\n\n<p><strong>13.-Donar compte de l&#8217;execuci\u00f3 del pressupost del 2n trimestre.<\/strong><\/p>\n\n\n\n<p>Es dona compte al Ple de l&#8217;informe d&#8217;intervenci\u00f3 sobre l&#8217;execuci\u00f3 trimestral del pressupost corresponent al 2n trimestre de 2022. \u00c9s un informe de conformitat amb la Llei org\u00e0nica 2\/2021, del 27 d&#8217;abril, d&#8217;estabilitat pressupost\u00e0ria i sostenibilitat financera. Complim amb l\u2019obligaci\u00f3 de remissi\u00f3 telem\u00e0tica de la informaci\u00f3 requerida, dins dels terminis establerts, ja que es va enviar al Ministeri d&#8217;Hisenda i Administracions P\u00fabliques el 27 de juliol de 2022.<\/p>\n\n\n\n<p><strong>14.-Es dona compte de les l\u00ednies fonamentals del pressupost de l&#8217;exercici 2023.<\/strong><\/p>\n\n\n\n<p>L&#8217;alcaldessa dona compte al Ple del Decret d&#8217;Alcaldia del 13 de setembre de 2022, on es van aprovar les l\u00ednies fonamentals del pressupost per a l&#8217;exercici 2023. Es remet al Ple de la Corporaci\u00f3 l\u2019informe d&#8217;Intervenci\u00f3 relatiu a les l\u00ednies fonamentals del pressupost per a l&#8217;exercici 2023, en compliment amb la Llei Org\u00e0nica 2\/2012, del 27 d&#8217;abril, d&#8217;estabilitat pressupost\u00e0ria i financera.<\/p>\n\n\n\n<p>Es preveu un total de 5.216.942,67\u20ac per al pressupost de l&#8217;any 2023, el que suposa un increment del 8,5% (410.572,05\u20ac) respecte al 2022.<\/p>\n\n\n\n<p>L&#8217;alcaldessa de la Bisbal del Pened\u00e8s, Agn\u00e8s Ferr\u00e9, ha destacat la partida d&#8217;inversions prevista per al 2023: <em>&#8220;s\u00f3n 1.296.161,47\u20ac que inclouen franges forestals, millora en la xarxa d&#8217;aigua, parcs infantils, millora en l&#8217;enllumenat p\u00fablic, pressupostos participatius, obres del poliesportiu municipal, adequaci\u00f3 de la instal\u00b7laci\u00f3 el\u00e8ctrica de l&#8217;Ajuntament i les obres de canvi de la xarxa d&#8217;aigua i soterrament de l&#8217;enllumenat p\u00fablic al barri de la Riba&#8221;.<\/em><\/p>\n\n\n\n<p><strong>15.-Donar compte de l&#8217;informe d&#8217;Intervenci\u00f3 sobre l&#8217;estabilitat pressupost\u00e0ria de la modificaci\u00f3 de cr\u00e8dit 3PLE\/2022.<\/strong><\/p>\n\n\n\n<p>Es dona compte de l&#8217;informe d&#8217;intervenci\u00f3 de la modificaci\u00f3 de cr\u00e8dit 3PLE\/2022, que es va aprovar en el Ple extraordinari del 25 d&#8217;agost de 2022.<\/p>\n\n\n\n<p>L&#8217;alcaldessa ha explicat que <em>&#8220;es dona compte d&#8217;aquest punt al Ple ordinari de setembre perqu\u00e8 en aquell moment no es complia amb l&#8217;objectiu d&#8217;estabilitat pressupost\u00e0ria, ja que hi ha part del pressupost 2022 no executada totalment. Per\u00f2 que, en el tancament de l&#8217;any, s\u00ed que es complir\u00e0 l&#8217;estabilitat pressupost\u00e0ria&#8221;.<\/em><\/p>\n\n\n\n<p><strong>PRECS I PREGUNTES<\/strong><\/p>\n\n\n\n<hr class=\"wp-block-separator has-alpha-channel-opacity\"\/>\n\n\n\n<p>CASTELLANO |&nbsp;<strong>Este lunes 19 de septiembre ha tenido lugar el Pleno ordinario del Ayuntamiento de la Bisbal del Pened\u00e8s<\/strong><\/p>\n\n\n\n<p>Este lunes 19 de septiembre, a las 19h, se ha celebrado el Pleno ordinario del Ayuntamiento de la Bisbal del Pened\u00e8s, correspondiente a este trimestre.<\/p>\n\n\n\n<p>Al inicio del Pleno se ha disculpado la asistencia del regidor Xavier Faura (Units pEr la Bisbal-FIC).<\/p>\n\n\n\n<p>En el Pleno, se han tratado los siguientes puntos:<\/p>\n\n\n\n<p><strong>1.-Aprobaci\u00f3n del acta del Pleno ordinario del 20 de junio de 2022.<\/strong><\/p>\n\n\n\n<p>Se ha aprobado por unanimidad de los asistentes.<\/p>\n\n\n\n<p><strong>2.-Aprobaci\u00f3n del acta del Pleno extraordinario del 29 de julio de 2022.<\/strong><\/p>\n\n\n\n<p>Se ha aprobado por unanimidad de los asistentes.<\/p>\n\n\n\n<p><strong>3.-Aprobaci\u00f3n del acta del Pleno extraordinario del 25 de agosto de 2022.<\/strong><\/p>\n\n\n\n<p>Se ha aprobado con los votos a favor de Comprom\u00eds amb la Bisbal (6), PSC (2) y ERC-AM (1). La regidora de Ara la Bisbal, Maguy Antol\u00edn, se ha abstenido de votar porque no asisti\u00f3 a aquella sesi\u00f3n plenaria.<\/p>\n\n\n\n<p><strong>4.-Aprobaci\u00f3n de la cuenta general del ejercicio 2021.<\/strong><\/p>\n\n\n\n<p>Se ha aprobado con los votos a favor de Comprom\u00eds amb la Bisbal (6), los votos en contra de Ara la Bisbal (1) y ERC-AM (1), y la abstenci\u00f3n del PSC (2).<\/p>\n\n\n\n<p>Se aprueba la Cuenta General de 2021, despu\u00e9s de su aprobaci\u00f3n en la Comisi\u00f3n de Cuentas el pasado 29 de julio. Posteriormente, la cuenta se public\u00f3 en el BOP para su exposici\u00f3n p\u00fablica hasta el 31 de agosto, para qui\u00e9n lo creyera conveniente presentara alegaciones u observaciones. Como que nadie ha presentado ninguna objeci\u00f3n, se ha elevado al Pleno ordinario de septiembre, donde ha quedado aprobada.<\/p>\n\n\n\n<p>Por lo tanto, se ha liquidado el presupuesto con 7.188.458,82\u20ac, porque se incorporan m\u00e1s de 2,5 millones de euros en modificaci\u00f3n de cr\u00e9dito, provenientes del remanente de tesorer\u00eda y el super\u00e1vit de 2020. El presupuesto aprobado inicial era de 4.592.408,53\u20ac y el super\u00e1vit presupuestario de 1.334.391,20\u20ac.<\/p>\n\n\n\n<p>El Ayuntamiento cumple el objetivo de estabilidad presupuestaria porque tiene super\u00e1vit presupuestario y una capacidad de financiaci\u00f3n de 1.465.492\u20ac. Tambi\u00e9n cumple el objetivo de la regla del gasto. El coeficiente de deuda viva a 31 de diciembre de 2021 es del 0% y, por lo tanto, cumple con el objetivo del l\u00edmite de deuda p\u00fablica, establecido en el 110% de acuerdo con la normativa vigente.<\/p>\n\n\n\n<p>La alcaldesa de la Bisbal del Pened\u00e8s, Agn\u00e8s Ferr\u00e9, ha explicado que &#8220;<em>las cuentas est\u00e1n saneadas, con deuda cero. Del 2015 al 2012, el presupuesto ha crecido un 23,5%, los impuestos no han subido y la deuda se ha cancelado. Todo ello ha supuesto pasar de un endeudamiento de 1.188\u20ac por bisbalenc el 2014 a un endeudamiento de 0\u20ac por bisbalenc el 31 de diciembre de 2021. En 6 a\u00f1os y medio hemos conseguido un Ayuntamiento saneado y sin endeudamiento. Lo hemos conseguido con una buena gesti\u00f3n, con m\u00e1s servicios y sin subir impuestos&#8221;.<\/em><\/p>\n\n\n\n<p><strong>5.-Aprobaci\u00f3n del texto refundido del Plan Parcial urban\u00edstico de las Planes Baixes.<\/strong><\/p>\n\n\n\n<p>Se ha aprobado con los votos a favor de Comprom\u00eds amb la Bisbal (6) y el PSC (2) y las abstenciones de Ara la Bisbal (1) y ERC-AM (1).<\/p>\n\n\n\n<p>La Junta de gobierno del 28 de febrero aprob\u00f3 inicialmente la modificaci\u00f3n del Plan parcial de las Planes Baixes para la creaci\u00f3n de una parcela de 52.000m2 en el pol\u00edgono industrial de las Planes Baixes. Esta modificaci\u00f3n estuvo en exposici\u00f3n p\u00fablica y no se presentaron alegaciones. Tambi\u00e9n se solicitaron los informes sectoriales correspondientes, tal como indica el art\u00edculo 85.5 del Texto refundido de la Ley de Urbanismo. Por todo esto, el 28 de abril el Pleno aprob\u00f3, provisionalmente, la modificaci\u00f3n puntual n.\u00ba 2 del Plan parcial urban\u00edstico Las Planes Bajas para agrupar cuatro parcelas en una \u00fanica parcela y enviarlo a la Comisi\u00f3n Territorial de Urbanismo para su aprobaci\u00f3n definitiva.<\/p>\n\n\n\n<p>El 29 de julio lleg\u00f3 la resoluci\u00f3n de la Comisi\u00f3n Territorial de Urbanismo del 19 de julio, que indicaba que esta modificaci\u00f3n del Plan parcial quedaba suspendida hasta que la Comisi\u00f3n Territorial de Urbanismo resolviera definitivamente la modificaci\u00f3n del texto refundido de las Normas Subsidiarias, que se aprob\u00f3 en el Pleno extraordinario del 25 de agosto. Sin embargo, el 5 de septiembre entr\u00f3 a registro una correcci\u00f3n de la resoluci\u00f3n de la Comisi\u00f3n Territorial de Urbanismo, en lo referente al Plan Parcial, indicando que tambi\u00e9n se ten\u00eda que aprobar un texto refundido y enviarlo a la Comisi\u00f3n Territorial de Urbanismo para que pudieran hacer la aprobaci\u00f3n definitiva, y esto es el que se ha elevado al Pleno: se ha introducido la modificaci\u00f3n aprobada provisionalmente en el Pleno de abril en el texto de las normas del Plan parcial del pol\u00edgono industrial Les Planes Baixes<\/p>\n\n\n\n<p><strong>6.-Elecci\u00f3n de la Jueza de Paz titular<\/strong><\/p>\n\n\n\n<p>Se ha aprobado por unanimidad de los asistentes.<\/p>\n\n\n\n<p>Los municipios que no cuentan con Juzgado de Primera Instancia e instrucci\u00f3n y, con jurisdicci\u00f3n en el t\u00e9rmino correspondiente, cuentan con Juzgado de paz. El pasado mes de junio el juez de paz titular, Paulino Oviedo, renunci\u00f3 voluntariamente al cargo. El 19 de julio el Ayuntamiento recibi\u00f3 la aceptaci\u00f3n de la renuncia del Tribunal Superior de Justicia de Catalu\u00f1a y la orden de iniciar los tr\u00e1mites para escoger un nuevo juez o una nueva jueza de paz.<\/p>\n\n\n\n<p>El 20 de julio se inici\u00f3 la tramitaci\u00f3n y se abri\u00f3 la convocatoria para presentar solicitudes, que fue del 2 al 24 de agosto. Durante este plazo, se presentaron dos <em>bisbalenques<\/em> y, ambas, cumpl\u00edan los requisitos para serlo. La alcaldesa convoc\u00f3 a los portavoces de los grupos municipales a una reuni\u00f3n, el pasado 8 de septiembre, para tratar este tema y, cada portavoz asistente, vot\u00f3 a una de las candidatas. El resultado de las votaciones es la propuesta que se ha elevado al Pleno: nombrar la Sra. Teresa Ma. Turdiu Armenteros como jueza de paz.<\/p>\n\n\n\n<p>Una vez aprobado este nombramiento por Pleno, se traslada el acuerdo al Juzgado Decano del Vendrell, para que haga llegar la propuesta a la Sala de Gobierno del Tribunal Superior de Justicia de Catalu\u00f1a, que es quien hace el nombramiento.<\/p>\n\n\n\n<p><strong>7.-Aprobaci\u00f3n del convenio de colaboraci\u00f3n para regular la gesti\u00f3n del Ayuntamiento de la Bisbal del Pened\u00e8s con el Consejo Comarcal del Baix Pened\u00e8s para el proyecto Red de autocaravanas del Baix Pened\u00e8s.<\/strong><\/p>\n\n\n\n<p>Se ha aprobado por unanimidad de los asistentes.<\/p>\n\n\n\n<p>Se ha aprobado el convenio con el Consell Comarcal del Baix Pened\u00e8s para crear un \u00e1rea de autocaravanas en el aparcamiento de la avenida Baix Pened\u00e8s, con dos plazas. Los usuarios podr\u00e1n estar un m\u00e1ximo de 48 horas y el espacio ser\u00e1 gratuito y estar\u00e1 equipado con mesas para hacer p\u00edcnic y gesti\u00f3n de aguas grises y residuales.<\/p>\n\n\n\n<p>El Consell Comarcal es quien adecuar\u00e1 este espacio con la se\u00f1alizaci\u00f3n de la zona de aparcamiento y estacionamiento de autocaravanas; la incorporaci\u00f3n de las se\u00f1ales indicadoras; la conexi\u00f3n de los bornes de servicio en las redes de agua potable y de saneamiento; la instalaci\u00f3n de un punto de agua y de un punto de recogida de aguas negras y de un espacio de p\u00edcnic.<\/p>\n\n\n\n<p>Este es un proyecto gestionado a trav\u00e9s del Consell Comarcal del Baix Pened\u00e8s que tiene un coste total de 112.000\u20ac y que cuenta con una subvenci\u00f3n de la Diputaci\u00f3n de Tarragona de 56.000\u20ac. La aportaci\u00f3n econ\u00f3mica que hace el Ayuntamiento de la Bisbal del Pened\u00e8s es de 8.000\u20ac.<\/p>\n\n\n\n<p>La concejala de Turismo, Judith Vidal, ha explicado que &#8220;esta \u00e1rea potenciar\u00e1 el comercio y el turismo locales y permitir\u00e1 contar con una ruta en la comarca que servir\u00e1 para captar el turismo de autocaravanas, que actualmente est\u00e1 experimentando un claro crecimiento, con el objetivo de desestacionalizar la oferta tur\u00edstica del Baix Pened\u00e8s&#8221;.<\/p>\n\n\n\n<p>Los otros ayuntamientos que se han adherido al proyecto son: Albinyana, l&#8217;Arbo\u00e7, Banyeres del Pened\u00e8s, Bonastre, Cunit y Sant Jaume dels Domenys.<\/p>\n\n\n\n<p><strong>8.-Se da cuenta de los Decretos de alcald\u00eda<\/strong><\/p>\n\n\n\n<p>Se da cuenta de los decretos de alcald\u00eda desde el 15 de junio hasta el 13 de septiembre. Todos los regidores y regidoras tienen acceso a los documentos desde el momento en que se aprueban.<\/p>\n\n\n\n<p><strong>9.-Se da cuenta de los acuerdos de la Junta de Gobierno Local.<\/strong><\/p>\n\n\n\n<p>Se da cuenta al Pleno de las Juntas de gobierno local desde el \u00faltimo Pleno ordinario hasta antes de la convocatoria de este Pleno. Todos los regidores y regidoras del Consistorio tienen acceso a las actas de las Juntas desde el momento en que se aprueban y, adem\u00e1s, est\u00e1n publicadas en el Portal de Transparencia.<\/p>\n\n\n\n<p><strong>10.-Moci\u00f3n del grupo municipal Ara la Bisbal para hacer una consulta p\u00fablica para la redacci\u00f3n de una ordenanza por la obligaci\u00f3n de limpieza y conservaci\u00f3n de los solares urbanos<\/strong><\/p>\n\n\n\n<p>Se aprueba por unanimidad de los asistentes.<\/p>\n\n\n\n<p>Se aprueba hacer una consulta p\u00fablica para la redacci\u00f3n de una ordenanza por la obligaci\u00f3n de limpieza y conservaci\u00f3n de los solares urbanos. El pasado 8 de septiembre la concejala de Ara la Bisbal, Maguy Antol\u00edn, entr\u00f3 por registro una propuesta de creaci\u00f3n de una ordenanza fiscal relativa a la obligaci\u00f3n del mantenimiento de los solares en zona urbana. El mismo d\u00eda, la alcaldesa habl\u00f3 con la regidora y le traslad\u00f3 que primero hab\u00eda que hacer una consulta p\u00fablica a trav\u00e9s del portal web del Ayuntamiento de la Bisbal del Pened\u00e8s. Por este motivo, se ha aprobado hacer la consulta p\u00fablica previa a la redacci\u00f3n de la ordenanza, que se sacar\u00e1 adelante pr\u00f3ximamente.<\/p>\n\n\n\n<p>La regidora de Ara la Bisbal ha trasladado al Pleno que el objetivo es <em>&#8220;la mejora en la calidad de vida de nuestros ciudadanos, adem\u00e1s de dotar nuestro pueblo de una mejor imagen&#8221;<\/em>. La regidora ha remarcado que <em>&#8220;el Ayuntamiento ha de instaurar unas reglas al t\u00e9rmino municipal&#8221;<\/em> teniendo en <em>cuenta &#8220;el peligro de incendio continuo en todos los barrios y urbanizaciones&#8221;<\/em> y el hecho que <em>&#8220;debido al abandono continuo o reiterado de parcelas propiedades privadas, muchas de ellas en p\u00e9simo estado desde hace a\u00f1os, donde proliferan las plagas de ratas, procesionaria, \u00e1rboles descontrolados y peligrosamente inclinados, malezas que invaden las calzadas, muchas parcelas se convierten en vertederos incontrolados, aceras descuidadas o inexistentes, parcelas sin vallar, etc.&#8221;<\/em> . Antol\u00edn ha explicado que <em>&#8220;ser propietario conlleva responsabilidades, siente una de ellas el respetar el entorno y a los derechos de los convecinos; por ello ha de cuidar su propiedad para que no suponga ning\u00fan impacto ni molestia a los ciudadanos y para no crear ninguna situaci\u00f3n de riesgo&#8221;.<\/em><\/p>\n\n\n\n<p><strong>11.-Moci\u00f3n del grupo municipal ERC-AM de &#8220;NO a la MAT a l&#8217;Alt Pened\u00e8s&#8221;.<\/strong><\/p>\n\n\n\n<p>Se ha aprobado por unanimidad de los asistentes.<\/p>\n\n\n\n<p>La regidora de ERC ha presentado una moci\u00f3n de NO a la MAT en el Alt Pened\u00e8s preparada por la entidad c\u00edvica del Alt Pened\u00e8s que se llama &#8220;NO a la MAT a l&#8217;Alt Pened\u00e8s&#8221;, para seguir luchando contra la instalaci\u00f3n en el Pened\u00e8s de l\u00edneas de alta tensi\u00f3n para llevar energ\u00eda e\u00f3lica y fotovoltaica del Arag\u00f3n al \u00e1rea metropolitana de Barcelona. Los acuerdos adoptados con la aprobaci\u00f3n de la moci\u00f3n, son los siguientes:<\/p>\n\n\n\n<div class=\"wp-container-1 wp-block-group\"><div class=\"wp-block-group__inner-container\">\n<p>&#8220;1.-Instar al Gobierno de la Generalitat para que traslade al Ministerio de Transici\u00f3n Energ\u00e9tica el rechazo y oposici\u00f3n que genera en el territorio del Pened\u00e8s y de Catalu\u00f1a los proyectos (varios campos e\u00f3licos ubicados en el Arag\u00f3n).<\/p>\n\n\n\n<p>2.-Instar al Gobierno de la Generalitat de Catalu\u00f1a para que presente en el Parlamento una propuesta de resoluci\u00f3n contraria a los referidos proyectos y fundamentada en los motivos expresados en la presente moci\u00f3n. Apoyando a las reivindicaciones de las plataformas NO A LA MAT\/DEL PENED\u00c8S.<\/p>\n\n\n\n<p>3.-Instar al Gobierno de la Generalitat de Catalu\u00f1a para que de forma inmediata elabore un estudio completo, de alcance de pa\u00eds, donde se concreten las capacidades de generaci\u00f3n de energ\u00eda el\u00e9ctrica mediante instalaci\u00f3n de placas fotovoltaicas y e\u00f3licas instaladas en las partes del territorio ya ocupadas sea por viviendas, industrias, infraestructuras viarias, etc. y se determine qu\u00e9 municipios pueden lograr la autosuficiencia energ\u00e9tica y cu\u00e1les no, poniendo a disposici\u00f3n de los Ayuntamientos los recursos necesarios para lograr dicha suficiencia energ\u00e9tica. Y que contengan las soluciones t\u00e9cnicas para garantizar la autosuficiencia energ\u00e9tica del resto de municipios que, por s\u00ed solos, no pueden conseguirla, basada en los principios expresados en la presente moci\u00f3n.<\/p>\n\n\n\n<p>4.-Instar al Gobierno de la Generalitat de Catalu\u00f1a para que de forma inmediata constituya una empresa energ\u00e9tica p\u00fablica que se integre al mercado energ\u00e9tico y posibilite la generaci\u00f3n, distribuci\u00f3n y suministro energ\u00e9tico a personas f\u00edsicas y jur\u00eddicas y a las entidades y organismos p\u00fablicos locales y supramunicipales.<\/p>\n\n\n\n<p>5.-Instar al Gobierno de la Generalitat de Catalu\u00f1a para que, antes de que acabe el 2022, desarrolle el contenido de la Ley del Cambio Clim\u00e1tico mediante la elaboraci\u00f3n del instrumento legal que corresponda y donde se contenga el modelo energ\u00e9tico que tiene que desarrollarse en Catalu\u00f1a, basado en los principios de la no utilizaci\u00f3n de los combustibles f\u00f3siles, un sistema energ\u00e9tico descentralizado, aproximaci\u00f3n de los lugares de generaci\u00f3n a los lugares de consumo y dimension\u00e1ndolos seg\u00fan las necesidades de cada municipio, desplegar las nuevas infraestructuras energ\u00e9ticas respetando el territorio y contribuyendo a la preservaci\u00f3n de la calidad de vida de sus habitantes, sean de la especie que sean.<\/p>\n\n\n\n<p>6.-Instar al Gobierno de la Generalitat de Catalu\u00f1a para que, dentro de los presupuestos para el a\u00f1o 2023, incluya partidas econ\u00f3micas suficientes que posibiliten la creaci\u00f3n de forma masiva en el pa\u00eds de Comunidades Energ\u00e9ticas Ciudadanas, seg\u00fan definici\u00f3n y contenidos expresados en las 2019\/944, del Parlamento Europeo y del Consell, de 5 de junio de 2019 y Directiva 2018\/2001, del Parlamento Europeo y del Consell, de 11 de diciembre de 2018.<\/p>\n\n\n\n<p>7.-Instar al Parlamento de Catalu\u00f1a para que apruebe una moratoria que afecte a todos los proyectos instados y a la tramitaci\u00f3n actualmente, con efectos retroactivos, hasta tener un nuevo reglamento y una planificaci\u00f3n territorial de la implantaci\u00f3n de renovables basada en principios expresados en la presente moci\u00f3n.<\/p>\n\n\n\n<p>8.-Que aparte del Pleno del Ayuntamiento se acuerde la total suspensi\u00f3n de licencias de obras para los proyectos en la parte de su territorio afectadas por la construcci\u00f3n de las l\u00edneas de muy alta tensi\u00f3n (MAT) derivadas de los proyectos referidos en el encabezamiento de la presente moci\u00f3n. Suspensi\u00f3n que estar\u00e1 vigente hasta que, por parte del Gobierno de la Generalitat, se hagan efectivos el contenido de los apartados 3, 5 y 6 de la presente moci\u00f3n.<\/p>\n\n\n\n<p>9.-Por parte del Pleno del Ayuntamiento se acuerde iniciar el procedimiento para modificar planeamiento general urban\u00edstico (POUM\/NNSS) para concretar los lugares susceptibles de albergar instalaciones fotovoltaicas dimensionadas a las necesidades del municipio o simplemente definir que no hay ning\u00fan lugar del municipio donde instalarlas.<\/p>\n\n\n\n<p>10.-El Pleno del Ayuntamiento acuerda apoyar las reivindicaciones de la Plataforma NO A LA MAT\/DEL PENED\u00c8S.<\/p>\n\n\n\n<p>11.-Comunicar este acuerdo a los Departamentos de Territorio y de Empresa y Conocimiento de la Generalitat de Catalu\u00f1a&#8221;.<\/p>\n<\/div><\/div>\n\n\n\n<p><strong>12.-Dar cuenta del PMP del 2.\u00ba trimestre<\/strong><\/p>\n\n\n\n<p>Se da cuenta al Pleno del Periodo Medio de pago (PMP) del 2.\u00ba trimestre de 2022, que es de 18,76 d\u00edas. El Ayuntamiento de la Bisbal del Pened\u00e8s cumple con el PMP, puesto que el m\u00e1ximo es de 30 d\u00edas. Adem\u00e1s, se cumple con la obligaci\u00f3n de presentar esta informaci\u00f3n, porque se envi\u00f3 el 26 de julio de 2022.<\/p>\n\n\n\n<p><strong>13.-Dar cuenta de la ejecuci\u00f3n del presupuesto del 2.\u00ba trimestre.<\/strong><\/p>\n\n\n\n<p>Se da cuenta al Pleno del informe de intervenci\u00f3n sobre la ejecuci\u00f3n trimestral del presupuesto correspondiente al 2.\u00ba trimestre de 2022. Es un informe en conformidad con la Ley Org\u00e1nica 2\/2021, del 27 de abril, de estabilidad presupuestaria y sostenibilidad financiera. Cumplimos con la obligaci\u00f3n de remisi\u00f3n telem\u00e1tica de la informaci\u00f3n requerida, dentro de los plazos establecidos, puesto que se envi\u00f3 al Ministerio de Hacienda y Administraciones P\u00fablicas el 27 de julio de 2022.<\/p>\n\n\n\n<p><strong>14.-Se da cuenta de las l\u00edneas fundamentales del presupuesto del ejercicio 2023.<\/strong><\/p>\n\n\n\n<p>La alcaldesa da cuenta al Pleno del Decreto de Alcald\u00eda del 13 de septiembre de 2022, donde se aprobaron las l\u00edneas fundamentales del presupuesto para el ejercicio 2023. Se remite al Pleno de la Corporaci\u00f3n el informe de Intervenci\u00f3n relativo a las l\u00edneas fundamentales del presupuesto para el ejercicio 2023, en cumplimiento con la Ley Org\u00e1nica 2\/2012, del 27 de abril, de estabilidad presupuestaria y financiera.<\/p>\n\n\n\n<p>Se prev\u00e9 un total de 5.216.942,67\u20ac para el presupuesto del a\u00f1o 2023, lo que supone un incremento del 8,5% (410.572,05\u20ac) respecto al 2022.<\/p>\n\n\n\n<p>La alcaldesa de la Bisbal del Pened\u00e8s, Agn\u00e8s Ferr\u00e9, ha destacado la partida de inversiones prevista para el 2023: <em>&#8220;son 1.296.161,47\u20ac que incluyen franjas forestales, mejora en la red de agua, parques infantiles, mejora en el alumbrado p\u00fablico, presupuestos participativos, obras del polideportivo municipal, adecuaci\u00f3n de la instalaci\u00f3n el\u00e9ctrica del Ayuntamiento y las obras de cambio de la red de agua y soterramiento del alumbrado p\u00fablico al barrio de la Riba&#8221;.<\/em><\/p>\n\n\n\n<p><strong>15.-Dar cuenta del informe de Intervenci\u00f3n sobre la estabilidad presupuestaria de la modificaci\u00f3n de cr\u00e9dito 3PLE\/2022.<\/strong><\/p>\n\n\n\n<p>Se da cuenta del informe de intervenci\u00f3n de la modificaci\u00f3n de cr\u00e9dito 3PLE\/2022, que se aprob\u00f3 en el Pleno extraordinario del 25 de agosto de 2022.<\/p>\n\n\n\n<p>La alcaldesa ha explicado que <em>&#8220;se da cuenta de este punto al Pleno ordinario de septiembre porque en aquel momento no se cumpl\u00eda con el objetivo de estabilidad presupuestaria, puesto que hay parte del presupuesto 2022 no ejecutada totalmente. Pero que, en el cierre del a\u00f1o, s\u00ed que se cumplir\u00e1 la estabilidad presupuestaria&#8221;.<\/em><\/p>\n\n\n\n<p><strong>RUEGOS Y PREGUNTAS<\/strong><\/p>\n","protected":false},"excerpt":{"rendered":"<p>Aquest dilluns 19 de setembre, a les 19h, s&#8217;ha celebrat el Ple ordinari de l&#8217;Ajuntament de la Bisbal del Pened\u00e8s, corresponent a aquest trimestre. A l&#8217;inici del Ple s&#8217;ha disculpat &hellip; <a href=\"https:\/\/bisbalpenedes.com\/web\/2022\/09\/21\/aquest-dilluns-19-de-setembre-ha-tingut-lloc-el-ple-ordinari-de-lajuntament-de-la-bisbal-del-penedes\/\" class=\"more-link\">Read More<\/a><\/p>\n","protected":false},"author":4,"featured_media":23314,"comment_status":"closed","ping_status":"closed","sticky":false,"template":"","format":"standard","meta":[],"categories":[8,2251,2250],"tags":[459,393,1374,249,5474],"_links":{"self":[{"href":"https:\/\/bisbalpenedes.com\/web\/wp-json\/wp\/v2\/posts\/23312"}],"collection":[{"href":"https:\/\/bisbalpenedes.com\/web\/wp-json\/wp\/v2\/posts"}],"about":[{"href":"https:\/\/bisbalpenedes.com\/web\/wp-json\/wp\/v2\/types\/post"}],"author":[{"embeddable":true,"href":"https:\/\/bisbalpenedes.com\/web\/wp-json\/wp\/v2\/users\/4"}],"replies":[{"embeddable":true,"href":"https:\/\/bisbalpenedes.com\/web\/wp-json\/wp\/v2\/comments?post=23312"}],"version-history":[{"count":2,"href":"https:\/\/bisbalpenedes.com\/web\/wp-json\/wp\/v2\/posts\/23312\/revisions"}],"predecessor-version":[{"id":23315,"href":"https:\/\/bisbalpenedes.com\/web\/wp-json\/wp\/v2\/posts\/23312\/revisions\/23315"}],"wp:featuredmedia":[{"embeddable":true,"href":"https:\/\/bisbalpenedes.com\/web\/wp-json\/wp\/v2\/media\/23314"}],"wp:attachment":[{"href":"https:\/\/bisbalpenedes.com\/web\/wp-json\/wp\/v2\/media?parent=23312"}],"wp:term":[{"taxonomy":"category","embeddable":true,"href":"https:\/\/bisbalpenedes.com\/web\/wp-json\/wp\/v2\/categories?post=23312"},{"taxonomy":"post_tag","embeddable":true,"href":"https:\/\/bisbalpenedes.com\/web\/wp-json\/wp\/v2\/tags?post=23312"}],"curies":[{"name":"wp","href":"https:\/\/api.w.org\/{rel}","templated":true}]}}