{"id":23309,"date":"2022-09-21T13:30:32","date_gmt":"2022-09-21T11:30:32","guid":{"rendered":"https:\/\/bisbalpenedes.com\/web\/?p=23309"},"modified":"2022-09-21T17:42:26","modified_gmt":"2022-09-21T15:42:26","slug":"el-passat-diumenge-senderistes-bisbalencs-van-fer-la-seva-tradicional-anada-a-sant-magi-de-la-bufaganya","status":"publish","type":"post","link":"https:\/\/bisbalpenedes.com\/web\/2022\/09\/21\/el-passat-diumenge-senderistes-bisbalencs-van-fer-la-seva-tradicional-anada-a-sant-magi-de-la-bufaganya\/","title":{"rendered":"El passat diumenge Senderistes Bisbalencs van fer la seva tradicional anada a Sant Mag\u00ed de la Bufaganya"},"content":{"rendered":"\n<p>El passat diumenge 18 de setembre, l\u2019entitat Senderistes Bisbalencs va fer la seva tradicional anada a Sant Mag\u00ed de la Bufaganya. Es tracta de la 25\u00aa edici\u00f3 d\u2019aquesta sortida que commemora l\u2019excursi\u00f3 que van fer una colla de setze bisbalencs l\u2019any 1984 fins al santuari, situat a 760m d\u2019altitud, al terme municipal de Pontils (Conca de Barber\u00e0).<\/p>\n\n\n\n<p>Enguany, una trentena de senderistes s\u2019han animat a fer la sortida: vint-i-un van sortir de la Bisbal del Pened\u00e8s i nou s\u2019hi van afegir al Pla de Manlleu. La caminada completa t\u00e9 una durada de 9 hores i recorre 34 km, passant per sis termes municipals: la Bisbal del Pened\u00e8s, el Montmell, Aiguam\u00farcia, Pontons, Querol i Pontils. Es tracta d\u2019un recorregut que forma part del vell cam\u00ed ramader Pened\u00e8s-Segarra.<\/p>\n\n\n\n<p>En acabar, els Senderistes Bisbalencs van dinar arr\u00f2s de l\u2019aplec dels amics de Sant Mag\u00ed de la Bufaganya, amb una vintena de persones m\u00e9s vingudes del nostre municipi, que es van afegir en aquesta part.&nbsp;<\/p>\n\n\n\n<p>Des de l\u2019Ajuntament de la Bisbal del Pened\u00e8s felicitem els Senderistes Bisbalencs per haver assolit novament aquesta fita i per continuar amb la tradici\u00f3 durant tots aquests anys.<\/p>\n\n\n\n<hr class=\"wp-block-separator has-alpha-channel-opacity\"\/>\n\n\n\n<p>El pasado domingo 18 de septiembre, la entidad Senderistes Bisbalencs hizo su tradicional ida a Sant Mag\u00ed de la Bufaganya. Se trata de la 25\u00aa edici\u00f3n de esta salida que conmemora la excursi\u00f3n que hicieron un grupo de diecis\u00e9is \u2018bisbalencs\u2019 el a\u00f1o 1984 hasta el santuario, situado a 760m de altitud, en el t\u00e9rmino municipal de Pontils (Conca de Barber\u00e0).<\/p>\n\n\n\n<p>Este a\u00f1o, treinta senderistas se han animado a hacer la salida: veintiuno salieron de la Bisbal del Pened\u00e8s y nueve se a\u00f1adieron en el Pla de Manlleu. La caminata completa tiene una duraci\u00f3n de 9 horas y recorre 34 km, pasando por seis t\u00e9rminos municipales: la Bisbal del Pened\u00e8s, el Montmell, Aiguam\u00farcia, Pontons, Querol y Pontils. Se trata de un recorrido que forma parte del viejo camino ganadero Pened\u00e8s-Segarra.<\/p>\n\n\n\n<p>Al finalizar, los Senderistes Bisbalencs comieron arroz en el \u2018aplec\u2019 de los amigos de Sant Mag\u00ed de la Bufaganya con una veintena m\u00e1s de personas venidas de nuestro municipio, que se a\u00f1adieron en esta parte.<\/p>\n\n\n\n<p>Desde el Ayuntamiento de la Bisbal del Pened\u00e8s felicitamos a los Senderistes Bisbalencs por haber alcanzado nuevamente este logro y por continuar con la tradici\u00f3n durante todos estos a\u00f1os.<\/p>\n","protected":false},"excerpt":{"rendered":"<p>El passat diumenge 18 de setembre, l\u2019entitat Senderistes Bisbalencs va fer la seva tradicional anada a Sant Mag\u00ed de la Bufaganya. Es tracta de la 25\u00aa edici\u00f3 d\u2019aquesta sortida que &hellip; <a href=\"https:\/\/bisbalpenedes.com\/web\/2022\/09\/21\/el-passat-diumenge-senderistes-bisbalencs-van-fer-la-seva-tradicional-anada-a-sant-magi-de-la-bufaganya\/\" class=\"more-link\">Read More<\/a><\/p>\n","protected":false},"author":4,"featured_media":23310,"comment_status":"closed","ping_status":"closed","sticky":false,"template":"","format":"standard","meta":[],"categories":[20,19,8],"tags":[5492,393,3219,856],"_links":{"self":[{"href":"https:\/\/bisbalpenedes.com\/web\/wp-json\/wp\/v2\/posts\/23309"}],"collection":[{"href":"https:\/\/bisbalpenedes.com\/web\/wp-json\/wp\/v2\/posts"}],"about":[{"href":"https:\/\/bisbalpenedes.com\/web\/wp-json\/wp\/v2\/types\/post"}],"author":[{"embeddable":true,"href":"https:\/\/bisbalpenedes.com\/web\/wp-json\/wp\/v2\/users\/4"}],"replies":[{"embeddable":true,"href":"https:\/\/bisbalpenedes.com\/web\/wp-json\/wp\/v2\/comments?post=23309"}],"version-history":[{"count":2,"href":"https:\/\/bisbalpenedes.com\/web\/wp-json\/wp\/v2\/posts\/23309\/revisions"}],"predecessor-version":[{"id":23321,"href":"https:\/\/bisbalpenedes.com\/web\/wp-json\/wp\/v2\/posts\/23309\/revisions\/23321"}],"wp:featuredmedia":[{"embeddable":true,"href":"https:\/\/bisbalpenedes.com\/web\/wp-json\/wp\/v2\/media\/23310"}],"wp:attachment":[{"href":"https:\/\/bisbalpenedes.com\/web\/wp-json\/wp\/v2\/media?parent=23309"}],"wp:term":[{"taxonomy":"category","embeddable":true,"href":"https:\/\/bisbalpenedes.com\/web\/wp-json\/wp\/v2\/categories?post=23309"},{"taxonomy":"post_tag","embeddable":true,"href":"https:\/\/bisbalpenedes.com\/web\/wp-json\/wp\/v2\/tags?post=23309"}],"curies":[{"name":"wp","href":"https:\/\/api.w.org\/{rel}","templated":true}]}}