{"id":23296,"date":"2022-09-20T12:43:07","date_gmt":"2022-09-20T10:43:07","guid":{"rendered":"https:\/\/bisbalpenedes.com\/web\/?p=23296"},"modified":"2022-09-20T12:43:47","modified_gmt":"2022-09-20T10:43:47","slug":"entrevista-al-grup-de-joves-del-municipi-els-esventats","status":"publish","type":"post","link":"https:\/\/bisbalpenedes.com\/web\/2022\/09\/20\/entrevista-al-grup-de-joves-del-municipi-els-esventats\/","title":{"rendered":"Entrevista al grup de joves del municipi: Els Esventats"},"content":{"rendered":"\n<p>Els&nbsp;Esventats Bisbal&nbsp;\u00e9s un grup de joves del municipi que organitza activitats durant tot l&#8217;any. Aquest estiu, ha recuperat l&#8217;activitat sense restriccions per la pand\u00e8mia i hem parlat amb diversos membres de l&#8217;associaci\u00f3. Aqu\u00ed sota teniu l&#8217;entrevista que hem fet amb ells.<\/p>\n\n\n\n<hr class=\"wp-block-separator has-alpha-channel-opacity\"\/>\n\n\n\n<p>Els Esventats es un grupo de j\u00f3venes del municipio que organiza actividades durante todo el a\u00f1o. Este verano, ha recuperado la actividad sin restricciones por la pandemia y hemos hablado con varios miembros de la asociaci\u00f3n. Aqu\u00ed debajo ten\u00e9is la entrevista que hemos hecho con ellos.<\/p>\n\n\n\n<figure class=\"wp-block-image size-large\"><img loading=\"lazy\" width=\"724\" height=\"1024\" src=\"https:\/\/bisbalpenedes.com\/web\/wp-content\/uploads\/2022\/09\/1-1-724x1024.png\" alt=\"\" class=\"wp-image-23298\" srcset=\"https:\/\/bisbalpenedes.com\/web\/wp-content\/uploads\/2022\/09\/1-1-724x1024.png 724w, https:\/\/bisbalpenedes.com\/web\/wp-content\/uploads\/2022\/09\/1-1-212x300.png 212w, https:\/\/bisbalpenedes.com\/web\/wp-content\/uploads\/2022\/09\/1-1-768x1086.png 768w, https:\/\/bisbalpenedes.com\/web\/wp-content\/uploads\/2022\/09\/1-1-1086x1536.png 1086w, https:\/\/bisbalpenedes.com\/web\/wp-content\/uploads\/2022\/09\/1-1-1448x2048.png 1448w, https:\/\/bisbalpenedes.com\/web\/wp-content\/uploads\/2022\/09\/1-1-600x849.png 600w\" sizes=\"(max-width: 724px) 100vw, 724px\" \/><\/figure>\n\n\n\n<figure class=\"wp-block-image size-large\"><img loading=\"lazy\" width=\"724\" height=\"1024\" src=\"https:\/\/bisbalpenedes.com\/web\/wp-content\/uploads\/2022\/09\/2-1-724x1024.png\" alt=\"\" class=\"wp-image-23299\" srcset=\"https:\/\/bisbalpenedes.com\/web\/wp-content\/uploads\/2022\/09\/2-1-724x1024.png 724w, https:\/\/bisbalpenedes.com\/web\/wp-content\/uploads\/2022\/09\/2-1-212x300.png 212w, https:\/\/bisbalpenedes.com\/web\/wp-content\/uploads\/2022\/09\/2-1-768x1086.png 768w, https:\/\/bisbalpenedes.com\/web\/wp-content\/uploads\/2022\/09\/2-1-1086x1536.png 1086w, https:\/\/bisbalpenedes.com\/web\/wp-content\/uploads\/2022\/09\/2-1-1448x2048.png 1448w, https:\/\/bisbalpenedes.com\/web\/wp-content\/uploads\/2022\/09\/2-1-600x849.png 600w\" sizes=\"(max-width: 724px) 100vw, 724px\" \/><\/figure>\n\n\n\n<figure class=\"wp-block-image size-large\"><img loading=\"lazy\" width=\"724\" height=\"1024\" src=\"https:\/\/bisbalpenedes.com\/web\/wp-content\/uploads\/2022\/09\/3-1-724x1024.png\" alt=\"\" class=\"wp-image-23303\" srcset=\"https:\/\/bisbalpenedes.com\/web\/wp-content\/uploads\/2022\/09\/3-1-724x1024.png 724w, https:\/\/bisbalpenedes.com\/web\/wp-content\/uploads\/2022\/09\/3-1-212x300.png 212w, https:\/\/bisbalpenedes.com\/web\/wp-content\/uploads\/2022\/09\/3-1-768x1086.png 768w, https:\/\/bisbalpenedes.com\/web\/wp-content\/uploads\/2022\/09\/3-1-1086x1536.png 1086w, https:\/\/bisbalpenedes.com\/web\/wp-content\/uploads\/2022\/09\/3-1-1448x2048.png 1448w, https:\/\/bisbalpenedes.com\/web\/wp-content\/uploads\/2022\/09\/3-1-600x849.png 600w\" sizes=\"(max-width: 724px) 100vw, 724px\" \/><\/figure>\n\n\n\n<figure class=\"wp-block-image size-large\"><img loading=\"lazy\" width=\"724\" height=\"1024\" src=\"https:\/\/bisbalpenedes.com\/web\/wp-content\/uploads\/2022\/09\/4-1-724x1024.png\" alt=\"\" class=\"wp-image-23304\" srcset=\"https:\/\/bisbalpenedes.com\/web\/wp-content\/uploads\/2022\/09\/4-1-724x1024.png 724w, https:\/\/bisbalpenedes.com\/web\/wp-content\/uploads\/2022\/09\/4-1-212x300.png 212w, https:\/\/bisbalpenedes.com\/web\/wp-content\/uploads\/2022\/09\/4-1-768x1086.png 768w, https:\/\/bisbalpenedes.com\/web\/wp-content\/uploads\/2022\/09\/4-1-1086x1536.png 1086w, https:\/\/bisbalpenedes.com\/web\/wp-content\/uploads\/2022\/09\/4-1-1448x2048.png 1448w, https:\/\/bisbalpenedes.com\/web\/wp-content\/uploads\/2022\/09\/4-1-600x849.png 600w\" sizes=\"(max-width: 724px) 100vw, 724px\" \/><\/figure>\n","protected":false},"excerpt":{"rendered":"<p>Els&nbsp;Esventats Bisbal&nbsp;\u00e9s un grup de joves del municipi que organitza activitats durant tot l&#8217;any. Aquest estiu, ha recuperat l&#8217;activitat sense restriccions per la pand\u00e8mia i hem parlat amb diversos membres &hellip; <a href=\"https:\/\/bisbalpenedes.com\/web\/2022\/09\/20\/entrevista-al-grup-de-joves-del-municipi-els-esventats\/\" class=\"more-link\">Read More<\/a><\/p>\n","protected":false},"author":4,"featured_media":23297,"comment_status":"closed","ping_status":"closed","sticky":false,"template":"","format":"standard","meta":[],"categories":[20,8],"tags":[110,230,1198,470,459,2179,351,5490,393],"_links":{"self":[{"href":"https:\/\/bisbalpenedes.com\/web\/wp-json\/wp\/v2\/posts\/23296"}],"collection":[{"href":"https:\/\/bisbalpenedes.com\/web\/wp-json\/wp\/v2\/posts"}],"about":[{"href":"https:\/\/bisbalpenedes.com\/web\/wp-json\/wp\/v2\/types\/post"}],"author":[{"embeddable":true,"href":"https:\/\/bisbalpenedes.com\/web\/wp-json\/wp\/v2\/users\/4"}],"replies":[{"embeddable":true,"href":"https:\/\/bisbalpenedes.com\/web\/wp-json\/wp\/v2\/comments?post=23296"}],"version-history":[{"count":2,"href":"https:\/\/bisbalpenedes.com\/web\/wp-json\/wp\/v2\/posts\/23296\/revisions"}],"predecessor-version":[{"id":23305,"href":"https:\/\/bisbalpenedes.com\/web\/wp-json\/wp\/v2\/posts\/23296\/revisions\/23305"}],"wp:featuredmedia":[{"embeddable":true,"href":"https:\/\/bisbalpenedes.com\/web\/wp-json\/wp\/v2\/media\/23297"}],"wp:attachment":[{"href":"https:\/\/bisbalpenedes.com\/web\/wp-json\/wp\/v2\/media?parent=23296"}],"wp:term":[{"taxonomy":"category","embeddable":true,"href":"https:\/\/bisbalpenedes.com\/web\/wp-json\/wp\/v2\/categories?post=23296"},{"taxonomy":"post_tag","embeddable":true,"href":"https:\/\/bisbalpenedes.com\/web\/wp-json\/wp\/v2\/tags?post=23296"}],"curies":[{"name":"wp","href":"https:\/\/api.w.org\/{rel}","templated":true}]}}