{"id":23292,"date":"2022-09-19T19:55:39","date_gmt":"2022-09-19T17:55:39","guid":{"rendered":"https:\/\/bisbalpenedes.com\/web\/?p=23292"},"modified":"2022-09-19T19:55:39","modified_gmt":"2022-09-19T17:55:39","slug":"lempresa-contractada-per-al-servei-dassessorament-per-a-lexecucio-del-pla-daccio-per-lenergia-sostenible-i-el-clima-paesc-recorrera-i-fara-comprovacions-arreu-del-municipi-avui-dilluns-i-d","status":"publish","type":"post","link":"https:\/\/bisbalpenedes.com\/web\/2022\/09\/19\/lempresa-contractada-per-al-servei-dassessorament-per-a-lexecucio-del-pla-daccio-per-lenergia-sostenible-i-el-clima-paesc-recorrera-i-fara-comprovacions-arreu-del-municipi-avui-dilluns-i-d\/","title":{"rendered":"L&#8217;empresa contractada per al servei d&#8217;assessorament per a l&#8217;execuci\u00f3 del Pla d&#8217;Acci\u00f3 per l&#8217;Energia Sostenible i el Clima (PAESC) recorrer\u00e0 i far\u00e0 comprovacions arreu del municipi avui dilluns i dem\u00e0 dimarts a la nit"},"content":{"rendered":"\n<p>La Regidoria de Via P\u00fablica informa que, aquesta nit i dem\u00e0 dimarts a la nit, l&#8217;empresa contractada per al servei d\u2019assessorament per a l\u2019execuci\u00f3 del Pla d\u2019Acci\u00f3 per l\u2019Energia Sostenible i el Clima (PAESC), recorrer\u00e0 la Bisbal del Pened\u00e8s per analitzar l&#8217;enllumenat de tot el municipi amb l&#8217;objectiu de confeccionar una auditoria de l\u2019enllumenat p\u00fablic per executar projectes de millora -en aquest \u00e0mbit- en un futur.<br>L\u2019empresa contractada assessorar\u00e0 l\u2019Ajuntament de la Bisbal del Pened\u00e8s sobre projectes a executar previstos en el PAESC sobre energia sostenible, millora de l\u2019efici\u00e8ncia energ\u00e8tica, reducci\u00f3 de l\u2019emissi\u00f3 CO2 i tramitaci\u00f3 de subvencions per a aquests projectes.<\/p>\n\n\n\n<hr class=\"wp-block-separator has-alpha-channel-opacity\"\/>\n\n\n\n<p>La Concejal\u00eda de V\u00eda P\u00fablica informa que, esta noche y ma\u00f1ana martes por la noche, la empresa contratada para el servicio de asesoramiento para la ejecuci\u00f3n del Plan de Acci\u00f3n para la Energ\u00eda Sostenible y Clima (PAESC), recorrer\u00e1 la Bisbal del Pened\u00e8s para analizar el alumbrado de todo el municipio con el objetivo de confeccionar una auditor\u00eda del alumbrado p\u00fablico para ejecutar proyectos de mejora -en este \u00e1mbito- en un futuro.<br>La empresa contratada asesorar\u00e1 al Ayuntamiento de la Bisbal del Pened\u00e8s sobre proyectos a ejecutar previstos en el PAESC sobre energ\u00eda sostenible, mejora de eficiencia energ\u00e9tica, reducci\u00f3n de la emisi\u00f3n CO2 y tramitaci\u00f3n de subvenciones para estos proyectos.<\/p>\n","protected":false},"excerpt":{"rendered":"<p>La Regidoria de Via P\u00fablica informa que, aquesta nit i dem\u00e0 dimarts a la nit, l&#8217;empresa contractada per al servei d\u2019assessorament per a l\u2019execuci\u00f3 del Pla d\u2019Acci\u00f3 per l\u2019Energia Sostenible &hellip; <a href=\"https:\/\/bisbalpenedes.com\/web\/2022\/09\/19\/lempresa-contractada-per-al-servei-dassessorament-per-a-lexecucio-del-pla-daccio-per-lenergia-sostenible-i-el-clima-paesc-recorrera-i-fara-comprovacions-arreu-del-municipi-avui-dilluns-i-d\/\" class=\"more-link\">Read More<\/a><\/p>\n","protected":false},"author":4,"featured_media":23293,"comment_status":"closed","ping_status":"closed","sticky":false,"template":"","format":"standard","meta":[],"categories":[8],"tags":[5489,459,1106,393,2166,1374,1930],"_links":{"self":[{"href":"https:\/\/bisbalpenedes.com\/web\/wp-json\/wp\/v2\/posts\/23292"}],"collection":[{"href":"https:\/\/bisbalpenedes.com\/web\/wp-json\/wp\/v2\/posts"}],"about":[{"href":"https:\/\/bisbalpenedes.com\/web\/wp-json\/wp\/v2\/types\/post"}],"author":[{"embeddable":true,"href":"https:\/\/bisbalpenedes.com\/web\/wp-json\/wp\/v2\/users\/4"}],"replies":[{"embeddable":true,"href":"https:\/\/bisbalpenedes.com\/web\/wp-json\/wp\/v2\/comments?post=23292"}],"version-history":[{"count":1,"href":"https:\/\/bisbalpenedes.com\/web\/wp-json\/wp\/v2\/posts\/23292\/revisions"}],"predecessor-version":[{"id":23294,"href":"https:\/\/bisbalpenedes.com\/web\/wp-json\/wp\/v2\/posts\/23292\/revisions\/23294"}],"wp:featuredmedia":[{"embeddable":true,"href":"https:\/\/bisbalpenedes.com\/web\/wp-json\/wp\/v2\/media\/23293"}],"wp:attachment":[{"href":"https:\/\/bisbalpenedes.com\/web\/wp-json\/wp\/v2\/media?parent=23292"}],"wp:term":[{"taxonomy":"category","embeddable":true,"href":"https:\/\/bisbalpenedes.com\/web\/wp-json\/wp\/v2\/categories?post=23292"},{"taxonomy":"post_tag","embeddable":true,"href":"https:\/\/bisbalpenedes.com\/web\/wp-json\/wp\/v2\/tags?post=23292"}],"curies":[{"name":"wp","href":"https:\/\/api.w.org\/{rel}","templated":true}]}}