{"id":23288,"date":"2022-09-19T14:46:31","date_gmt":"2022-09-19T12:46:31","guid":{"rendered":"https:\/\/bisbalpenedes.com\/web\/?p=23288"},"modified":"2022-09-19T14:46:31","modified_gmt":"2022-09-19T12:46:31","slug":"del-21-al-23-de-setembre-podeu-donar-objectes-per-a-la-tombola-de-la-parroquia-de-la-fira","status":"publish","type":"post","link":"https:\/\/bisbalpenedes.com\/web\/2022\/09\/19\/del-21-al-23-de-setembre-podeu-donar-objectes-per-a-la-tombola-de-la-parroquia-de-la-fira\/","title":{"rendered":"Del 21 al 23 de setembre podeu donar objectes per a la t\u00f3mbola de la parr\u00f2quia de &#8216;La Fira&#8217;"},"content":{"rendered":"\n<p>La parr\u00f2quia informa que, si voleu participar en la t\u00f3mbola de la rectoria -que es far\u00e0 durant &#8216;La Fira&#8217;- podeu portar els objectes que vulgueu donar el dimecres 21 de setembre, el dijous 22 de setembre i el divendres 23 de setembre, de 18h a 20h, a la rectoria (pla\u00e7a de l&#8217;esgl\u00e9sia).<\/p>\n\n\n\n<p>&#8216;La Fira&#8217; se celebrar\u00e0 el primer diumenge d&#8217;octubre, el dia 2, i la t\u00f3mbola comen\u00e7ar\u00e0 a les 10h del mat\u00ed.<\/p>\n\n\n\n<hr class=\"wp-block-separator has-alpha-channel-opacity\"\/>\n\n\n\n<p>La parroquia informa que, si quer\u00e9is participar en la t\u00f3mbola de la rector\u00eda -que se har\u00e1 durante &#8216;La Fira&#8217;- pod\u00e9is llevar los objetos que quer\u00e1is donar el mi\u00e9rcoles 21 de septiembre, el jueves 22 de septiembre y el viernes 23 de septiembre, de 18h a 20h, a la rector\u00eda (plaza de la iglesia).<\/p>\n\n\n\n<p>&#8216;La Fira&#8217; se celebrar\u00e1 el primer domingo de octubre, el d\u00eda 2, y la t\u00f3mbola empezar\u00e1 a las 10h de la ma\u00f1ana.<\/p>\n","protected":false},"excerpt":{"rendered":"<p>La parr\u00f2quia informa que, si voleu participar en la t\u00f3mbola de la rectoria -que es far\u00e0 durant &#8216;La Fira&#8217;- podeu portar els objectes que vulgueu donar el dimecres 21 de &hellip; <a href=\"https:\/\/bisbalpenedes.com\/web\/2022\/09\/19\/del-21-al-23-de-setembre-podeu-donar-objectes-per-a-la-tombola-de-la-parroquia-de-la-fira\/\" class=\"more-link\">Read More<\/a><\/p>\n","protected":false},"author":4,"featured_media":23289,"comment_status":"closed","ping_status":"closed","sticky":false,"template":"","format":"standard","meta":[],"categories":[2942,20,8],"tags":[393,2362,5488,5487],"_links":{"self":[{"href":"https:\/\/bisbalpenedes.com\/web\/wp-json\/wp\/v2\/posts\/23288"}],"collection":[{"href":"https:\/\/bisbalpenedes.com\/web\/wp-json\/wp\/v2\/posts"}],"about":[{"href":"https:\/\/bisbalpenedes.com\/web\/wp-json\/wp\/v2\/types\/post"}],"author":[{"embeddable":true,"href":"https:\/\/bisbalpenedes.com\/web\/wp-json\/wp\/v2\/users\/4"}],"replies":[{"embeddable":true,"href":"https:\/\/bisbalpenedes.com\/web\/wp-json\/wp\/v2\/comments?post=23288"}],"version-history":[{"count":1,"href":"https:\/\/bisbalpenedes.com\/web\/wp-json\/wp\/v2\/posts\/23288\/revisions"}],"predecessor-version":[{"id":23290,"href":"https:\/\/bisbalpenedes.com\/web\/wp-json\/wp\/v2\/posts\/23288\/revisions\/23290"}],"wp:featuredmedia":[{"embeddable":true,"href":"https:\/\/bisbalpenedes.com\/web\/wp-json\/wp\/v2\/media\/23289"}],"wp:attachment":[{"href":"https:\/\/bisbalpenedes.com\/web\/wp-json\/wp\/v2\/media?parent=23288"}],"wp:term":[{"taxonomy":"category","embeddable":true,"href":"https:\/\/bisbalpenedes.com\/web\/wp-json\/wp\/v2\/categories?post=23288"},{"taxonomy":"post_tag","embeddable":true,"href":"https:\/\/bisbalpenedes.com\/web\/wp-json\/wp\/v2\/tags?post=23288"}],"curies":[{"name":"wp","href":"https:\/\/api.w.org\/{rel}","templated":true}]}}