{"id":23280,"date":"2022-09-16T19:12:07","date_gmt":"2022-09-16T17:12:07","guid":{"rendered":"https:\/\/bisbalpenedes.com\/web\/?p=23280"},"modified":"2022-09-16T19:15:06","modified_gmt":"2022-09-16T17:15:06","slug":"el-raco-de-la-gent-gran-acollira-la-xerrada-eines-pel-teu-futur-el-dimecres-21-de-setembre-a-les-16h-adrecada-a-la-gent-gran","status":"publish","type":"post","link":"https:\/\/bisbalpenedes.com\/web\/2022\/09\/16\/el-raco-de-la-gent-gran-acollira-la-xerrada-eines-pel-teu-futur-el-dimecres-21-de-setembre-a-les-16h-adrecada-a-la-gent-gran\/","title":{"rendered":"El Rac\u00f3 de la Gent Gran acollir\u00e0 la xerrada &#8220;Eines pel teu futur&#8221; el dimecres 21 de setembre a les 16h (adre\u00e7ada a la gent gran)"},"content":{"rendered":"\n<p>El proper dimecres 21 de setembre, a les 16h, el Rac\u00f3 de la Gent Gran acollir\u00e0 la xerrada &#8220;Eines pel teu futur&#8221; adre\u00e7ada a la gent gran i impartida pel Centre de Dia per a la gent gran Marinada. L&#8217;entrada ser\u00e0 lliure.<\/p>\n\n\n\n<hr class=\"wp-block-separator has-alpha-channel-opacity\"\/>\n\n\n\n<p>El pr\u00f3ximo mi\u00e9rcoles 21 de septiembre, a las 16h, el Rac\u00f3 de la Gent Gran acoger\u00e1 la charla &#8220;Eines pel teu futur&#8221; dirigida&nbsp; a la gente mayor e impartida por el Centro de D\u00eda para la gente mayor Marinada. La entrada ser\u00e1 libre.<\/p>\n","protected":false},"excerpt":{"rendered":"<p>El proper dimecres 21 de setembre, a les 16h, el Rac\u00f3 de la Gent Gran acollir\u00e0 la xerrada &#8220;Eines pel teu futur&#8221; adre\u00e7ada a la gent gran i impartida pel &hellip; <a href=\"https:\/\/bisbalpenedes.com\/web\/2022\/09\/16\/el-raco-de-la-gent-gran-acollira-la-xerrada-eines-pel-teu-futur-el-dimecres-21-de-setembre-a-les-16h-adrecada-a-la-gent-gran\/\" class=\"more-link\">Read More<\/a><\/p>\n","protected":false},"author":4,"featured_media":23281,"comment_status":"closed","ping_status":"closed","sticky":false,"template":"","format":"standard","meta":[],"categories":[464,8],"tags":[305,393,2115],"_links":{"self":[{"href":"https:\/\/bisbalpenedes.com\/web\/wp-json\/wp\/v2\/posts\/23280"}],"collection":[{"href":"https:\/\/bisbalpenedes.com\/web\/wp-json\/wp\/v2\/posts"}],"about":[{"href":"https:\/\/bisbalpenedes.com\/web\/wp-json\/wp\/v2\/types\/post"}],"author":[{"embeddable":true,"href":"https:\/\/bisbalpenedes.com\/web\/wp-json\/wp\/v2\/users\/4"}],"replies":[{"embeddable":true,"href":"https:\/\/bisbalpenedes.com\/web\/wp-json\/wp\/v2\/comments?post=23280"}],"version-history":[{"count":2,"href":"https:\/\/bisbalpenedes.com\/web\/wp-json\/wp\/v2\/posts\/23280\/revisions"}],"predecessor-version":[{"id":23283,"href":"https:\/\/bisbalpenedes.com\/web\/wp-json\/wp\/v2\/posts\/23280\/revisions\/23283"}],"wp:featuredmedia":[{"embeddable":true,"href":"https:\/\/bisbalpenedes.com\/web\/wp-json\/wp\/v2\/media\/23281"}],"wp:attachment":[{"href":"https:\/\/bisbalpenedes.com\/web\/wp-json\/wp\/v2\/media?parent=23280"}],"wp:term":[{"taxonomy":"category","embeddable":true,"href":"https:\/\/bisbalpenedes.com\/web\/wp-json\/wp\/v2\/categories?post=23280"},{"taxonomy":"post_tag","embeddable":true,"href":"https:\/\/bisbalpenedes.com\/web\/wp-json\/wp\/v2\/tags?post=23280"}],"curies":[{"name":"wp","href":"https:\/\/api.w.org\/{rel}","templated":true}]}}