{"id":23271,"date":"2022-09-15T12:47:33","date_gmt":"2022-09-15T10:47:33","guid":{"rendered":"https:\/\/bisbalpenedes.com\/web\/?p=23271"},"modified":"2022-09-15T12:47:33","modified_gmt":"2022-09-15T10:47:33","slug":"ultim-dia-per-recollir-les-entrades-per-a-lespectacle-del-quim-masferrer","status":"publish","type":"post","link":"https:\/\/bisbalpenedes.com\/web\/2022\/09\/15\/ultim-dia-per-recollir-les-entrades-per-a-lespectacle-del-quim-masferrer\/","title":{"rendered":"\u00daltim dia per recollir les entrades per a l&#8217;espectacle del Quim Masferrer"},"content":{"rendered":"\n<p>Les entrades per a l&#8217;espectacle del Quim Masferrer del divendres 16 de setembre es podran venir a recollir el mateix divendres de 10h a 12h (si no vau venir dissabte o dilluns). S&#8217;haur\u00e0 de deixar un dip\u00f2sit d&#8217;1\u20ac, per entrada, que ser\u00e0 retornat a l&#8217;hora de l&#8217;espectacle.<\/p>\n\n\n\n<p>*Divendres al migdia publicarem el nombre de places que queden lliures per a totes aquelles persones que no tinguin entrada. Les persones sense entrada accediran al recinte per rigor\u00f3s ordre de cua fins que no hi hagi m\u00e9s places lliures disponibles.<\/p>\n\n\n\n<hr class=\"wp-block-separator has-alpha-channel-opacity\"\/>\n\n\n\n<p>Las entradas para el espect\u00e1culo de Quim Masferrer del viernes 16 de septiembre se podr\u00e1n pasar a recoger por el Ayuntamiento el mismo viernes de 10h a 12h (si no vinisteis el s\u00e1bado o el lunes). Se tendr\u00e1 que dejar un dep\u00f3sito de 1\u20ac, por entrada, que ser\u00e1 devuelto a la hora del espect\u00e1culo.<\/p>\n\n\n\n<p>*El viernes a mediod\u00eda publicaremos el n\u00famero de plazas que quedan libres para todas aquellas personas que no tengan entrada. Las personas sin entrada acceder\u00e1n al recinto por riguroso orden de cola hasta que no haya m\u00e1s plazas libres disponibles.<\/p>\n\n\n\n<figure class=\"wp-block-image size-large\"><img loading=\"lazy\" width=\"724\" height=\"1024\" src=\"https:\/\/bisbalpenedes.com\/web\/wp-content\/uploads\/2022\/09\/bona-gent-set-2022-B-724x1024.jpg\" alt=\"\" class=\"wp-image-23174\" srcset=\"https:\/\/bisbalpenedes.com\/web\/wp-content\/uploads\/2022\/09\/bona-gent-set-2022-B-724x1024.jpg 724w, https:\/\/bisbalpenedes.com\/web\/wp-content\/uploads\/2022\/09\/bona-gent-set-2022-B-212x300.jpg 212w, https:\/\/bisbalpenedes.com\/web\/wp-content\/uploads\/2022\/09\/bona-gent-set-2022-B-768x1086.jpg 768w, https:\/\/bisbalpenedes.com\/web\/wp-content\/uploads\/2022\/09\/bona-gent-set-2022-B-1086x1536.jpg 1086w, https:\/\/bisbalpenedes.com\/web\/wp-content\/uploads\/2022\/09\/bona-gent-set-2022-B-1448x2048.jpg 1448w, https:\/\/bisbalpenedes.com\/web\/wp-content\/uploads\/2022\/09\/bona-gent-set-2022-B-600x849.jpg 600w, https:\/\/bisbalpenedes.com\/web\/wp-content\/uploads\/2022\/09\/bona-gent-set-2022-B-scaled.jpg 1810w\" sizes=\"(max-width: 724px) 100vw, 724px\" \/><\/figure>\n","protected":false},"excerpt":{"rendered":"<p>Les entrades per a l&#8217;espectacle del Quim Masferrer del divendres 16 de setembre es podran venir a recollir el mateix divendres de 10h a 12h (si no vau venir dissabte &hellip; <a href=\"https:\/\/bisbalpenedes.com\/web\/2022\/09\/15\/ultim-dia-per-recollir-les-entrades-per-a-lespectacle-del-quim-masferrer\/\" class=\"more-link\">Read More<\/a><\/p>\n","protected":false},"author":4,"featured_media":23272,"comment_status":"closed","ping_status":"closed","sticky":false,"template":"","format":"standard","meta":[],"categories":[2942,13,2161,1042,4668,8],"tags":[459,5485,538,1634,393,4020],"_links":{"self":[{"href":"https:\/\/bisbalpenedes.com\/web\/wp-json\/wp\/v2\/posts\/23271"}],"collection":[{"href":"https:\/\/bisbalpenedes.com\/web\/wp-json\/wp\/v2\/posts"}],"about":[{"href":"https:\/\/bisbalpenedes.com\/web\/wp-json\/wp\/v2\/types\/post"}],"author":[{"embeddable":true,"href":"https:\/\/bisbalpenedes.com\/web\/wp-json\/wp\/v2\/users\/4"}],"replies":[{"embeddable":true,"href":"https:\/\/bisbalpenedes.com\/web\/wp-json\/wp\/v2\/comments?post=23271"}],"version-history":[{"count":1,"href":"https:\/\/bisbalpenedes.com\/web\/wp-json\/wp\/v2\/posts\/23271\/revisions"}],"predecessor-version":[{"id":23273,"href":"https:\/\/bisbalpenedes.com\/web\/wp-json\/wp\/v2\/posts\/23271\/revisions\/23273"}],"wp:featuredmedia":[{"embeddable":true,"href":"https:\/\/bisbalpenedes.com\/web\/wp-json\/wp\/v2\/media\/23272"}],"wp:attachment":[{"href":"https:\/\/bisbalpenedes.com\/web\/wp-json\/wp\/v2\/media?parent=23271"}],"wp:term":[{"taxonomy":"category","embeddable":true,"href":"https:\/\/bisbalpenedes.com\/web\/wp-json\/wp\/v2\/categories?post=23271"},{"taxonomy":"post_tag","embeddable":true,"href":"https:\/\/bisbalpenedes.com\/web\/wp-json\/wp\/v2\/tags?post=23271"}],"curies":[{"name":"wp","href":"https:\/\/api.w.org\/{rel}","templated":true}]}}