{"id":23264,"date":"2022-09-15T09:00:00","date_gmt":"2022-09-15T07:00:00","guid":{"rendered":"https:\/\/bisbalpenedes.com\/web\/?p=23264"},"modified":"2022-09-14T19:28:22","modified_gmt":"2022-09-14T17:28:22","slug":"neix-una-nova-associacio-per-a-cuidadors-i-cuidadores-a-la-bisbal-del-penedes","status":"publish","type":"post","link":"https:\/\/bisbalpenedes.com\/web\/2022\/09\/15\/neix-una-nova-associacio-per-a-cuidadors-i-cuidadores-a-la-bisbal-del-penedes\/","title":{"rendered":"Neix una nova associaci\u00f3 per a cuidadors i cuidadores a la Bisbal del Pened\u00e8s"},"content":{"rendered":"\n<pre class=\"wp-block-verse\"><em><sub>A la foto, d'esquerra a dreta: Judith Vidal, primera tinenta d'alcaldia; \u00c0ngels Turdiu, fundadora d'Amatista; Agn\u00e8s Ferr\u00e9, alcaldessa de la Bisbal del Pened\u00e8s; i Feliu Gil, regidor.<\/sub><\/em><\/pre>\n\n\n\n<p>La Bisbal del Pened\u00e8s compta amb una nova associaci\u00f3 gr\u00e0cies a la iniciativa de la bisbalenca \u00c0ngels Turdiu. Es tracta d\u2019Amatista, una entitat que pret\u00e9n donar suport a persones que tenen la responsabilitat de ser cuidadores principals de familiars. L\u2019objectiu de l\u2019entitat \u00e9s que els cuidadors i les cuidadores puguin transmutar les estones de malestar en moments de benestar.<\/p>\n\n\n\n<p>Segons l\u2019\u00c0ngels Turdiu, poden formar part de l\u2019entitat totes aquelles persones cuidadores de familiars <em>\u201cpersones malaltes, que necessitin atenci\u00f3 continuada, malalts de llarga durada, pacients amb malalties greus, persones amb problemes f\u00edsics o mentals, problemes senils o degeneracions del sistema nervi\u00f3s, entre altres\u201d<\/em>.\u00a0 Turdiu explica que <em>\u201cquan vaig pensar en la creaci\u00f3 de l\u2019entitat em feia la pregunta \u2018qui cuida el cuidador?\u2019 i l\u2019entitat precisament va n\u00e9ixer d\u2019aix\u00f2, de voler donar resposta a aquesta pregunta\u201d.<\/em><\/p>\n\n\n\n<p>Aquesta entitat no t\u00e9 \u00e0nim de lucre i organitzar\u00e0 reunions amb els cuidadors i les cuidadores per parlar, que cadasc\u00fa pugui expressar el que tingui ganes de dir, el que sent, etc. i per compartir experi\u00e8ncies que puguin ajudar els altres. A m\u00e9s, de tant en tant tamb\u00e9 es comptar\u00e0 amb la pres\u00e8ncia de professionals i terapeutes que ajudaran als cuidadors i cuidadores a trobar camins per alleujar les situacions personals i familiars relacionades amb la tasca del cuidador o la cuidadora.&nbsp;<\/p>\n\n\n\n<p>Si voleu formar part d\u2019aquesta entitat, podeu contactar amb l\u2019\u00c0ngels per tel\u00e8fon o per Whatsapp: <strong>639 13 67 27.\u00a0<\/strong><\/p>\n\n\n\n<hr class=\"wp-block-separator has-alpha-channel-opacity\"\/>\n\n\n\n<p>La Bisbal del Pened\u00e8s cuenta con una nueva asociaci\u00f3n gracias a la iniciativa de la bisbalenca \u00c0ngels Turdiu. Se trata de Amatista, una entidad que pretende dar apoyo a personas que tienen la responsabilidad de ser cuidadoras principales de familiares. El objetivo de la entidad es que los cuidadores y las cuidadoras puedan transmutar los ratos de malestar en momentos de bienestar.<\/p>\n\n\n\n<p>Seg\u00fan \u00c0ngels Turdiu, pueden formar parte de la entidad todas aquellas personas cuidadoras de familiares <em>\u201cpersonas enfermas, que necesiten atenci\u00f3n continua, enfermos de larga duraci\u00f3n, pacientes con enfermedades graves, personas con problemas f\u00edsicos o mentales, problemas seniles o degeneraciones del sistema nervioso, entre otras\u201d.<\/em> Turdiu explica que <em>\u201ccuando pens\u00e9 en la creaci\u00f3n de la entidad me hac\u00eda la pregunta \u2018\u00bfqui\u00e9n cuida al cuidador?\u2019 y la entidad precisamente naci\u00f3 de esto, de querer dar respuesta a esta pregunta\u201d.<\/em><\/p>\n\n\n\n<p>Esta entidad no tiene \u00e1nimo de lucro y organizar\u00e1 reuniones con los cuidadores y las cuidadoras para hablar, que cada uno\/a pueda expresar lo que tenga ganas de decir, lo que siente, etc. y para compartir experiencias que puedan ayudar a los dem\u00e1s. Adem\u00e1s, de vez en cuando tambi\u00e9n se contar\u00e1 con la presencia de profesionales y terapeutas que ayudar\u00e1n a los cuidadores y cuidadoras a encontrar caminos para aliviar las situaciones personales y familiares relacionadas con la tarea de cuidador o cuidadora.&nbsp;<\/p>\n\n\n\n<p>Si quer\u00e9is formar parte de esta entidad, pod\u00e9is contactar con \u00c0ngels por tel\u00e9fono o por Whatsapp <strong>639 13 67 27.<\/strong><\/p>\n","protected":false},"excerpt":{"rendered":"<p>A la foto, d&#8217;esquerra a dreta: Judith Vidal, primera tinenta d&#8217;alcaldia; \u00c0ngels Turdiu, fundadora d&#8217;Amatista; Agn\u00e8s Ferr\u00e9, alcaldessa de la Bisbal del Pened\u00e8s; i Feliu Gil, regidor. La Bisbal del &hellip; <a href=\"https:\/\/bisbalpenedes.com\/web\/2022\/09\/15\/neix-una-nova-associacio-per-a-cuidadors-i-cuidadores-a-la-bisbal-del-penedes\/\" class=\"more-link\">Read More<\/a><\/p>\n","protected":false},"author":4,"featured_media":23265,"comment_status":"closed","ping_status":"closed","sticky":false,"template":"","format":"standard","meta":[],"categories":[20,8],"tags":[5481,5484,470,5483,5482,351,393],"_links":{"self":[{"href":"https:\/\/bisbalpenedes.com\/web\/wp-json\/wp\/v2\/posts\/23264"}],"collection":[{"href":"https:\/\/bisbalpenedes.com\/web\/wp-json\/wp\/v2\/posts"}],"about":[{"href":"https:\/\/bisbalpenedes.com\/web\/wp-json\/wp\/v2\/types\/post"}],"author":[{"embeddable":true,"href":"https:\/\/bisbalpenedes.com\/web\/wp-json\/wp\/v2\/users\/4"}],"replies":[{"embeddable":true,"href":"https:\/\/bisbalpenedes.com\/web\/wp-json\/wp\/v2\/comments?post=23264"}],"version-history":[{"count":4,"href":"https:\/\/bisbalpenedes.com\/web\/wp-json\/wp\/v2\/posts\/23264\/revisions"}],"predecessor-version":[{"id":23269,"href":"https:\/\/bisbalpenedes.com\/web\/wp-json\/wp\/v2\/posts\/23264\/revisions\/23269"}],"wp:featuredmedia":[{"embeddable":true,"href":"https:\/\/bisbalpenedes.com\/web\/wp-json\/wp\/v2\/media\/23265"}],"wp:attachment":[{"href":"https:\/\/bisbalpenedes.com\/web\/wp-json\/wp\/v2\/media?parent=23264"}],"wp:term":[{"taxonomy":"category","embeddable":true,"href":"https:\/\/bisbalpenedes.com\/web\/wp-json\/wp\/v2\/categories?post=23264"},{"taxonomy":"post_tag","embeddable":true,"href":"https:\/\/bisbalpenedes.com\/web\/wp-json\/wp\/v2\/tags?post=23264"}],"curies":[{"name":"wp","href":"https:\/\/api.w.org\/{rel}","templated":true}]}}