{"id":23248,"date":"2022-09-14T17:29:18","date_gmt":"2022-09-14T15:29:18","guid":{"rendered":"https:\/\/bisbalpenedes.com\/web\/?p=23248"},"modified":"2022-09-14T17:29:18","modified_gmt":"2022-09-14T15:29:18","slug":"aquest-dilluns-12-de-setembre-ha-pres-possessio-de-la-placa-dauxiliar-administrativa-una-de-les-candidates-classificades-en-el-proces-de-seleccio-per-concurs-oposicio","status":"publish","type":"post","link":"https:\/\/bisbalpenedes.com\/web\/2022\/09\/14\/aquest-dilluns-12-de-setembre-ha-pres-possessio-de-la-placa-dauxiliar-administrativa-una-de-les-candidates-classificades-en-el-proces-de-seleccio-per-concurs-oposicio\/","title":{"rendered":"Aquest dilluns 12 de setembre ha pres possessi\u00f3 de la pla\u00e7a d&#8217;auxiliar administrativa una de les candidates classificades en el proc\u00e9s de selecci\u00f3 per concurs oposici\u00f3"},"content":{"rendered":"\n<p>Aquest dilluns 12 de setembre de 2022, Sandra Rueda ha pres possessi\u00f3 de la pla\u00e7a d&#8217;auxiliar administrativa en r\u00e8gim de funcion\u00e0ria de carrera, segons el Decret d&#8217;alcaldia de 2 de setembre de nomenament. Des del 12 de setembre, s&#8217;inicien 2 mesos de prova.<\/p>\n\n\n\n<p>Un total de 60 persones es van presentar a la convocat\u00f2ria de dues places d&#8217;auxiliar administratiu\/va (grup C2) en el r\u00e8gim de funcionari\/a de carrera, mitjan\u00e7ant concurs-oposici\u00f3, en el marc del proc\u00e9s d&#8217;estabilitzaci\u00f3 de l&#8217;ocupaci\u00f3 temporal de l&#8217;Ajuntament de la Bisbal del Pened\u00e8s. De les 60 persones presentades, 7 van quedar excloses per no presentar la documentaci\u00f3 necess\u00e0ria per avaluar els requisits i m\u00e8rits de les places i 5 no van superar la prova de catal\u00e0 del nivel C1.<\/p>\n\n\n\n<p>El 19 de juliol es van fer les proves d&#8217;oposici\u00f3 i un total de 13 candidats i candidates van aprovar perqu\u00e8 van obtenir m\u00e9s de 30 punts d&#8217;una puntuaci\u00f3 total de 60. El Tribunal va nomenar les candidates amb m\u00e9s puntuaci\u00f3 per ocupar les dues places d&#8217;auxiliar administratiu. La Sandra Rueda ja s&#8217;ha incorporat i l&#8217;altra candidata s&#8217;incorporar\u00e0 en les properes setmanes. Les onze persones restants, formaran part de la borsa de treball d&#8217;auxiliars administratius per cobrir vacants temporals o per atendre necessitats urgents.<\/p>\n\n\n\n<hr class=\"wp-block-separator has-alpha-channel-opacity\"\/>\n\n\n\n<p>Este lunes 12 de septiembre de 2022, Sandra Rueda ha tomado posesi\u00f3n de la plaza de auxiliar administrativa en r\u00e9gimen de funcionaria de carrera, seg\u00fan el Decreto de alcald\u00eda de 2 de septiembre de nombramiento. Desde el 12 de septiembre, se inician 2 meses de prueba.<\/p>\n\n\n\n<p>Un total de 60 personas se presentaron a la convocatoria de dos plazas de auxiliar administrativo\/va (grupo C2) en el r\u00e9gimen de funcionario\/a de carrera, mediante concurso-oposici\u00f3n, en el marco del proceso de estabilizaci\u00f3n de la ocupaci\u00f3n temporal del Ayuntamiento de la Bisbal del Pened\u00e8s. De las 60 personas presentadas, 7 quedaron excluidas por no presentar la documentaci\u00f3n necesaria para evaluar los requisitos y m\u00e9ritos de las plazas y 5 no superaron la prueba de catal\u00e1n del nivel C1.<\/p>\n\n\n\n<p>El 19 de julio se hicieron las pruebas de oposici\u00f3n y un total de 13 candidatos y candidatas aprobaron porque obtuvieron m\u00e1s de 30 puntos de una puntuaci\u00f3n total de 60. El Tribunal nombr\u00f3 a las candidatas con m\u00e1s puntuaci\u00f3n para ocupar las dos plazas de auxiliar administrativo. Sandra Rueda ya se ha incorporado y la otra candidata se incorporar\u00e1 en las pr\u00f3ximas semanas. Las once personas restantes, formar\u00e1n parte de la bolsa de trabajo de auxiliares administrativos para cubrir vacantes temporales o para atender necesidades urgentes.<\/p>\n","protected":false},"excerpt":{"rendered":"<p>Aquest dilluns 12 de setembre de 2022, Sandra Rueda ha pres possessi\u00f3 de la pla\u00e7a d&#8217;auxiliar administrativa en r\u00e8gim de funcion\u00e0ria de carrera, segons el Decret d&#8217;alcaldia de 2 de &hellip; <a href=\"https:\/\/bisbalpenedes.com\/web\/2022\/09\/14\/aquest-dilluns-12-de-setembre-ha-pres-possessio-de-la-placa-dauxiliar-administrativa-una-de-les-candidates-classificades-en-el-proces-de-seleccio-per-concurs-oposicio\/\" class=\"more-link\">Read More<\/a><\/p>\n","protected":false},"author":4,"featured_media":23249,"comment_status":"closed","ping_status":"closed","sticky":false,"template":"","format":"standard","meta":[],"categories":[2402,8],"tags":[5475,393,407,5477,5476],"_links":{"self":[{"href":"https:\/\/bisbalpenedes.com\/web\/wp-json\/wp\/v2\/posts\/23248"}],"collection":[{"href":"https:\/\/bisbalpenedes.com\/web\/wp-json\/wp\/v2\/posts"}],"about":[{"href":"https:\/\/bisbalpenedes.com\/web\/wp-json\/wp\/v2\/types\/post"}],"author":[{"embeddable":true,"href":"https:\/\/bisbalpenedes.com\/web\/wp-json\/wp\/v2\/users\/4"}],"replies":[{"embeddable":true,"href":"https:\/\/bisbalpenedes.com\/web\/wp-json\/wp\/v2\/comments?post=23248"}],"version-history":[{"count":1,"href":"https:\/\/bisbalpenedes.com\/web\/wp-json\/wp\/v2\/posts\/23248\/revisions"}],"predecessor-version":[{"id":23250,"href":"https:\/\/bisbalpenedes.com\/web\/wp-json\/wp\/v2\/posts\/23248\/revisions\/23250"}],"wp:featuredmedia":[{"embeddable":true,"href":"https:\/\/bisbalpenedes.com\/web\/wp-json\/wp\/v2\/media\/23249"}],"wp:attachment":[{"href":"https:\/\/bisbalpenedes.com\/web\/wp-json\/wp\/v2\/media?parent=23248"}],"wp:term":[{"taxonomy":"category","embeddable":true,"href":"https:\/\/bisbalpenedes.com\/web\/wp-json\/wp\/v2\/categories?post=23248"},{"taxonomy":"post_tag","embeddable":true,"href":"https:\/\/bisbalpenedes.com\/web\/wp-json\/wp\/v2\/tags?post=23248"}],"curies":[{"name":"wp","href":"https:\/\/api.w.org\/{rel}","templated":true}]}}