{"id":23245,"date":"2022-09-14T16:10:36","date_gmt":"2022-09-14T14:10:36","guid":{"rendered":"https:\/\/bisbalpenedes.com\/web\/?p=23245"},"modified":"2022-09-14T16:10:36","modified_gmt":"2022-09-14T14:10:36","slug":"saprova-la-relacio-definitiva-dadmesos-i-exclosos-en-el-proces-selectiu-de-dues-places-de-peo-de-brigada-de-jardineria-i-neteja-viaria-mitjancant-concurs","status":"publish","type":"post","link":"https:\/\/bisbalpenedes.com\/web\/2022\/09\/14\/saprova-la-relacio-definitiva-dadmesos-i-exclosos-en-el-proces-selectiu-de-dues-places-de-peo-de-brigada-de-jardineria-i-neteja-viaria-mitjancant-concurs\/","title":{"rendered":"S&#8217;aprova la relaci\u00f3 definitiva d&#8217;admesos i exclosos en el proc\u00e9s selectiu de dues places de pe\u00f3 de brigada de jardineria i neteja vi\u00e0ria mitjan\u00e7ant concurs"},"content":{"rendered":"\n<p>El passat 23 d&#8217;agost es va publicar la relaci\u00f3 provisional d&#8217;aspirants admesos i exclosos en el proc\u00e9s selectiu d&#8217;una pla\u00e7a de pe\u00f3 de brigada de jardineria i neteja vi\u00e0ria, mitjan\u00e7ant concurs. De les setze persones presentades, tres van quedar excloses provisionalment per no presentar la documentaci\u00f3 necess\u00e0ria per avaluar els requisits i m\u00e8rits de les places. Dues d&#8217;aquestes tres persones han presentat la documentaci\u00f3 que faltava dins del termini fixat.<\/p>\n\n\n\n<p>El 12 de setembre es va aprovar, per Decret d&#8217;alcaldia, la relaci\u00f3 definitiva d&#8217;admesos i exclosos: dels setze candidats, quinze han estat admesos definitivament i un ha estat excl\u00f2s per no presentar la documentaci\u00f3 requerida. El Decret designa el tribunal que valorar\u00e0 els m\u00e8rits dels aspirants i fixa el dia de la valoraci\u00f3. Alhora, aprova convocar la prova de nivell b\u00e0sic de catal\u00e0 A, que ser\u00e0 eliminat\u00f2ria, per a nou persones de les admeses en el proc\u00e9s selectiu. Aquesta prova es far\u00e0 el dilluns 19 de setembre a les 9h al Centre Municipal de Cultura.<\/p>\n\n\n\n<p>Podeu consultar la relaci\u00f3 definitiva d&#8217;admesos i exclosos a: <a href=\"https:\/\/bisbalpenedes.com\/web\/wp-content\/uploads\/2022\/09\/BOP-def.jardineria.pdf\">https:\/\/bisbalpenedes.com\/web\/wp-content\/uploads\/2022\/09\/BOP-def.jardineria.pdf<\/a><\/p>\n\n\n\n<hr class=\"wp-block-separator has-alpha-channel-opacity\"\/>\n\n\n\n<p><strong>CASTELLANO |<\/strong>&nbsp;El pasado 23 de agosto se public\u00f3 la relaci\u00f3n provisional de aspirantes admitidos y excluidos en el proceso selectivo de una plaza de pe\u00f3n de brigada de jardiner\u00eda y limpieza vial, mediante concurso. De las diecis\u00e9is personas presentadas, tres quedaron excluidas provisionalmente por no presentar la documentaci\u00f3n necesaria para evaluar los requisitos y m\u00e9ritos de las plazas. Dos de estas tres personas han presentado la documentaci\u00f3n que faltaba dentro del plazo fijado.<\/p>\n\n\n\n<p>El 12 de septiembre se aprob\u00f3, por Decreto de alcald\u00eda, la relaci\u00f3n definitiva de admitidos y excluidos: de los diecis\u00e9is candidatos, quince han sido admitidos definitivamente y uno ha sido excluido por no presentar la documentaci\u00f3n requerida. El Decreto designa el tribunal que valorar\u00e1 los m\u00e9ritos de los aspirantes y fija el d\u00eda de la valoraci\u00f3n. Adem\u00e1s, aprueba convocar la prueba de nivel b\u00e1sico de catal\u00e1n A, que ser\u00e1 eliminatoria, para nueve personas de las admitidas en el proceso selectivo. Esta prueba se har\u00e1 el lunes 19 de septiembre a las 9h en el Centre Municipal de Cultura.<\/p>\n\n\n\n<p>Pod\u00e9is consultar la relaci\u00f3n definitiva de admitidos y excluidos en: <a href=\"https:\/\/bisbalpenedes.com\/web\/wp-content\/uploads\/2022\/09\/BOP-def.jardineria.pdf\">https:\/\/bisbalpenedes.com\/web\/wp-content\/uploads\/2022\/09\/BOP-def.jardineria.pdf<\/a><\/p>\n","protected":false},"excerpt":{"rendered":"<p>El passat 23 d&#8217;agost es va publicar la relaci\u00f3 provisional d&#8217;aspirants admesos i exclosos en el proc\u00e9s selectiu d&#8217;una pla\u00e7a de pe\u00f3 de brigada de jardineria i neteja vi\u00e0ria, mitjan\u00e7ant &hellip; <a href=\"https:\/\/bisbalpenedes.com\/web\/2022\/09\/14\/saprova-la-relacio-definitiva-dadmesos-i-exclosos-en-el-proces-selectiu-de-dues-places-de-peo-de-brigada-de-jardineria-i-neteja-viaria-mitjancant-concurs\/\" class=\"more-link\">Read More<\/a><\/p>\n","protected":false},"author":4,"featured_media":23098,"comment_status":"closed","ping_status":"closed","sticky":false,"template":"","format":"standard","meta":[],"categories":[2402,8],"tags":[459,2462,1422,393,2215,5471],"_links":{"self":[{"href":"https:\/\/bisbalpenedes.com\/web\/wp-json\/wp\/v2\/posts\/23245"}],"collection":[{"href":"https:\/\/bisbalpenedes.com\/web\/wp-json\/wp\/v2\/posts"}],"about":[{"href":"https:\/\/bisbalpenedes.com\/web\/wp-json\/wp\/v2\/types\/post"}],"author":[{"embeddable":true,"href":"https:\/\/bisbalpenedes.com\/web\/wp-json\/wp\/v2\/users\/4"}],"replies":[{"embeddable":true,"href":"https:\/\/bisbalpenedes.com\/web\/wp-json\/wp\/v2\/comments?post=23245"}],"version-history":[{"count":1,"href":"https:\/\/bisbalpenedes.com\/web\/wp-json\/wp\/v2\/posts\/23245\/revisions"}],"predecessor-version":[{"id":23246,"href":"https:\/\/bisbalpenedes.com\/web\/wp-json\/wp\/v2\/posts\/23245\/revisions\/23246"}],"wp:featuredmedia":[{"embeddable":true,"href":"https:\/\/bisbalpenedes.com\/web\/wp-json\/wp\/v2\/media\/23098"}],"wp:attachment":[{"href":"https:\/\/bisbalpenedes.com\/web\/wp-json\/wp\/v2\/media?parent=23245"}],"wp:term":[{"taxonomy":"category","embeddable":true,"href":"https:\/\/bisbalpenedes.com\/web\/wp-json\/wp\/v2\/categories?post=23245"},{"taxonomy":"post_tag","embeddable":true,"href":"https:\/\/bisbalpenedes.com\/web\/wp-json\/wp\/v2\/tags?post=23245"}],"curies":[{"name":"wp","href":"https:\/\/api.w.org\/{rel}","templated":true}]}}