{"id":23242,"date":"2022-09-14T15:55:26","date_gmt":"2022-09-14T13:55:26","guid":{"rendered":"https:\/\/bisbalpenedes.com\/web\/?p=23242"},"modified":"2022-09-14T15:55:26","modified_gmt":"2022-09-14T13:55:26","slug":"el-proper-dilluns-19-de-setembre-a-les-19h-tindra-lloc-el-ple-ordinari-de-lajuntament-de-la-bisbal-del-penedes","status":"publish","type":"post","link":"https:\/\/bisbalpenedes.com\/web\/2022\/09\/14\/el-proper-dilluns-19-de-setembre-a-les-19h-tindra-lloc-el-ple-ordinari-de-lajuntament-de-la-bisbal-del-penedes\/","title":{"rendered":"El proper dilluns 19 de setembre a les 19h tindr\u00e0 lloc el Ple Ordinari de l&#8217;Ajuntament de la Bisbal del Pened\u00e8s"},"content":{"rendered":"\n<p>El proper dilluns 19 de setembre, a les 19h, tindr\u00e0 lloc el Ple ordinari de l&#8217;Ajuntament de la Bisbal del Pened\u00e8s corresponent a aquest trimestre.<\/p>\n\n\n\n<p>Aquests s\u00f3n els punts de l&#8217;ordre del dia:<\/p>\n\n\n\n<p><strong>PART RESOLUTIVA<\/strong><strong><\/strong><\/p>\n\n\n\n<p>1.-Aprovaci\u00f3 de l\u2019acta del Ple del 20\/06\/2022<\/p>\n\n\n\n<p>2.-Aprovaci\u00f3 de l\u2019acta del Ple del 29\/07\/2022<\/p>\n\n\n\n<p>3.-Aprovaci\u00f3 de l\u2019acta del Ple del 25\/08\/2022<\/p>\n\n\n\n<p>4.-Aprovaci\u00f3 del compte general 2021<\/p>\n\n\n\n<p>5.-Modificaci\u00f3 del PPNS del Pol\u00edgon les Planes Baixes<\/p>\n\n\n\n<p>6.-Elecci\u00f3 del Jutge de Pau titular<\/p>\n\n\n\n<p>7.-Enc\u00e0rrec de gesti\u00f3 al CCBP del projecte \u201cXarxa d\u2019autocaravanes\u201d<\/p>\n\n\n\n<p><strong>PART DE CONTROL<\/strong><\/p>\n\n\n\n<p>8.-Donar compte dels Decrets d\u2019Alcaldia<\/p>\n\n\n\n<p>9.-Donar compte dels acords de la Junta de Govern Local<\/p>\n\n\n\n<p>10.-Moci\u00f3 del grup municipal ARA la Bisbal<\/p>\n\n\n\n<p>11.-Moci\u00f3 del grup municipal ERC-AM<\/p>\n\n\n\n<p>12.-Donar compte del PMP del 2n trimestre&nbsp;<\/p>\n\n\n\n<p>13.-Donar compte de l\u2019execuci\u00f3 del pressupost del 2n trimestre&nbsp;<\/p>\n\n\n\n<p>14.-Donar compte de les l\u00ednies fonamentals&nbsp;<\/p>\n\n\n\n<p>15.-Donar compte de l\u2019informe d\u2019Intervenci\u00f3 sobre l\u2019estabilitat pressupost\u00e0ria de la modificaci\u00f3 de cr\u00e8dit 3PLE\/2022&nbsp;<\/p>\n\n\n\n<p><strong>PRECS I PREGUNTES<\/strong><\/p>\n\n\n\n<p><strong>*****&nbsp;<\/strong><\/p>\n\n\n\n<p><strong>PRECS I PREGUNTES DE LA CIUTADANIA<\/strong><\/p>\n\n\n\n<p>Segons el ROM aprovat al Ple de l\u2019Ajuntament de la Bisbal el 19 de juny de 2017, la ciutadania pot participar en els Plens Ordinaris. Tot seguit us detallem el funcionament d\u2019aquest sup\u00f2sit:<\/p>\n\n\n\n<p>Totes les persones tenen dret a intervenir en les sessions ordin\u00e0ries del Ple en el punt de l\u2019ordre del dia de \u2018Precs i preguntes\u2019, d\u2019acord amb les prescripcions seg\u00fcents:<\/p>\n\n\n\n<ul><li>El prec o pregunta s\u2019haur\u00e0 de sol\u2022licitar a l\u2019Alcaldia:<\/li><\/ul>\n\n\n\n<p>o per escrit i entrar-lo\/a al Registre General com a m\u00e0xim 24 hores abans del Ple Ordinari<\/p>\n\n\n\n<p>o Per Twitter a @BisbalPenedes com a m\u00e0xim 24h abans del Ple Ordinari, complint el protocol d\u2019\u00fas de les xarxes socials i emprant l\u2019etiqueta&nbsp;<a href=\"https:\/\/www.facebook.com\/hashtag\/plebisbalpened%C3%A8s?__eep__=6&amp;source=feed_text&amp;epa=HASHTAG&amp;__xts__%5B0%5D=68.ARD1wXWwwlno0rOKPmoxxgSz89WYH5i8NHgdzmCY3U1GDyNswWNuLJC5R3CyiwZ8glyCklNOgb5D6-ILDBbxPeAhsZdMu8qbfllJN2mwOAG9lPX1POezHU4xpQ6CrtbSOFPuM13bcQDPXDkcT8uMdzLDRgfw5h57ESASLFFbhrUkWoxSN8IheJ2bj9-81sTG3gqQ-wPW1oTv63_qHlpWUiTPav-2exYCEXYInFYQJDcg-f8siVOv1iRTgFStQHuyX1OUlmXnMQEAJGyp0rbWxJ0DXP_c3jiScxjBnW0-ebrftvJ5rcDs6dNS_U1mdQ8lmfvzgSMIsH-xyDrOEt-i4-01nqBm&amp;__tn__=%2ANK-R\">#PleBisbalPened\u00e8s<\/a>, seguit del prec o pregunta.<\/p>\n\n\n\n<ul><li>L\u2019assumpte objecte del prec o pregunta haur\u00e0 de ser de compet\u00e8ncia municipal sobre l\u2019acci\u00f3 de govern o estar directament relacionat amb els punts inclosos a l\u2019ordre del dia.<\/li><\/ul>\n\n\n\n<ul><li>Cada ciutad\u00e0\/ana pot formular un prec i una pregunta en un mateix Ple. La longitud m\u00e0xima de cada piulada \u00e9s de 140 car\u00e0cters i no es pot continuar la pregunta en un segon \u2018tweet\u2019.<\/li><\/ul>\n\n\n\n<ul><li>L\u2019alcaldia podr\u00e0 no respondre si \u00e9s un assumpte sobre el qual l\u2019Ajuntament no t\u00e9 compet\u00e8ncies o si ja s\u2019ha presentat la mateixa pregunta en una altra sessi\u00f3 plen\u00e0ria en els \u00faltims 6 mesos.<\/li><\/ul>\n\n\n\n<ul><li>L\u2019alcaldia comunicar\u00e0, acabat el termini m\u00e0xim de presentaci\u00f3 de preguntes, a qui vagin dirigides les preguntes o peticions sol\u2022licitades perqu\u00e8 les pugui respondre.<\/li><\/ul>\n\n\n\n<ul><li>L\u2019Alcaldia llegir\u00e0 la pregunta en veu alta.<\/li><\/ul>\n\n\n\n<ul><li>L\u2019alcaldia o a qui va adre\u00e7ada la pregunta, la respondr\u00e0 en la mateixa sessi\u00f3 del Ple.<\/li><\/ul>\n\n\n\n<hr class=\"wp-block-separator has-alpha-channel-opacity\"\/>\n\n\n\n<p><strong>CASTELLANO |<\/strong>&nbsp;El pr\u00f3ximo lunes 19 de septiembre, a las 19h, tendr\u00e1 lugar el Pleno ordinario del Ayuntamiento de la Bisbal del Pened\u00e8s correspondiente a este trimestre.<\/p>\n\n\n\n<p>Estos son los puntos del orden del d\u00eda:<\/p>\n\n\n\n<p><strong>PARTE RESOLUTIVA<\/strong><\/p>\n\n\n\n<p>1.-Aprobaci\u00f3n del acta del Pleno del 20\/06\/2022<\/p>\n\n\n\n<p>2.-Aprobaci\u00f3n del acta del Pleno del 29\/07\/2022<\/p>\n\n\n\n<p>3.-Aprobaci\u00f3n del acta del Pleno del 25\/08\/2022<\/p>\n\n\n\n<p>4.-Aprobaci\u00f3n de la cuenta general 2021<\/p>\n\n\n\n<p>5.-Modificaci\u00f3n del PPNS del Pol\u00edgono les Planes Baixes<\/p>\n\n\n\n<p>6.-Elecci\u00f3n del Juez de Paz titular<\/p>\n\n\n\n<p>7.-Encargo de gesti\u00f3n al CCBP del proyecto &#8220;Red de autocaravanas&#8221;.<\/p>\n\n\n\n<p><strong>PARTE DE CONTROL<\/strong><\/p>\n\n\n\n<p>8.-Dar cuenta de los Decretos de Alcald\u00eda<\/p>\n\n\n\n<p>9.-Dar cuenta de los acuerdos de la Junta de Gobierno Local<\/p>\n\n\n\n<p>10.-Moci\u00f3n del grupo Ara la Bisbal<\/p>\n\n\n\n<p>11.-Moci\u00f3n del grupo municipal ERC-AM<\/p>\n\n\n\n<p>12.-Dar cuenta del PMP del 2\u00ba trimestre<\/p>\n\n\n\n<p>13.-Dar cuenta de la ejecuci\u00f3n del presupuesto del 2\u00ba trimestre<\/p>\n\n\n\n<p>14.-Dar cuenta de las l\u00edneas fundamentales<\/p>\n\n\n\n<p>15.-Dar cuenta del informe de Intervenci\u00f3n sobre la estabilidad presupuestaria de la modificaci\u00f3n de cr\u00e9dito 3PLE\/2022<\/p>\n\n\n\n<p><strong>RUEGOS Y PREGUNTAS<\/strong><\/p>\n\n\n\n<p><strong>*****&nbsp;<\/strong><\/p>\n\n\n\n<p><strong>RUEGOS Y PREGUNTAS DE LA CIUDADAN\u00cdA<\/strong><\/p>\n\n\n\n<p>Seg\u00fan el ROM aprobado en el Pleno del Ayuntamiento de la Bisbal del Pened\u00e8s el pasado 19 de junio del 2017, la ciudadan\u00eda puede participar en los Plenos Ordinarios. A continuaci\u00f3n, os detallamos el funcionamiento de este supuesto:<\/p>\n\n\n\n<p>Todas las personas tienen derecho a intervenir en las sesiones ordinarias del Pleno en el punto de la orden del d\u00eda de \u2018Ruegos y preguntas\u2019, de acuerdo con las prescripciones siguientes:<\/p>\n\n\n\n<ul><li>El ruego o pregunta deber\u00e1 solicitarse a Alcald\u00eda:<\/li><\/ul>\n\n\n\n<p>o Por escrito y entrarlo\/la por escrito como m\u00e1ximo 24 horas antes del Pleno Ordinario<\/p>\n\n\n\n<p>o Por Twitter en @BisbalPenedes como m\u00e1ximo 24h antes del Pleno Ordinario, cumpliendo el protocolo de uso de las redes sociales con el formato&nbsp;<a href=\"https:\/\/www.facebook.com\/hashtag\/plebisbalpened%C3%A8s?__eep__=6&amp;source=feed_text&amp;epa=HASHTAG&amp;__xts__%5B0%5D=68.ARD1wXWwwlno0rOKPmoxxgSz89WYH5i8NHgdzmCY3U1GDyNswWNuLJC5R3CyiwZ8glyCklNOgb5D6-ILDBbxPeAhsZdMu8qbfllJN2mwOAG9lPX1POezHU4xpQ6CrtbSOFPuM13bcQDPXDkcT8uMdzLDRgfw5h57ESASLFFbhrUkWoxSN8IheJ2bj9-81sTG3gqQ-wPW1oTv63_qHlpWUiTPav-2exYCEXYInFYQJDcg-f8siVOv1iRTgFStQHuyX1OUlmXnMQEAJGyp0rbWxJ0DXP_c3jiScxjBnW0-ebrftvJ5rcDs6dNS_U1mdQ8lmfvzgSMIsH-xyDrOEt-i4-01nqBm&amp;__tn__=%2ANK-R\">#PleBisbalPened\u00e8s<\/a>, seguido del ruego o pregunta.<\/p>\n\n\n\n<ul><li>El asunto objeto del ruego o pregunta deber\u00e1 ser de competencia municipal sobre la acci\u00f3n de gobierno o estar directamente relacionado con los puntos incluidos en el orden del d\u00eda.<\/li><\/ul>\n\n\n\n<ul><li>Cada ciudadano\/na puede formular un ruego y una pregunta en un mismo Pleno. La longitud m\u00e1xima de cada tweet es de 140 caracteres y no se puede continuar la pregunta con un segundo \u2018tweet.<\/li><\/ul>\n\n\n\n<ul><li>Alcald\u00eda podr\u00e1 no responder si es un asunto sobre el cual el Ayuntamiento no tiene competencias o si ya se ha presentado la misma pregunta en otra sesi\u00f3n plenaria de los \u00faltimos 6 meses.<\/li><\/ul>\n\n\n\n<ul><li>\u00a0Alcald\u00eda comunicar\u00e1, terminado el plazo m\u00e1ximo de presentaci\u00f3n de preguntas, a quien vayan dirigidas las preguntas o peticiones solicitadas para que las pueda responder.<\/li><\/ul>\n\n\n\n<ul><li>Alcald\u00eda leer\u00e1 la pregunta en voz alta.<\/li><\/ul>\n\n\n\n<ul><li>Alcald\u00eda o a quien vaya dirigida la pregunta, la responder\u00e1 en la misma sesi\u00f3n del Pleno.<\/li><\/ul>\n","protected":false},"excerpt":{"rendered":"<p>El proper dilluns 19 de setembre, a les 19h, tindr\u00e0 lloc el Ple ordinari de l&#8217;Ajuntament de la Bisbal del Pened\u00e8s corresponent a aquest trimestre. Aquests s\u00f3n els punts de &hellip; <a href=\"https:\/\/bisbalpenedes.com\/web\/2022\/09\/14\/el-proper-dilluns-19-de-setembre-a-les-19h-tindra-lloc-el-ple-ordinari-de-lajuntament-de-la-bisbal-del-penedes\/\" class=\"more-link\">Read More<\/a><\/p>\n","protected":false},"author":4,"featured_media":20647,"comment_status":"closed","ping_status":"closed","sticky":false,"template":"","format":"standard","meta":[],"categories":[8,2251,2250],"tags":[459,393,139,249,814,5474],"_links":{"self":[{"href":"https:\/\/bisbalpenedes.com\/web\/wp-json\/wp\/v2\/posts\/23242"}],"collection":[{"href":"https:\/\/bisbalpenedes.com\/web\/wp-json\/wp\/v2\/posts"}],"about":[{"href":"https:\/\/bisbalpenedes.com\/web\/wp-json\/wp\/v2\/types\/post"}],"author":[{"embeddable":true,"href":"https:\/\/bisbalpenedes.com\/web\/wp-json\/wp\/v2\/users\/4"}],"replies":[{"embeddable":true,"href":"https:\/\/bisbalpenedes.com\/web\/wp-json\/wp\/v2\/comments?post=23242"}],"version-history":[{"count":1,"href":"https:\/\/bisbalpenedes.com\/web\/wp-json\/wp\/v2\/posts\/23242\/revisions"}],"predecessor-version":[{"id":23243,"href":"https:\/\/bisbalpenedes.com\/web\/wp-json\/wp\/v2\/posts\/23242\/revisions\/23243"}],"wp:featuredmedia":[{"embeddable":true,"href":"https:\/\/bisbalpenedes.com\/web\/wp-json\/wp\/v2\/media\/20647"}],"wp:attachment":[{"href":"https:\/\/bisbalpenedes.com\/web\/wp-json\/wp\/v2\/media?parent=23242"}],"wp:term":[{"taxonomy":"category","embeddable":true,"href":"https:\/\/bisbalpenedes.com\/web\/wp-json\/wp\/v2\/categories?post=23242"},{"taxonomy":"post_tag","embeddable":true,"href":"https:\/\/bisbalpenedes.com\/web\/wp-json\/wp\/v2\/tags?post=23242"}],"curies":[{"name":"wp","href":"https:\/\/api.w.org\/{rel}","templated":true}]}}