{"id":2324,"date":"2017-04-24T01:59:57","date_gmt":"2017-04-23T19:59:57","guid":{"rendered":"http:\/\/bisbalpenedes.com\/web\/?p=2324"},"modified":"2017-04-24T02:03:45","modified_gmt":"2017-04-23T20:03:45","slug":"una-quarantena-dobres-han-participat-al-9e-concurs-literari-sant-jordi-de-la-bisbal","status":"publish","type":"post","link":"https:\/\/bisbalpenedes.com\/web\/2017\/04\/24\/una-quarantena-dobres-han-participat-al-9e-concurs-literari-sant-jordi-de-la-bisbal\/","title":{"rendered":"Una quarantena d\u2019obres han participat al 9\u00e8 Concurs Literari Sant Jordi de La Bisbal"},"content":{"rendered":"<p style=\"text-align: center;\"><a href=\"http:\/\/bisbalpenedes.com\/web\/wp-content\/uploads\/2017\/04\/Premiats-adults.jpg\"><img loading=\"lazy\" class=\"aligncenter size-large wp-image-2325\" title=\"Concurs Sant Jordi Adults\" src=\"http:\/\/bisbalpenedes.com\/web\/wp-content\/uploads\/2017\/04\/Premiats-adults-1024x768.jpg\" alt=\"Imatge de tots els premiats del 9\u00e8 Concurs Literari Sant Jordi. Foto: Salvador Catal\u00e0.\" width=\"630\" height=\"472\" srcset=\"https:\/\/bisbalpenedes.com\/web\/wp-content\/uploads\/2017\/04\/Premiats-adults-1024x768.jpg 1024w, https:\/\/bisbalpenedes.com\/web\/wp-content\/uploads\/2017\/04\/Premiats-adults-600x450.jpg 600w, https:\/\/bisbalpenedes.com\/web\/wp-content\/uploads\/2017\/04\/Premiats-adults-300x225.jpg 300w\" sizes=\"(max-width: 630px) 100vw, 630px\" \/><\/a><span style=\"font-size: 0.75em;\">Imatge de tots els premiats del 9\u00e8 Concurs Literari Sant Jordi. Foto: Salvador Catal\u00e0.<\/span><\/p>\n<p>&nbsp;<\/p>\n<p><strong>Les obres presentades han arribat de tot el pa\u00eds i la majoria han estat en prosa<\/strong><\/p>\n<p style=\"padding-left: 30px;\">Aquest diumenge, Diada de Sant Jordi, han tingut lloc els lliuraments de premis del 9\u00e8 Concurs Literari Infantil i del 9\u00e8 Concurs Literari Sant Jordi.<\/p>\n<p><strong>9\u00e8 CONCURS LITERARI SANT JORDI<\/strong><\/p>\n<p style=\"padding-left: 30px;\">Quant al 9\u00e8 Concurs Literari Sant Jordi, s\u2019hi han presentat una quarantena d\u2019obres i els premis han estat per:<\/p>\n<p style=\"padding-left: 30px;\"><strong>Primer Premi:<\/strong> \u201cAmor a la veneciana\u201d de Jenny Rod\u00e0 i Casado (Olot). El premi ha estat dotat en 200 euros, un lot de llibres i un diploma commemoratiu.<\/p>\n<p style=\"padding-left: 30px;\"><strong>Segon Premi:<\/strong> \u201cLa disfressa\u201d de Maria del Carme Alerm i Viloca (Cerdanyola del Vall\u00e8s). El premi ha estat dotat de 150 euros, un lot de llibres i un diploma commemoratiu.<\/p>\n<p style=\"padding-left: 30px;\"><strong>Tercer Premi:<\/strong> \u201cMem\u00f2ries d\u2019un marrec\u201d de Ramon Gonz\u00e1lez i Reverter (Sant Carles de la R\u00e0pita). El premi ha estat dotat per 100 euros, un lot de llibres i un diploma commemoratiu.<\/p>\n<p style=\"padding-left: 30px;\">L\u2019acc\u00e8ssit de tem\u00e0tica bisbalenca ha estat per \u201cEl meu cel enyorat\u201d d\u2019Alba Domingo i Alcal\u00e0 (El Vendrell). Aquest \u00e9s el premi que entrega l\u2019antiga Associaci\u00f3 Per la Dignitat de la Bisbal, entitat fundadora del concurs literari. S\u2019entrega a aquelles obres de poesia i prosa que tinguin tem\u00e0tica bisbalenca. Ha estat dotat en 400 euros.<\/p>\n<p>\u00a0 \u00a0 \u00a0 \u00a0 \u00a0 L\u2019alcaldessa, Agn\u00e8s Ferr\u00e9, ha destacat, durant l\u2019entrega de premis, la gran quantitat d\u2019actes que s\u2019han organitzat durant tota la setmana a La Bisbal del Pened\u00e8s amb motiu de Sant Jordi. Entre tots ells ha ressaltat la reinauguraci\u00f3 de la Biblioteca P\u00fablica de La Bisbal del Pened\u00e8s, que ha entrat a formar part de la Xarxa de Biblioteques de Catalunya i la presentaci\u00f3 del llibre \u2018Arrels de campanar\u2019 del bisbalenc Heribert Ventosa. D\u2019altra banda, ha elogiat la feina dels bisbalencs i les bisbalenques que tiren endavant iniciatives culturals: \u201cLa cultura \u00e9s un tresor, \u00e9s la riquesa que tenim, i a La Bisbal tenim moltes entitats culturals i moltes persones que a t\u00edtol individual contribueixen a propagar aquesta cultura i a fer-ne bandera\u201d.<\/p>\n<p>Per la seva banda la regidora de Cultura, Judith Vidal, ha explicat que al Concurs Literari Sant Jordi d\u2019enguany s\u2019hi han presentat una quarantena d\u2019obres, de les quals sis eren de poesia i la resta prosa. Les obres han arribat d\u2019arreu del pa\u00eds i Vidal ha explicat que, segons el jurat, els treballs d\u2019aquest any han estat de molta qualitat i, per aix\u00f2, la tria dels guanyadors ha estat dif\u00edcil. La regidora tamb\u00e9 ha explicat als assistents que si alg\u00fa vol llegir els textos dels guanyadors, els pot demanar a l\u2019Ajuntament de La Bisbal del Pened\u00e8s.<\/p>\n<p style=\"padding-left: 30px;\">El jurat ha estat format per:<\/p>\n<p style=\"padding-left: 30px;\">-Rosa Maria Banach Rovirosa, professora d\u2019Hist\u00f2ria a l\u2019Institut Coster de la Torre.<\/p>\n<p style=\"padding-left: 30px;\">-\u00c0ngela Bages, catedr\u00e0tica de filologia catalana per la UB, professora de Catal\u00e0 a l\u2019Institut Ramon de la Torre.<\/p>\n<p style=\"padding-left: 30px;\">-Joan Sol\u00e9 Bordas, que ha format part del jurat des del primer any. Professor de secund\u00e0ria de Llengua i Literatura i membre de l\u2019Institut d\u2019Estudis Penedesencs.<\/p>\n<p style=\"padding-left: 30px;\">-Jordi Ferran Ventosa, llicenciat d\u2019Hist\u00f2ria per la URV. Ha estat arxiver i bibliotecari durant un any a La Bisbal que encara col\u00b7labora de forma altruista amb l\u2019Ajuntament de La Bisbal.<\/p>\n<p style=\"padding-left: 30px;\">-Agust\u00ed Pons i Mir, periodista i autor de diversos llibres.<\/p>\n<p style=\"padding-left: 30px;\">L\u2019entrega de premis ha finalitzat amb un pica-pica i l\u2019actuaci\u00f3 musical de Quico el C\u00e8lio, el Noi i el Mut de Ferreries.<\/p>\n<h6 style=\"text-align: center;\">\u00a0<a href=\"http:\/\/bisbalpenedes.com\/web\/wp-content\/uploads\/2017\/04\/Quico-el-celio-general.jpg\"><img loading=\"lazy\" class=\"aligncenter size-large wp-image-2328\" title=\"Quico el celio el noi i el mut de ferreries\" src=\"http:\/\/bisbalpenedes.com\/web\/wp-content\/uploads\/2017\/04\/Quico-el-celio-general-1024x768.jpg\" alt=\"Imatge d'un moment de l'actuaci\u00f3 de Quico el C\u00e8lio, el Noi i el Mut de Ferreries. Foto: Salvador Catal\u00e0.\" width=\"630\" height=\"472\" srcset=\"https:\/\/bisbalpenedes.com\/web\/wp-content\/uploads\/2017\/04\/Quico-el-celio-general-1024x768.jpg 1024w, https:\/\/bisbalpenedes.com\/web\/wp-content\/uploads\/2017\/04\/Quico-el-celio-general-600x450.jpg 600w, https:\/\/bisbalpenedes.com\/web\/wp-content\/uploads\/2017\/04\/Quico-el-celio-general-300x225.jpg 300w\" sizes=\"(max-width: 630px) 100vw, 630px\" \/><\/a>Imatge d&#8217;un moment de l&#8217;actuaci\u00f3 de Quico el C\u00e8lio, el Noi i el Mut de Ferreries. Foto: Salvador Catal\u00e0.<\/h6>\n<p>&nbsp;<\/p>\n<p><strong>9\u00e8 CONCURS LITERARI INFANTIL<\/strong><\/p>\n<p style=\"text-align: center;\"><a href=\"http:\/\/bisbalpenedes.com\/web\/wp-content\/uploads\/2017\/04\/Premis-infantils-1.jpg\" target=\"_blank\"><img loading=\"lazy\" class=\"aligncenter size-large wp-image-2326\" title=\"Premis infantils 1 sant jordi\" src=\"http:\/\/bisbalpenedes.com\/web\/wp-content\/uploads\/2017\/04\/Premis-infantils-1-1024x768.jpg\" alt=\"\" width=\"630\" height=\"472\" srcset=\"https:\/\/bisbalpenedes.com\/web\/wp-content\/uploads\/2017\/04\/Premis-infantils-1-1024x768.jpg 1024w, https:\/\/bisbalpenedes.com\/web\/wp-content\/uploads\/2017\/04\/Premis-infantils-1-600x450.jpg 600w, https:\/\/bisbalpenedes.com\/web\/wp-content\/uploads\/2017\/04\/Premis-infantils-1-300x225.jpg 300w\" sizes=\"(max-width: 630px) 100vw, 630px\" \/><\/a><span style=\"font-size: 0.75em;\">Imatge d&#8217;un moment de l&#8217;entrega dels premis infantils. Foto: Salvador Catal\u00e0.<\/span><\/p>\n<p>Durant el mat\u00ed, s\u2019han repartit els premis infantils als alumnes de l\u2019Escola Ull de Vent en un acte que ha finalitzat amb una actuaci\u00f3 de m\u00e0gia a c\u00e0rrec del Mag Selvin. Els premiats i les premiades de l\u2019Escola Ull de Vent han estat, per cursos:<\/p>\n<p style=\"padding-left: 30px;\"><strong>P3:<\/strong> Alba Polonio Caballero i Brayan Francisco Moyano<\/p>\n<p style=\"padding-left: 30px;\"><strong>P4A:<\/strong> Ana Izquierdo Caballero i Natalia L\u00f3pez Nieto<\/p>\n<p style=\"padding-left: 30px;\"><strong>P4B:<\/strong> Nora Sol\u00e9 Mu\u00f1oz i Lily Petite<\/p>\n<p style=\"padding-left: 30px;\"><strong>P5:<\/strong> Pere Campanera Cuevas, Eva Mart\u00ednez Castro, Isa\u00efas Candalija Pros i \u00c1ngel Felipe Gim\u00e9nez Mateus.<\/p>\n<p style=\"padding-left: 30px;\"><strong>1r:<\/strong> Ainhoa Alfred Dom\u00ednguez, Nerea L\u00f3pez Oteros, Ainhoa Criado Rubio i Carla Morros Rossell.<\/p>\n<p style=\"padding-left: 30px;\"><strong>2n:<\/strong> \u00c1lvaro Lorente Cerezo Carlos Ruiz Moreno, Sara Barahona Huete i Marina L\u00f3pez Nieto.<\/p>\n<p style=\"padding-left: 30px;\"><strong>3r:<\/strong> Samuel L\u00f3pez Coleto, Flor Ram\u00edrez Zuluaga, Arnau Castell\u00f3 Banach i Maria Fern\u00e1ndez.<\/p>\n<p style=\"padding-left: 30px;\"><strong>4rt:<\/strong> Alec Cort\u00e9s, Laia Escudero, Myriam Alc\u00e1zar Losada i Alba Siles Siurana.<\/p>\n<p style=\"padding-left: 30px;\"><strong>5\u00e8:<\/strong> Brian Nortu\u00f1o Castej\u00f3n i Roger L\u00f3pez Sol\u00e9.<\/p>\n","protected":false},"excerpt":{"rendered":"<p>Imatge de tots els premiats del 9\u00e8 Concurs Literari Sant Jordi. Foto: Salvador Catal\u00e0. &nbsp; Les obres presentades han arribat de tot el pa\u00eds i la majoria han estat en &hellip; <a href=\"https:\/\/bisbalpenedes.com\/web\/2017\/04\/24\/una-quarantena-dobres-han-participat-al-9e-concurs-literari-sant-jordi-de-la-bisbal\/\" class=\"more-link\">Read More<\/a><\/p>\n","protected":false},"author":4,"featured_media":2325,"comment_status":"closed","ping_status":"closed","sticky":false,"template":"","format":"standard","meta":[],"categories":[13],"tags":[344,339,225,338,155,340,342,343,341],"_links":{"self":[{"href":"https:\/\/bisbalpenedes.com\/web\/wp-json\/wp\/v2\/posts\/2324"}],"collection":[{"href":"https:\/\/bisbalpenedes.com\/web\/wp-json\/wp\/v2\/posts"}],"about":[{"href":"https:\/\/bisbalpenedes.com\/web\/wp-json\/wp\/v2\/types\/post"}],"author":[{"embeddable":true,"href":"https:\/\/bisbalpenedes.com\/web\/wp-json\/wp\/v2\/users\/4"}],"replies":[{"embeddable":true,"href":"https:\/\/bisbalpenedes.com\/web\/wp-json\/wp\/v2\/comments?post=2324"}],"version-history":[{"count":9,"href":"https:\/\/bisbalpenedes.com\/web\/wp-json\/wp\/v2\/posts\/2324\/revisions"}],"predecessor-version":[{"id":2336,"href":"https:\/\/bisbalpenedes.com\/web\/wp-json\/wp\/v2\/posts\/2324\/revisions\/2336"}],"wp:featuredmedia":[{"embeddable":true,"href":"https:\/\/bisbalpenedes.com\/web\/wp-json\/wp\/v2\/media\/2325"}],"wp:attachment":[{"href":"https:\/\/bisbalpenedes.com\/web\/wp-json\/wp\/v2\/media?parent=2324"}],"wp:term":[{"taxonomy":"category","embeddable":true,"href":"https:\/\/bisbalpenedes.com\/web\/wp-json\/wp\/v2\/categories?post=2324"},{"taxonomy":"post_tag","embeddable":true,"href":"https:\/\/bisbalpenedes.com\/web\/wp-json\/wp\/v2\/tags?post=2324"}],"curies":[{"name":"wp","href":"https:\/\/api.w.org\/{rel}","templated":true}]}}