{"id":23238,"date":"2022-09-13T20:01:59","date_gmt":"2022-09-13T18:01:59","guid":{"rendered":"https:\/\/bisbalpenedes.com\/web\/?p=23238"},"modified":"2022-09-13T20:01:59","modified_gmt":"2022-09-13T18:01:59","slug":"el-servei-meteorologic-de-catalunya-ha-emes-un-avis-per-intensitat-de-pluja-per-dema-dimecres-14-de-setembre","status":"publish","type":"post","link":"https:\/\/bisbalpenedes.com\/web\/2022\/09\/13\/el-servei-meteorologic-de-catalunya-ha-emes-un-avis-per-intensitat-de-pluja-per-dema-dimecres-14-de-setembre\/","title":{"rendered":"El Servei Meteorol\u00f2gic de Catalunya ha em\u00e8s un av\u00eds per intensitat de pluja per dem\u00e0 dimecres 14 de setembre"},"content":{"rendered":"\n<p>El Servei Meteorol\u00f2gic de Catalunya ha em\u00e8s un av\u00eds per intensitat de pluja per dem\u00e0 dimecres. Els x\u00e0fecs sovint aniran acompanyats de tempesta i de ratxes fortes de vent. Extremeu les precaucions, especialment a la carretera.<\/p>\n\n\n\n<hr class=\"wp-block-separator has-alpha-channel-opacity\"\/>\n\n\n\n<p>El Servicio Meteorol\u00f3gico de Catalu\u00f1a ha emitido un aviso por intensidad de lluvia para ma\u00f1ana mi\u00e9rcoles. Los chubascos a menudo ir\u00e1n acompa\u00f1ados de tormenta y de rachas fuertes de viento. Extremad las precauciones, especialmente en la carretera.<\/p>\n","protected":false},"excerpt":{"rendered":"<p>El Servei Meteorol\u00f2gic de Catalunya ha em\u00e8s un av\u00eds per intensitat de pluja per dem\u00e0 dimecres. Els x\u00e0fecs sovint aniran acompanyats de tempesta i de ratxes fortes de vent. Extremeu &hellip; <a href=\"https:\/\/bisbalpenedes.com\/web\/2022\/09\/13\/el-servei-meteorologic-de-catalunya-ha-emes-un-avis-per-intensitat-de-pluja-per-dema-dimecres-14-de-setembre\/\" class=\"more-link\">Read More<\/a><\/p>\n","protected":false},"author":4,"featured_media":23239,"comment_status":"closed","ping_status":"closed","sticky":false,"template":"","format":"standard","meta":[],"categories":[1628,2543,8],"tags":[459,393,2050,1188,1374,2920],"_links":{"self":[{"href":"https:\/\/bisbalpenedes.com\/web\/wp-json\/wp\/v2\/posts\/23238"}],"collection":[{"href":"https:\/\/bisbalpenedes.com\/web\/wp-json\/wp\/v2\/posts"}],"about":[{"href":"https:\/\/bisbalpenedes.com\/web\/wp-json\/wp\/v2\/types\/post"}],"author":[{"embeddable":true,"href":"https:\/\/bisbalpenedes.com\/web\/wp-json\/wp\/v2\/users\/4"}],"replies":[{"embeddable":true,"href":"https:\/\/bisbalpenedes.com\/web\/wp-json\/wp\/v2\/comments?post=23238"}],"version-history":[{"count":1,"href":"https:\/\/bisbalpenedes.com\/web\/wp-json\/wp\/v2\/posts\/23238\/revisions"}],"predecessor-version":[{"id":23240,"href":"https:\/\/bisbalpenedes.com\/web\/wp-json\/wp\/v2\/posts\/23238\/revisions\/23240"}],"wp:featuredmedia":[{"embeddable":true,"href":"https:\/\/bisbalpenedes.com\/web\/wp-json\/wp\/v2\/media\/23239"}],"wp:attachment":[{"href":"https:\/\/bisbalpenedes.com\/web\/wp-json\/wp\/v2\/media?parent=23238"}],"wp:term":[{"taxonomy":"category","embeddable":true,"href":"https:\/\/bisbalpenedes.com\/web\/wp-json\/wp\/v2\/categories?post=23238"},{"taxonomy":"post_tag","embeddable":true,"href":"https:\/\/bisbalpenedes.com\/web\/wp-json\/wp\/v2\/tags?post=23238"}],"curies":[{"name":"wp","href":"https:\/\/api.w.org\/{rel}","templated":true}]}}