{"id":23234,"date":"2022-09-13T18:30:31","date_gmt":"2022-09-13T16:30:31","guid":{"rendered":"https:\/\/bisbalpenedes.com\/web\/?p=23234"},"modified":"2022-09-13T18:34:46","modified_gmt":"2022-09-13T16:34:46","slug":"saprova-la-relacio-definitiva-dadmesos-i-exclosos-en-el-proces-selectiu-d1-placa-de-peo-de-brigada-denllumenat-per-concurs","status":"publish","type":"post","link":"https:\/\/bisbalpenedes.com\/web\/2022\/09\/13\/saprova-la-relacio-definitiva-dadmesos-i-exclosos-en-el-proces-selectiu-d1-placa-de-peo-de-brigada-denllumenat-per-concurs\/","title":{"rendered":"S\u2019aprova la relaci\u00f3 definitiva d\u2019admesos i exclosos en el proc\u00e9s selectiu d\u2019una pla\u00e7a de pe\u00f3 de brigada d\u2019enllumenat mitjan\u00e7ant concurs"},"content":{"rendered":"\n<p>El passat 23 d&#8217;agost es va publicar la relaci\u00f3 provisional d&#8217;aspirants admesos i exclosos en el proc\u00e9s selectiu d&#8217;una pla\u00e7a de pe\u00f3 de brigada d&#8217;enllumenat, mitjan\u00e7ant concurs. De les nou persones presentades, una va quedar exclosa provisionalment per no presentar la documentaci\u00f3 necess\u00e0ria per avaluar els requisits i m\u00e8rits de les places. No obstant aix\u00f2, aquest aspirant va presentar la documentaci\u00f3 que faltava dins del termini fixat.<\/p>\n\n\n\n<p>El 8 de setembre es va aprovar, per Decret d&#8217;alcaldia, la relaci\u00f3 definitiva d&#8217;admesos i exclosos: els nou candidats presentats han estat admesos definitivament. El Decret designa el tribunal que valorar\u00e0 els m\u00e8rits dels aspirants i fixa el dia de la valoraci\u00f3. Alhora, aprova convocar la prova de nivell b\u00e0sic de catal\u00e0 A, que ser\u00e0 eliminat\u00f2ria, per a set persones de les admeses en el proc\u00e9s selectiu. Aquesta prova es far\u00e0 el dilluns 19 de setembre a les 9h al Centre Municipal de Cultura.<\/p>\n\n\n\n<p>Podeu consultar la relaci\u00f3 definitiva d&#8217;admesos i exclosos a: <a href=\"https:\/\/bisbalpenedes.com\/web\/wp-content\/uploads\/2022\/09\/BOP-def.enllumenat.pdf\">https:\/\/bisbalpenedes.com\/web\/wp-content\/uploads\/2022\/09\/BOP-def.enllumenat.pdf<\/a><\/p>\n\n\n\n<hr class=\"wp-block-separator has-alpha-channel-opacity\"\/>\n\n\n\n<p>El pasado 23 de agosto se public\u00f3 la relaci\u00f3n provisional de aspirantes admitidos y excluidos en el proceso selectivo de una plaza de pe\u00f3n de brigada de alumbrado, mediante concurso. De las nueve personas presentadas, una qued\u00f3 excluida provisionalmente por no presentar la documentaci\u00f3n necesaria para evaluar los requisitos y m\u00e9ritos de las plazas. No obstante, este aspirante present\u00f3 la documentaci\u00f3n que faltaba dentro del plazo fijado.<\/p>\n\n\n\n<p>El 8 de septiembre se aprob\u00f3, por Decreto de alcald\u00eda, la relaci\u00f3n definitiva de admitidos y excluidos: los nueve candidatos presentados han sido admitidos definitivamente. El Decreto designa el tribunal que valorar\u00e1 los m\u00e9ritos de los aspirantes y fija el d\u00eda de la valoraci\u00f3n. A la vez, aprueba convocar la prueba de nivel b\u00e1sico de catal\u00e1n A, que ser\u00e1 eliminatoria, para siete personas de las admitidas en el proceso selectivo. Esta prueba se har\u00e1 el lunes 19 de septiembre a las 9h en el Centre Municipal de Cultura.<\/p>\n\n\n\n<p>Pod\u00e9is consultar la relaci\u00f3n definitiva de admitidos y excluidos en: <a href=\"https:\/\/bisbalpenedes.com\/web\/wp-content\/uploads\/2022\/09\/BOP-def.enllumenat.pdf\">https:\/\/bisbalpenedes.com\/web\/wp-content\/uploads\/2022\/09\/BOP-def.enllumenat.pdf<\/a><\/p>\n","protected":false},"excerpt":{"rendered":"<p>El passat 23 d&#8217;agost es va publicar la relaci\u00f3 provisional d&#8217;aspirants admesos i exclosos en el proc\u00e9s selectiu d&#8217;una pla\u00e7a de pe\u00f3 de brigada d&#8217;enllumenat, mitjan\u00e7ant concurs. De les nou &hellip; <a href=\"https:\/\/bisbalpenedes.com\/web\/2022\/09\/13\/saprova-la-relacio-definitiva-dadmesos-i-exclosos-en-el-proces-selectiu-d1-placa-de-peo-de-brigada-denllumenat-per-concurs\/\" class=\"more-link\">Read More<\/a><\/p>\n","protected":false},"author":4,"featured_media":23095,"comment_status":"closed","ping_status":"closed","sticky":false,"template":"","format":"standard","meta":[],"categories":[2402,8],"tags":[2230,156,1106,2231,393,5472],"_links":{"self":[{"href":"https:\/\/bisbalpenedes.com\/web\/wp-json\/wp\/v2\/posts\/23234"}],"collection":[{"href":"https:\/\/bisbalpenedes.com\/web\/wp-json\/wp\/v2\/posts"}],"about":[{"href":"https:\/\/bisbalpenedes.com\/web\/wp-json\/wp\/v2\/types\/post"}],"author":[{"embeddable":true,"href":"https:\/\/bisbalpenedes.com\/web\/wp-json\/wp\/v2\/users\/4"}],"replies":[{"embeddable":true,"href":"https:\/\/bisbalpenedes.com\/web\/wp-json\/wp\/v2\/comments?post=23234"}],"version-history":[{"count":3,"href":"https:\/\/bisbalpenedes.com\/web\/wp-json\/wp\/v2\/posts\/23234\/revisions"}],"predecessor-version":[{"id":23237,"href":"https:\/\/bisbalpenedes.com\/web\/wp-json\/wp\/v2\/posts\/23234\/revisions\/23237"}],"wp:featuredmedia":[{"embeddable":true,"href":"https:\/\/bisbalpenedes.com\/web\/wp-json\/wp\/v2\/media\/23095"}],"wp:attachment":[{"href":"https:\/\/bisbalpenedes.com\/web\/wp-json\/wp\/v2\/media?parent=23234"}],"wp:term":[{"taxonomy":"category","embeddable":true,"href":"https:\/\/bisbalpenedes.com\/web\/wp-json\/wp\/v2\/categories?post=23234"},{"taxonomy":"post_tag","embeddable":true,"href":"https:\/\/bisbalpenedes.com\/web\/wp-json\/wp\/v2\/tags?post=23234"}],"curies":[{"name":"wp","href":"https:\/\/api.w.org\/{rel}","templated":true}]}}