{"id":23232,"date":"2022-09-13T18:25:48","date_gmt":"2022-09-13T16:25:48","guid":{"rendered":"https:\/\/bisbalpenedes.com\/web\/?p=23232"},"modified":"2022-09-13T18:25:48","modified_gmt":"2022-09-13T16:25:48","slug":"saprova-la-relacio-definitiva-dadmesos-i-exclosos-en-el-proces-selectiu-de-2-places-de-peo-de-brigada-dobres-i-reparacions-mitjancant-concurs","status":"publish","type":"post","link":"https:\/\/bisbalpenedes.com\/web\/2022\/09\/13\/saprova-la-relacio-definitiva-dadmesos-i-exclosos-en-el-proces-selectiu-de-2-places-de-peo-de-brigada-dobres-i-reparacions-mitjancant-concurs\/","title":{"rendered":"S&#8217;aprova la relaci\u00f3 definitiva d&#8217;admesos i exclosos en el proc\u00e9s selectiu de 2 places de pe\u00f3 de brigada d&#8217;obres i reparacions mitjan\u00e7ant concurs"},"content":{"rendered":"\n<p>El passat 23 d&#8217;agost es va publicar la relaci\u00f3 provisional d&#8217;aspirants admesos i exclosos en el proc\u00e9s selectiu de dues places de pe\u00f3 de brigada d&#8217;obres i reparacions, mitjan\u00e7ant concurs. De les catorze persones presentades, una va quedar exclosa provisionalment per no presentar la documentaci\u00f3 necess\u00e0ria per avaluar els requisits i m\u00e8rits de les places. Aquest aspirant no va presentar la documentaci\u00f3 que faltava dins el termini fixat.<\/p>\n\n\n\n<p>El 9 de setembre es va aprovar, per Decret d&#8217;alcaldia, la relaci\u00f3 definitiva d&#8217;admesos i exclosos: dels catorze candidats presentats, tretze han estat admesos definitivament i un candidat ha estat excl\u00f2s per no presentar la documentaci\u00f3 necess\u00e0ria. El Decret designa el tribunal que valorar\u00e0 els m\u00e8rits dels aspirants i fixa el dia de valoraci\u00f3. Alhora, aprova convocar la prova de nivell b\u00e0sic de catal\u00e0 A, que ser\u00e0 eliminat\u00f2ria, per a vuit persones de les admeses en el proc\u00e9s selectiu. Aquesta prova es far\u00e0 el dilluns 19 de setembre a les 9h al Centre Municipal de Cultura.<\/p>\n\n\n\n<p>Podeu consultar la relaci\u00f3 definitiva d&#8217;admesos i exclosos a: <a href=\"https:\/\/bisbalpenedes.com\/web\/wp-content\/uploads\/2022\/09\/BOP-def.obres_.pdf\">https:\/\/bisbalpenedes.com\/web\/wp-content\/uploads\/2022\/09\/BOP-def.obres_.pdf<\/a><\/p>\n\n\n\n<hr class=\"wp-block-separator has-alpha-channel-opacity\"\/>\n\n\n\n<p>El pasado 23 de agosto se public\u00f3 la relaci\u00f3n provisional de aspirantes admitidos y excluidos en el proceso selectivo de dos plazas de pe\u00f3n de brigada de obras y reparaciones, mediante concurso. De las catorce personas presentadas, una qued\u00f3 excluida provisionalmente por no presentar la documentaci\u00f3n necesaria para evaluar los requisitos y m\u00e9ritos de las plazas. Este aspirante no present\u00f3 la documentaci\u00f3n que faltaba dentro del plazo fijado.<\/p>\n\n\n\n<p>El 9 de septiembre se aprob\u00f3, por Decreto de alcald\u00eda, la relaci\u00f3n definitiva de admitidos y excluidos: de los catorce candidatos presentados, trece han sido admitidos definitivamente y un candidato ha sido excluido por no presentar la documentaci\u00f3n necesaria. El Decreto designa el tribunal que valorar\u00e1 los m\u00e9ritos de los aspirantes y fija el d\u00eda de valoraci\u00f3n. A la vez, aprueba convocar la prueba de nivel b\u00e1sico de catal\u00e1n A, que ser\u00e1 eliminatoria para ocho personas de las admitidas en el proceso selectivo. Esta prueba se har\u00e1 el lunes 19 de septiembre a las 9h en el Centre Municipal de Cultura.<\/p>\n\n\n\n<p>Pod\u00e9is consultar la relaci\u00f3n definitiva de admitidos y excluidos en: <a href=\"https:\/\/bisbalpenedes.com\/web\/wp-content\/uploads\/2022\/09\/BOP-def.obres_.pdf\">https:\/\/bisbalpenedes.com\/web\/wp-content\/uploads\/2022\/09\/BOP-def.obres_.pdf<\/a><\/p>\n","protected":false},"excerpt":{"rendered":"<p>El passat 23 d&#8217;agost es va publicar la relaci\u00f3 provisional d&#8217;aspirants admesos i exclosos en el proc\u00e9s selectiu de dues places de pe\u00f3 de brigada d&#8217;obres i reparacions, mitjan\u00e7ant concurs. &hellip; <a href=\"https:\/\/bisbalpenedes.com\/web\/2022\/09\/13\/saprova-la-relacio-definitiva-dadmesos-i-exclosos-en-el-proces-selectiu-de-2-places-de-peo-de-brigada-dobres-i-reparacions-mitjancant-concurs\/\" class=\"more-link\">Read More<\/a><\/p>\n","protected":false},"author":4,"featured_media":23101,"comment_status":"closed","ping_status":"closed","sticky":false,"template":"","format":"standard","meta":[],"categories":[2402,8],"tags":[5470,2231,393,5391,5471,1125],"_links":{"self":[{"href":"https:\/\/bisbalpenedes.com\/web\/wp-json\/wp\/v2\/posts\/23232"}],"collection":[{"href":"https:\/\/bisbalpenedes.com\/web\/wp-json\/wp\/v2\/posts"}],"about":[{"href":"https:\/\/bisbalpenedes.com\/web\/wp-json\/wp\/v2\/types\/post"}],"author":[{"embeddable":true,"href":"https:\/\/bisbalpenedes.com\/web\/wp-json\/wp\/v2\/users\/4"}],"replies":[{"embeddable":true,"href":"https:\/\/bisbalpenedes.com\/web\/wp-json\/wp\/v2\/comments?post=23232"}],"version-history":[{"count":1,"href":"https:\/\/bisbalpenedes.com\/web\/wp-json\/wp\/v2\/posts\/23232\/revisions"}],"predecessor-version":[{"id":23233,"href":"https:\/\/bisbalpenedes.com\/web\/wp-json\/wp\/v2\/posts\/23232\/revisions\/23233"}],"wp:featuredmedia":[{"embeddable":true,"href":"https:\/\/bisbalpenedes.com\/web\/wp-json\/wp\/v2\/media\/23101"}],"wp:attachment":[{"href":"https:\/\/bisbalpenedes.com\/web\/wp-json\/wp\/v2\/media?parent=23232"}],"wp:term":[{"taxonomy":"category","embeddable":true,"href":"https:\/\/bisbalpenedes.com\/web\/wp-json\/wp\/v2\/categories?post=23232"},{"taxonomy":"post_tag","embeddable":true,"href":"https:\/\/bisbalpenedes.com\/web\/wp-json\/wp\/v2\/tags?post=23232"}],"curies":[{"name":"wp","href":"https:\/\/api.w.org\/{rel}","templated":true}]}}