{"id":23227,"date":"2022-09-13T13:48:17","date_gmt":"2022-09-13T11:48:17","guid":{"rendered":"https:\/\/bisbalpenedes.com\/web\/?p=23227"},"modified":"2022-09-13T13:48:17","modified_gmt":"2022-09-13T11:48:17","slug":"se-signa-el-contracte-per-a-lexecucio-de-les-obres-de-la-fase-1-del-poliesportiu-municipal","status":"publish","type":"post","link":"https:\/\/bisbalpenedes.com\/web\/2022\/09\/13\/se-signa-el-contracte-per-a-lexecucio-de-les-obres-de-la-fase-1-del-poliesportiu-municipal\/","title":{"rendered":"Se signa el contracte per a l\u2019execuci\u00f3 de les obres de la fase 1 del poliesportiu municipal"},"content":{"rendered":"\n<p>Aquest dilluns 12 de setembre s\u2019ha signat el contracte entre l\u2019empresa COASA i l\u2019Ajuntament de la Bisbal del Pened\u00e8s per a l\u2019execuci\u00f3 de les obres de la fase 1 del poliesportiu municipal.<\/p>\n\n\n\n<p>El passat mes d\u2019agost es van adjudicar les obres de remodelaci\u00f3 i ampliaci\u00f3 del poliesportiu municipal (fases 1.1. i 1.2.) a aquesta empresa per un import d\u20191.217.445\u20ac (m\u00e9s IVA).<\/p>\n\n\n\n<p>Aquest dilluns, l\u2019empresa s\u2019ha reunit amb l\u2019alcaldessa de la Bisbal del Pened\u00e8s, Agn\u00e8s Ferr\u00e9; la regidora d\u2019Esports, Leo Uceda; i els serveis urban\u00edstics municipals amb motiu de la signatura del contracte. Tamb\u00e9 s\u2019ha fet una visita al poliesportiu municipal perqu\u00e8 l\u2019empresa pugui comen\u00e7ar a treballar en el pla de seguretat i salut de l\u2019obra.<\/p>\n\n\n\n<hr class=\"wp-block-separator has-alpha-channel-opacity\"\/>\n\n\n\n<p>Este lunes 12 de septiembre se ha firmado el contrato entre la empresa COASA y el Ayuntamiento de la Bisbal del Pened\u00e8s para la ejecuci\u00f3n de las obras de la fase 1 del polideportivo municipal.<\/p>\n\n\n\n<p>El pasado mes de agosto se le adjudicaron las obras de remodelaci\u00f3n y ampliaci\u00f3n del polideportivo municipal (fases 1.1. y 1.2.) a esta empresa por un importe de 1.217.445\u20ac (m\u00e1s IVA).<\/p>\n\n\n\n<p>Este lunes, la empresa se ha reunido con la alcaldesa de la Bisbal del Pened\u00e8s, Agn\u00e8s Ferr\u00e9; la concejala de Deportes, Leo Uceda; y los servicios urban\u00edsticos municipales con motivo de la firma del contrato. Tambi\u00e9n se ha hecho una visita al polideportivo municipal para que la empresa pueda empezar a trabajar en el plan de seguridad y salud de la obra.<\/p>\n","protected":false},"excerpt":{"rendered":"<p>Aquest dilluns 12 de setembre s\u2019ha signat el contracte entre l\u2019empresa COASA i l\u2019Ajuntament de la Bisbal del Pened\u00e8s per a l\u2019execuci\u00f3 de les obres de la fase 1 del &hellip; <a href=\"https:\/\/bisbalpenedes.com\/web\/2022\/09\/13\/se-signa-el-contracte-per-a-lexecucio-de-les-obres-de-la-fase-1-del-poliesportiu-municipal\/\" class=\"more-link\">Read More<\/a><\/p>\n","protected":false},"author":4,"featured_media":23228,"comment_status":"closed","ping_status":"closed","sticky":false,"template":"","format":"standard","meta":[],"categories":[19,8,15],"tags":[974,368,3459,21,4585,483,199],"_links":{"self":[{"href":"https:\/\/bisbalpenedes.com\/web\/wp-json\/wp\/v2\/posts\/23227"}],"collection":[{"href":"https:\/\/bisbalpenedes.com\/web\/wp-json\/wp\/v2\/posts"}],"about":[{"href":"https:\/\/bisbalpenedes.com\/web\/wp-json\/wp\/v2\/types\/post"}],"author":[{"embeddable":true,"href":"https:\/\/bisbalpenedes.com\/web\/wp-json\/wp\/v2\/users\/4"}],"replies":[{"embeddable":true,"href":"https:\/\/bisbalpenedes.com\/web\/wp-json\/wp\/v2\/comments?post=23227"}],"version-history":[{"count":1,"href":"https:\/\/bisbalpenedes.com\/web\/wp-json\/wp\/v2\/posts\/23227\/revisions"}],"predecessor-version":[{"id":23229,"href":"https:\/\/bisbalpenedes.com\/web\/wp-json\/wp\/v2\/posts\/23227\/revisions\/23229"}],"wp:featuredmedia":[{"embeddable":true,"href":"https:\/\/bisbalpenedes.com\/web\/wp-json\/wp\/v2\/media\/23228"}],"wp:attachment":[{"href":"https:\/\/bisbalpenedes.com\/web\/wp-json\/wp\/v2\/media?parent=23227"}],"wp:term":[{"taxonomy":"category","embeddable":true,"href":"https:\/\/bisbalpenedes.com\/web\/wp-json\/wp\/v2\/categories?post=23227"},{"taxonomy":"post_tag","embeddable":true,"href":"https:\/\/bisbalpenedes.com\/web\/wp-json\/wp\/v2\/tags?post=23227"}],"curies":[{"name":"wp","href":"https:\/\/api.w.org\/{rel}","templated":true}]}}