{"id":23222,"date":"2022-09-12T18:07:31","date_gmt":"2022-09-12T16:07:31","guid":{"rendered":"https:\/\/bisbalpenedes.com\/web\/?p=23222"},"modified":"2022-09-12T18:07:31","modified_gmt":"2022-09-12T16:07:31","slug":"canvis-en-els-horaris-de-bus-danada-a-linstitut-a-partir-del-13-de-setembre","status":"publish","type":"post","link":"https:\/\/bisbalpenedes.com\/web\/2022\/09\/12\/canvis-en-els-horaris-de-bus-danada-a-linstitut-a-partir-del-13-de-setembre\/","title":{"rendered":"Canvis en els horaris de bus d&#8217;anada a l&#8217;institut &#8211; A partir del 13 de setembre"},"content":{"rendered":"\n<p>A partir d&#8217;aquest dimarts 13 de setembre, l&#8217;horari de bus experimentar\u00e0 diversos canvis en refer\u00e8ncia a les anades a l&#8217;institut del mat\u00ed. La regidora d&#8217;Ensenyament i Mobilitat, Leo Uceda; i l&#8217;alcaldessa de la Bisbal del Pened\u00e8s, Agn\u00e8s Ferr\u00e9; s&#8217;han reunit amb l&#8217;empresa \u00cdzaro, aquest mat\u00ed, amb l&#8217;objectiu de fer petits canvis en els horaris per fer el servei m\u00e9s efectiu i eficient. Els canvis que es fan s\u00f3n els seg\u00fcents:<\/p>\n\n\n\n<ul><li>La l\u00ednia que va de la Pineda de Santa Cristina a l&#8217;institut, passant per la Masieta, l&#8217;Esplai, Can Gordei i la Miralba passar\u00e0 a funcionar amb un bus de 40 places i es modifica lleugerament l&#8217;horari.<\/li><li>S&#8217;anul\u00b7la la parada del carrer Garona amb el carrer Cardener, per les dificultats de maniobra del vehicle de 40 places. No obstant aix\u00f2, es mant\u00e9 la parada del carrer Garona amb la C-51, molt propera a l&#8217;anterior.<\/li><li>Es modifiquen els horaris de la l\u00ednia del Papagai, L&#8217;Ortig\u00f3s i institut.<\/li><\/ul>\n\n\n\n<hr class=\"wp-block-separator has-alpha-channel-opacity\"\/>\n\n\n\n<p>A partir de este martes 13 de septiembre, el horario de bus experimentar\u00e1 varios cambios en referencia a&nbsp;&nbsp;las idas al instituto de la ma\u00f1ana. La concejala de Educaci\u00f3n y Movilidad, Leo Uceda; y la alcaldesa de la Bisbal del Pened\u00e8s, Agn\u00e8s Ferr\u00e9, se han reunido con la empresa \u00cdzaro, esta ma\u00f1ana, con el objetivo de hacer peque\u00f1os cambios en los horarios para hacer el servicio m\u00e1s efectivo y eficiente. Los cambios que se hacen son los siguientes:<\/p>\n\n\n\n<ul><li>La l\u00ednea que va de la Pineda de SAnta Cristina al instituto, pasando por la Masieta, l&#8217;Esplai, Can Gordei y la Miralba pasar\u00e1 a funcionar con un bus de 40 plazas y se modifica ligeramente el horario.<\/li><li>Se anula la parada de la calle Garona con la calle Cardener, por las dificultades de maniobra del veh\u00edculo de 40 plazas. No obstante, se mantiene la parada de la calle Garona con la C-51, muy cercana a la anterior.<\/li><li>Se modifican los horarios de la l\u00ednea del Papagai, L&#8217;Ortig\u00f3s e instituto.<\/li><\/ul>\n","protected":false},"excerpt":{"rendered":"<p>A partir d&#8217;aquest dimarts 13 de setembre, l&#8217;horari de bus experimentar\u00e0 diversos canvis en refer\u00e8ncia a les anades a l&#8217;institut del mat\u00ed. La regidora d&#8217;Ensenyament i Mobilitat, Leo Uceda; i &hellip; <a href=\"https:\/\/bisbalpenedes.com\/web\/2022\/09\/12\/canvis-en-els-horaris-de-bus-danada-a-linstitut-a-partir-del-13-de-setembre\/\" class=\"more-link\">Read More<\/a><\/p>\n","protected":false},"author":4,"featured_media":23223,"comment_status":"closed","ping_status":"closed","sticky":false,"template":"","format":"standard","meta":[],"categories":[3859,8],"tags":[459,727,784,393,1181,1374,2084],"_links":{"self":[{"href":"https:\/\/bisbalpenedes.com\/web\/wp-json\/wp\/v2\/posts\/23222"}],"collection":[{"href":"https:\/\/bisbalpenedes.com\/web\/wp-json\/wp\/v2\/posts"}],"about":[{"href":"https:\/\/bisbalpenedes.com\/web\/wp-json\/wp\/v2\/types\/post"}],"author":[{"embeddable":true,"href":"https:\/\/bisbalpenedes.com\/web\/wp-json\/wp\/v2\/users\/4"}],"replies":[{"embeddable":true,"href":"https:\/\/bisbalpenedes.com\/web\/wp-json\/wp\/v2\/comments?post=23222"}],"version-history":[{"count":1,"href":"https:\/\/bisbalpenedes.com\/web\/wp-json\/wp\/v2\/posts\/23222\/revisions"}],"predecessor-version":[{"id":23224,"href":"https:\/\/bisbalpenedes.com\/web\/wp-json\/wp\/v2\/posts\/23222\/revisions\/23224"}],"wp:featuredmedia":[{"embeddable":true,"href":"https:\/\/bisbalpenedes.com\/web\/wp-json\/wp\/v2\/media\/23223"}],"wp:attachment":[{"href":"https:\/\/bisbalpenedes.com\/web\/wp-json\/wp\/v2\/media?parent=23222"}],"wp:term":[{"taxonomy":"category","embeddable":true,"href":"https:\/\/bisbalpenedes.com\/web\/wp-json\/wp\/v2\/categories?post=23222"},{"taxonomy":"post_tag","embeddable":true,"href":"https:\/\/bisbalpenedes.com\/web\/wp-json\/wp\/v2\/tags?post=23222"}],"curies":[{"name":"wp","href":"https:\/\/api.w.org\/{rel}","templated":true}]}}