{"id":23173,"date":"2022-09-07T17:38:13","date_gmt":"2022-09-07T15:38:13","guid":{"rendered":"https:\/\/bisbalpenedes.com\/web\/?p=23173"},"modified":"2022-09-09T20:41:25","modified_gmt":"2022-09-09T18:41:25","slug":"el-divendres-16-de-setembre-espectacle-bona-gent-amb-quim-masferrer-i-castell-de-foc-a-la-bisbal-del-penedes","status":"publish","type":"post","link":"https:\/\/bisbalpenedes.com\/web\/2022\/09\/07\/el-divendres-16-de-setembre-espectacle-bona-gent-amb-quim-masferrer-i-castell-de-foc-a-la-bisbal-del-penedes\/","title":{"rendered":"El divendres 16 de setembre: espectacle &#8220;Bona Gent&#8221; amb Quim Masferrer i castell de foc a la Bisbal del Pened\u00e8s"},"content":{"rendered":"\n<p>Com sabeu, vam haver d&#8217;ajornar l&#8217;espectacle del Quim Masferrer i el castell de focs a causa de les previsions meteorol\u00f2giques de pluja i, ara, els hem tornat a programar per al divendres 16 de setembre.<\/p>\n\n\n\n<p>Important: \u00e9s imprescindible fer reserva pr\u00e8via per a l&#8217;espectacle &#8220;Bona Gent&#8221;. Les entrades s&#8217;hauran de recollir en els dies i hores que s&#8217;indiquen al cartell adjunt i s&#8217;haur\u00e0 de deixar un dip\u00f2sit d&#8217;1\u20ac que ser\u00e0 retornat el dia de l&#8217;espectacle.<\/p>\n\n\n\n<figure class=\"wp-block-image size-large\"><img loading=\"lazy\" width=\"1024\" height=\"1024\" src=\"https:\/\/bisbalpenedes.com\/web\/wp-content\/uploads\/2022\/09\/ENTRADES-PER-ANAR-A-VEURE-EL-QUIM-MASFERRER-1-1024x1024.png\" alt=\"\" class=\"wp-image-23207\" srcset=\"https:\/\/bisbalpenedes.com\/web\/wp-content\/uploads\/2022\/09\/ENTRADES-PER-ANAR-A-VEURE-EL-QUIM-MASFERRER-1-1024x1024.png 1024w, https:\/\/bisbalpenedes.com\/web\/wp-content\/uploads\/2022\/09\/ENTRADES-PER-ANAR-A-VEURE-EL-QUIM-MASFERRER-1-300x300.png 300w, https:\/\/bisbalpenedes.com\/web\/wp-content\/uploads\/2022\/09\/ENTRADES-PER-ANAR-A-VEURE-EL-QUIM-MASFERRER-1-150x150.png 150w, https:\/\/bisbalpenedes.com\/web\/wp-content\/uploads\/2022\/09\/ENTRADES-PER-ANAR-A-VEURE-EL-QUIM-MASFERRER-1-768x768.png 768w, https:\/\/bisbalpenedes.com\/web\/wp-content\/uploads\/2022\/09\/ENTRADES-PER-ANAR-A-VEURE-EL-QUIM-MASFERRER-1-600x600.png 600w, https:\/\/bisbalpenedes.com\/web\/wp-content\/uploads\/2022\/09\/ENTRADES-PER-ANAR-A-VEURE-EL-QUIM-MASFERRER-1-100x100.png 100w, https:\/\/bisbalpenedes.com\/web\/wp-content\/uploads\/2022\/09\/ENTRADES-PER-ANAR-A-VEURE-EL-QUIM-MASFERRER-1.png 1080w\" sizes=\"(max-width: 1024px) 100vw, 1024px\" \/><\/figure>\n\n\n\n<hr class=\"wp-block-separator has-alpha-channel-opacity\"\/>\n\n\n\n<p>C\u00f3mo sab\u00e9is, tuvimos que aplazar el espect\u00e1culo de Quim Masferrer y el castillo de fuegos a causa de las previsiones meteorol\u00f3gicas de lluvia y, ahora, los hemos vuelto a programar para el viernes 16 de septiembre.<\/p>\n\n\n\n<p>Importante: es imprescindible hacer reserva previa para el espect\u00e1culo &#8220;Bona Gent&#8221;. Las entradas se tendr\u00e1n que recoger en los d\u00edas y horas que se indican en el cartel adjunto y se tendr\u00e1 que dejar un dep\u00f3sito de 1\u20ac que ser\u00e1 devuelto el d\u00eda del espect\u00e1culo.<\/p>\n","protected":false},"excerpt":{"rendered":"<p>Com sabeu, vam haver d&#8217;ajornar l&#8217;espectacle del Quim Masferrer i el castell de focs a causa de les previsions meteorol\u00f2giques de pluja i, ara, els hem tornat a programar per &hellip; <a href=\"https:\/\/bisbalpenedes.com\/web\/2022\/09\/07\/el-divendres-16-de-setembre-espectacle-bona-gent-amb-quim-masferrer-i-castell-de-foc-a-la-bisbal-del-penedes\/\" class=\"more-link\">Read More<\/a><\/p>\n","protected":false},"author":4,"featured_media":23174,"comment_status":"closed","ping_status":"closed","sticky":false,"template":"","format":"standard","meta":[],"categories":[2942,13,2161,8],"tags":[5463,225,280,50,4020],"_links":{"self":[{"href":"https:\/\/bisbalpenedes.com\/web\/wp-json\/wp\/v2\/posts\/23173"}],"collection":[{"href":"https:\/\/bisbalpenedes.com\/web\/wp-json\/wp\/v2\/posts"}],"about":[{"href":"https:\/\/bisbalpenedes.com\/web\/wp-json\/wp\/v2\/types\/post"}],"author":[{"embeddable":true,"href":"https:\/\/bisbalpenedes.com\/web\/wp-json\/wp\/v2\/users\/4"}],"replies":[{"embeddable":true,"href":"https:\/\/bisbalpenedes.com\/web\/wp-json\/wp\/v2\/comments?post=23173"}],"version-history":[{"count":4,"href":"https:\/\/bisbalpenedes.com\/web\/wp-json\/wp\/v2\/posts\/23173\/revisions"}],"predecessor-version":[{"id":23208,"href":"https:\/\/bisbalpenedes.com\/web\/wp-json\/wp\/v2\/posts\/23173\/revisions\/23208"}],"wp:featuredmedia":[{"embeddable":true,"href":"https:\/\/bisbalpenedes.com\/web\/wp-json\/wp\/v2\/media\/23174"}],"wp:attachment":[{"href":"https:\/\/bisbalpenedes.com\/web\/wp-json\/wp\/v2\/media?parent=23173"}],"wp:term":[{"taxonomy":"category","embeddable":true,"href":"https:\/\/bisbalpenedes.com\/web\/wp-json\/wp\/v2\/categories?post=23173"},{"taxonomy":"post_tag","embeddable":true,"href":"https:\/\/bisbalpenedes.com\/web\/wp-json\/wp\/v2\/tags?post=23173"}],"curies":[{"name":"wp","href":"https:\/\/api.w.org\/{rel}","templated":true}]}}