{"id":23156,"date":"2022-09-01T11:49:34","date_gmt":"2022-09-01T09:49:34","guid":{"rendered":"https:\/\/bisbalpenedes.com\/web\/?p=23156"},"modified":"2022-09-01T11:49:34","modified_gmt":"2022-09-01T09:49:34","slug":"avis-per-intensitat-de-pluja-per-al-divendres-2-de-setembre","status":"publish","type":"post","link":"https:\/\/bisbalpenedes.com\/web\/2022\/09\/01\/avis-per-intensitat-de-pluja-per-al-divendres-2-de-setembre\/","title":{"rendered":"Av\u00eds per intensitat de pluja per al divendres 2 de setembre"},"content":{"rendered":"\n<p>El Servei Meteorol\u00f2gic de Catalunya ha publicat un av\u00eds per intensitat de pluja per dem\u00e0 divendres. Extremeu les precaucions.<br>Els x\u00e0fecs sovint aniran acompanyats de tempesta i localment de pedra i de ratxes molt fortes de vent.<\/p>\n\n\n\n<hr class=\"wp-block-separator has-alpha-channel-opacity\"\/>\n\n\n\n<p>El Servei Meteorol\u00f2gic de Catalunya ha publicado un aviso por intensidad de lluvia para ma\u00f1ana viernes. Extremad las precauciones.<br>Los chubascos a menudo ir\u00e1n acompa\u00f1ados de tormenta y localmente de piedra y de rachas muy fuertes de viento.<\/p>\n\n\n\n<figure class=\"wp-block-image size-large\"><img loading=\"lazy\" width=\"776\" height=\"1024\" src=\"https:\/\/bisbalpenedes.com\/web\/wp-content\/uploads\/2022\/09\/Cartell_aiguats_inundacions_page-0001-776x1024.jpeg\" alt=\"\" class=\"wp-image-23158\" srcset=\"https:\/\/bisbalpenedes.com\/web\/wp-content\/uploads\/2022\/09\/Cartell_aiguats_inundacions_page-0001-776x1024.jpeg 776w, https:\/\/bisbalpenedes.com\/web\/wp-content\/uploads\/2022\/09\/Cartell_aiguats_inundacions_page-0001-227x300.jpeg 227w, https:\/\/bisbalpenedes.com\/web\/wp-content\/uploads\/2022\/09\/Cartell_aiguats_inundacions_page-0001-768x1013.jpeg 768w, https:\/\/bisbalpenedes.com\/web\/wp-content\/uploads\/2022\/09\/Cartell_aiguats_inundacions_page-0001-1164x1536.jpeg 1164w, https:\/\/bisbalpenedes.com\/web\/wp-content\/uploads\/2022\/09\/Cartell_aiguats_inundacions_page-0001-600x792.jpeg 600w, https:\/\/bisbalpenedes.com\/web\/wp-content\/uploads\/2022\/09\/Cartell_aiguats_inundacions_page-0001.jpeg 1500w\" sizes=\"(max-width: 776px) 100vw, 776px\" \/><\/figure>\n\n\n\n<figure class=\"wp-block-image size-large\"><img loading=\"lazy\" width=\"724\" height=\"1024\" src=\"https:\/\/bisbalpenedes.com\/web\/wp-content\/uploads\/2022\/09\/09_Cartell_Tempestes_v4_CAT_page-0001-724x1024.jpeg\" alt=\"\" class=\"wp-image-23159\" srcset=\"https:\/\/bisbalpenedes.com\/web\/wp-content\/uploads\/2022\/09\/09_Cartell_Tempestes_v4_CAT_page-0001-724x1024.jpeg 724w, https:\/\/bisbalpenedes.com\/web\/wp-content\/uploads\/2022\/09\/09_Cartell_Tempestes_v4_CAT_page-0001-212x300.jpeg 212w, https:\/\/bisbalpenedes.com\/web\/wp-content\/uploads\/2022\/09\/09_Cartell_Tempestes_v4_CAT_page-0001-768x1086.jpeg 768w, https:\/\/bisbalpenedes.com\/web\/wp-content\/uploads\/2022\/09\/09_Cartell_Tempestes_v4_CAT_page-0001-1086x1536.jpeg 1086w, https:\/\/bisbalpenedes.com\/web\/wp-content\/uploads\/2022\/09\/09_Cartell_Tempestes_v4_CAT_page-0001-1448x2048.jpeg 1448w, https:\/\/bisbalpenedes.com\/web\/wp-content\/uploads\/2022\/09\/09_Cartell_Tempestes_v4_CAT_page-0001-600x849.jpeg 600w, https:\/\/bisbalpenedes.com\/web\/wp-content\/uploads\/2022\/09\/09_Cartell_Tempestes_v4_CAT_page-0001.jpeg 1754w\" sizes=\"(max-width: 724px) 100vw, 724px\" \/><\/figure>\n","protected":false},"excerpt":{"rendered":"<p>El Servei Meteorol\u00f2gic de Catalunya ha publicat un av\u00eds per intensitat de pluja per dem\u00e0 divendres. Extremeu les precaucions.Els x\u00e0fecs sovint aniran acompanyats de tempesta i localment de pedra i &hellip; <a href=\"https:\/\/bisbalpenedes.com\/web\/2022\/09\/01\/avis-per-intensitat-de-pluja-per-al-divendres-2-de-setembre\/\" class=\"more-link\">Read More<\/a><\/p>\n","protected":false},"author":4,"featured_media":23157,"comment_status":"closed","ping_status":"closed","sticky":false,"template":"","format":"standard","meta":[],"categories":[1628,2543,8],"tags":[4613,393,2050,1188],"_links":{"self":[{"href":"https:\/\/bisbalpenedes.com\/web\/wp-json\/wp\/v2\/posts\/23156"}],"collection":[{"href":"https:\/\/bisbalpenedes.com\/web\/wp-json\/wp\/v2\/posts"}],"about":[{"href":"https:\/\/bisbalpenedes.com\/web\/wp-json\/wp\/v2\/types\/post"}],"author":[{"embeddable":true,"href":"https:\/\/bisbalpenedes.com\/web\/wp-json\/wp\/v2\/users\/4"}],"replies":[{"embeddable":true,"href":"https:\/\/bisbalpenedes.com\/web\/wp-json\/wp\/v2\/comments?post=23156"}],"version-history":[{"count":1,"href":"https:\/\/bisbalpenedes.com\/web\/wp-json\/wp\/v2\/posts\/23156\/revisions"}],"predecessor-version":[{"id":23160,"href":"https:\/\/bisbalpenedes.com\/web\/wp-json\/wp\/v2\/posts\/23156\/revisions\/23160"}],"wp:featuredmedia":[{"embeddable":true,"href":"https:\/\/bisbalpenedes.com\/web\/wp-json\/wp\/v2\/media\/23157"}],"wp:attachment":[{"href":"https:\/\/bisbalpenedes.com\/web\/wp-json\/wp\/v2\/media?parent=23156"}],"wp:term":[{"taxonomy":"category","embeddable":true,"href":"https:\/\/bisbalpenedes.com\/web\/wp-json\/wp\/v2\/categories?post=23156"},{"taxonomy":"post_tag","embeddable":true,"href":"https:\/\/bisbalpenedes.com\/web\/wp-json\/wp\/v2\/tags?post=23156"}],"curies":[{"name":"wp","href":"https:\/\/api.w.org\/{rel}","templated":true}]}}