{"id":23152,"date":"2022-09-01T11:18:51","date_gmt":"2022-09-01T09:18:51","guid":{"rendered":"https:\/\/bisbalpenedes.com\/web\/?p=23152"},"modified":"2022-09-01T11:18:51","modified_gmt":"2022-09-01T09:18:51","slug":"formacio-nou-curs-presencial-100-subvencionat-amb-la-cambra-de-comerc-de-tarragona-cuina-saludable","status":"publish","type":"post","link":"https:\/\/bisbalpenedes.com\/web\/2022\/09\/01\/formacio-nou-curs-presencial-100-subvencionat-amb-la-cambra-de-comerc-de-tarragona-cuina-saludable\/","title":{"rendered":"Formaci\u00f3: nou curs presencial 100% subvencionat amb la Cambra de Comer\u00e7 de Tarragona \u201cCuina saludable&#8221;"},"content":{"rendered":"\n<p>Millora la teva vida amb el curs de CUINA SALUDABLE<\/p>\n\n\n\n<ul><li>Totalment subvencionat per a treballadors en actiu i aut\u00f2noms<\/li><li>Presencial, del 17 al 26 d\u2019octubre de 16:30h a 19:30h<\/li><li>M\u00e9s informaci\u00f3 i inscripcions: <a href=\"https:\/\/bisbalpenedes.com\/web\/formacio\/\">https:\/\/bisbalpenedes.com\/web\/formacio\/<\/a><\/li><\/ul>\n\n\n\n<p>Aquesta actuaci\u00f3 es du a terme des de la Cambra de Comer\u00e7 de Tarragona amb la col\u00b7laboraci\u00f3 de l\u2019Ajuntament de la Bisbal del Pened\u00e8s i est\u00e0 impulsada i subvencionada pel Consorci per a la Formaci\u00f3 Cont\u00ednua de Catalunya i finan\u00e7ada pel Fons Europeu com a part de la resposta de la Uni\u00f3 Europea a la pand\u00e8mia de COVID-19.<\/p>\n\n\n\n<hr class=\"wp-block-separator has-alpha-channel-opacity\"\/>\n\n\n\n<p>Mejora tu vida con el curso de COCINA SALUDABLE<\/p>\n\n\n\n<ul><li>Totalmente subvencionado para trabajadores en activo o aut\u00f3nomos<\/li><li>Presencial, del 17 al 26 de octubre de 16:30h a 19.30h<\/li><li>M\u00e1s informaci\u00f3n e inscripciones: <a href=\"https:\/\/bisbalpenedes.com\/web\/formacio\/\">https:\/\/bisbalpenedes.com\/web\/formacio\/<\/a><\/li><\/ul>\n\n\n\n<p>Esta actuaci\u00f3n se lleva a cabo desde la C\u00e1mara de Comercio de Tarragona con la colaboraci\u00f3n del Ayuntamiento de la Bisbal del Pened\u00e8s y est\u00e1 impulsada y subvencionada por el Consorcio para la Formaci\u00f3n Continua de Catalunya y financiada por el Fondo Europeo como parte de la respuesta de la Uni\u00f3n Europea a la pandemia de COVID-19.<\/p>\n\n\n\n<p><\/p>\n","protected":false},"excerpt":{"rendered":"<p>Millora la teva vida amb el curs de CUINA SALUDABLE Totalment subvencionat per a treballadors en actiu i aut\u00f2noms Presencial, del 17 al 26 d\u2019octubre de 16:30h a 19:30h M\u00e9s &hellip; <a href=\"https:\/\/bisbalpenedes.com\/web\/2022\/09\/01\/formacio-nou-curs-presencial-100-subvencionat-amb-la-cambra-de-comerc-de-tarragona-cuina-saludable\/\" class=\"more-link\">Read More<\/a><\/p>\n","protected":false},"author":4,"featured_media":23153,"comment_status":"closed","ping_status":"closed","sticky":false,"template":"","format":"standard","meta":[],"categories":[3822,8],"tags":[1251,5459,993,5458,393,1374],"_links":{"self":[{"href":"https:\/\/bisbalpenedes.com\/web\/wp-json\/wp\/v2\/posts\/23152"}],"collection":[{"href":"https:\/\/bisbalpenedes.com\/web\/wp-json\/wp\/v2\/posts"}],"about":[{"href":"https:\/\/bisbalpenedes.com\/web\/wp-json\/wp\/v2\/types\/post"}],"author":[{"embeddable":true,"href":"https:\/\/bisbalpenedes.com\/web\/wp-json\/wp\/v2\/users\/4"}],"replies":[{"embeddable":true,"href":"https:\/\/bisbalpenedes.com\/web\/wp-json\/wp\/v2\/comments?post=23152"}],"version-history":[{"count":1,"href":"https:\/\/bisbalpenedes.com\/web\/wp-json\/wp\/v2\/posts\/23152\/revisions"}],"predecessor-version":[{"id":23154,"href":"https:\/\/bisbalpenedes.com\/web\/wp-json\/wp\/v2\/posts\/23152\/revisions\/23154"}],"wp:featuredmedia":[{"embeddable":true,"href":"https:\/\/bisbalpenedes.com\/web\/wp-json\/wp\/v2\/media\/23153"}],"wp:attachment":[{"href":"https:\/\/bisbalpenedes.com\/web\/wp-json\/wp\/v2\/media?parent=23152"}],"wp:term":[{"taxonomy":"category","embeddable":true,"href":"https:\/\/bisbalpenedes.com\/web\/wp-json\/wp\/v2\/categories?post=23152"},{"taxonomy":"post_tag","embeddable":true,"href":"https:\/\/bisbalpenedes.com\/web\/wp-json\/wp\/v2\/tags?post=23152"}],"curies":[{"name":"wp","href":"https:\/\/api.w.org\/{rel}","templated":true}]}}