{"id":23148,"date":"2022-09-01T11:14:50","date_gmt":"2022-09-01T09:14:50","guid":{"rendered":"https:\/\/bisbalpenedes.com\/web\/?p=23148"},"modified":"2022-09-02T10:26:46","modified_gmt":"2022-09-02T08:26:46","slug":"formacio-nou-curs-presencial-100-subvencionat-amb-la-cambra-de-comerc-de-tarragona-logistica-integral","status":"publish","type":"post","link":"https:\/\/bisbalpenedes.com\/web\/2022\/09\/01\/formacio-nou-curs-presencial-100-subvencionat-amb-la-cambra-de-comerc-de-tarragona-logistica-integral\/","title":{"rendered":"Formaci\u00f3: nou curs  100% subvencionat amb la Cambra de Comer\u00e7 de Tarragona \u201cLog\u00edstica integral&#8221;"},"content":{"rendered":"\n<p>NOU CURS virtual de LOG\u00cdSTICA INTEGRAL<\/p>\n\n\n\n<ul><li>Curs 100% subvencionat<\/li><li>Del 5 al 27 d\u2019octubre de 17 a 20h<\/li><li>M\u00e9s informaci\u00f3 i inscripcions:&nbsp;<a href=\"https:\/\/bisbalpenedes.com\/web\/formacio\/\">https:\/\/bisbalpenedes.com\/web\/formacio\/<\/a><\/li><\/ul>\n\n\n\n<p>Aquesta actuaci\u00f3 es du a terme des de la Cambra de Comer\u00e7 de Tarragona amb la col\u00b7laboraci\u00f3 de l\u2019Ajuntament de la Bisbal del Pened\u00e8s i est\u00e0 impulsada i subvencionada pel Consorci per a la Formaci\u00f3 Cont\u00ednua de Catalunya i finan\u00e7ada pel Fons Europeu com a part de la resposta de la Uni\u00f3 Europea a la pand\u00e8mia de COVID-19.<\/p>\n\n\n\n<p>\u2796\u2796\u2796<\/p>\n\n\n\n<p>NUEVO CURSO virtual de LOG\u00cdSTICA INTEGRAL<\/p>\n\n\n\n<ul><li>Curso 100% subvencionado<\/li><li>Del 5 al 27 de octubre de 17 a 20h<\/li><li>M\u00e1s informaci\u00f3n e inscripciones:&nbsp;<a href=\"https:\/\/bisbalpenedes.com\/web\/formacio\/\">https:\/\/bisbalpenedes.com\/web\/formacio\/<\/a><\/li><\/ul>\n\n\n\n<p>Esta actuaci\u00f3n se lleva a cabo desde la C\u00e1mara de Comercio de Tarragona con la colaboraci\u00f3n del Ayuntamiento de la Bisbal del Pened\u00e8s y est\u00e1 impulsada y subvencionada por el Consorcio para la Formaci\u00f3n Continua de Catalunya y financiada por el Fondo Europeo como parte de la respuesta de la Uni\u00f3n Europea a la pandemia de COVID-19.<\/p>\n","protected":false},"excerpt":{"rendered":"<p>NOU CURS virtual de LOG\u00cdSTICA INTEGRAL Curs 100% subvencionat Del 5 al 27 d\u2019octubre de 17 a 20h M\u00e9s informaci\u00f3 i inscripcions:&nbsp;https:\/\/bisbalpenedes.com\/web\/formacio\/ Aquesta actuaci\u00f3 es du a terme des de &hellip; <a href=\"https:\/\/bisbalpenedes.com\/web\/2022\/09\/01\/formacio-nou-curs-presencial-100-subvencionat-amb-la-cambra-de-comerc-de-tarragona-logistica-integral\/\" class=\"more-link\">Read More<\/a><\/p>\n","protected":false},"author":4,"featured_media":23149,"comment_status":"closed","ping_status":"closed","sticky":false,"template":"","format":"standard","meta":[],"categories":[3822,8],"tags":[459,12,393,644,5457,1374],"_links":{"self":[{"href":"https:\/\/bisbalpenedes.com\/web\/wp-json\/wp\/v2\/posts\/23148"}],"collection":[{"href":"https:\/\/bisbalpenedes.com\/web\/wp-json\/wp\/v2\/posts"}],"about":[{"href":"https:\/\/bisbalpenedes.com\/web\/wp-json\/wp\/v2\/types\/post"}],"author":[{"embeddable":true,"href":"https:\/\/bisbalpenedes.com\/web\/wp-json\/wp\/v2\/users\/4"}],"replies":[{"embeddable":true,"href":"https:\/\/bisbalpenedes.com\/web\/wp-json\/wp\/v2\/comments?post=23148"}],"version-history":[{"count":2,"href":"https:\/\/bisbalpenedes.com\/web\/wp-json\/wp\/v2\/posts\/23148\/revisions"}],"predecessor-version":[{"id":23161,"href":"https:\/\/bisbalpenedes.com\/web\/wp-json\/wp\/v2\/posts\/23148\/revisions\/23161"}],"wp:featuredmedia":[{"embeddable":true,"href":"https:\/\/bisbalpenedes.com\/web\/wp-json\/wp\/v2\/media\/23149"}],"wp:attachment":[{"href":"https:\/\/bisbalpenedes.com\/web\/wp-json\/wp\/v2\/media?parent=23148"}],"wp:term":[{"taxonomy":"category","embeddable":true,"href":"https:\/\/bisbalpenedes.com\/web\/wp-json\/wp\/v2\/categories?post=23148"},{"taxonomy":"post_tag","embeddable":true,"href":"https:\/\/bisbalpenedes.com\/web\/wp-json\/wp\/v2\/tags?post=23148"}],"curies":[{"name":"wp","href":"https:\/\/api.w.org\/{rel}","templated":true}]}}