{"id":23142,"date":"2022-09-01T11:10:08","date_gmt":"2022-09-01T09:10:08","guid":{"rendered":"https:\/\/bisbalpenedes.com\/web\/?p=23142"},"modified":"2022-09-01T11:10:51","modified_gmt":"2022-09-01T09:10:51","slug":"formacio-nou-curs-presencial-100-subvencionat-amb-la-cambra-de-comerc-de-tarragona-manipulacio-daliments","status":"publish","type":"post","link":"https:\/\/bisbalpenedes.com\/web\/2022\/09\/01\/formacio-nou-curs-presencial-100-subvencionat-amb-la-cambra-de-comerc-de-tarragona-manipulacio-daliments\/","title":{"rendered":"Formaci\u00f3: nou curs presencial 100% subvencionat amb la Cambra de Comer\u00e7 de Tarragona \u201cManipulaci\u00f3 d&#8217;aliments&#8221;"},"content":{"rendered":"\n<p>NOU CURS de MANIPULACI\u00d3 D\u2019ALIMENTS\u00a0a la Bisbal del Pened\u00e8s!<\/p>\n\n\n\n<ul><li>Curs 100% subvencionat<\/li><li>Dies 11 i 12 d\u2019octubre de 15 a 20 hores<\/li><li>M\u00e9s informaci\u00f3 i inscripcions:&nbsp;<a href=\"https:\/\/bisbalpenedes.com\/web\/formacio\/\">https:\/\/bisbalpenedes.com\/web\/formacio\/<\/a><\/li><\/ul>\n\n\n\n<p>Aquesta actuaci\u00f3 es du a terme des de la Cambra de Comer\u00e7 de Tarragona amb la col\u00b7laboraci\u00f3 de l\u2019Ajuntament de la Bisbal del Pened\u00e8s i est\u00e0 impulsada i subvencionada pel Consorci per a la Formaci\u00f3 Cont\u00ednua de Catalunya i finan\u00e7ada pel Fons Europeu com a part de la resposta de la Uni\u00f3 Europea a la pand\u00e8mia de COVID-19.<\/p>\n\n\n\n<hr class=\"wp-block-separator has-alpha-channel-opacity\"\/>\n\n\n\n<p>\u00a1NUEVO CURSO de MANIPULACI\u00d3N DE ALIMENTOS&nbsp;en la Bisbal del Pened\u00e8s!<\/p>\n\n\n\n<ul><li>Curso 100% subvencionado<\/li><li>D\u00edas 11 y 12 de octubre de 15 a 20 horas<\/li><li>M\u00e1s informaci\u00f3n e inscripciones:&nbsp;<a href=\"https:\/\/bisbalpenedes.com\/web\/formacio\/\">https:\/\/bisbalpenedes.com\/web\/formacio\/<\/a><\/li><\/ul>\n\n\n\n<p>Esta actuaci\u00f3n se lleva a cabo desde la C\u00e1mara de Comercio de Tarragona con la colaboraci\u00f3n del Ayuntamiento de la Bisbal del Pened\u00e8s y est\u00e1 impulsada y subvencionada por el Consorcio para la Formaci\u00f3n Continua de Catalunya y financiada por el Fondo Europeo como parte de la respuesta de la Uni\u00f3n Europea a la pandemia de COVID-19.<\/p>\n","protected":false},"excerpt":{"rendered":"<p>NOU CURS de MANIPULACI\u00d3 D\u2019ALIMENTS\u00a0a la Bisbal del Pened\u00e8s! Curs 100% subvencionat Dies 11 i 12 d\u2019octubre de 15 a 20 hores M\u00e9s informaci\u00f3 i inscripcions:&nbsp;https:\/\/bisbalpenedes.com\/web\/formacio\/ Aquesta actuaci\u00f3 es du &hellip; <a href=\"https:\/\/bisbalpenedes.com\/web\/2022\/09\/01\/formacio-nou-curs-presencial-100-subvencionat-amb-la-cambra-de-comerc-de-tarragona-manipulacio-daliments\/\" class=\"more-link\">Read More<\/a><\/p>\n","protected":false},"author":4,"featured_media":23143,"comment_status":"closed","ping_status":"closed","sticky":false,"template":"","format":"standard","meta":[],"categories":[3822],"tags":[459,1251,12,5455,393,5456,1374],"_links":{"self":[{"href":"https:\/\/bisbalpenedes.com\/web\/wp-json\/wp\/v2\/posts\/23142"}],"collection":[{"href":"https:\/\/bisbalpenedes.com\/web\/wp-json\/wp\/v2\/posts"}],"about":[{"href":"https:\/\/bisbalpenedes.com\/web\/wp-json\/wp\/v2\/types\/post"}],"author":[{"embeddable":true,"href":"https:\/\/bisbalpenedes.com\/web\/wp-json\/wp\/v2\/users\/4"}],"replies":[{"embeddable":true,"href":"https:\/\/bisbalpenedes.com\/web\/wp-json\/wp\/v2\/comments?post=23142"}],"version-history":[{"count":2,"href":"https:\/\/bisbalpenedes.com\/web\/wp-json\/wp\/v2\/posts\/23142\/revisions"}],"predecessor-version":[{"id":23147,"href":"https:\/\/bisbalpenedes.com\/web\/wp-json\/wp\/v2\/posts\/23142\/revisions\/23147"}],"wp:featuredmedia":[{"embeddable":true,"href":"https:\/\/bisbalpenedes.com\/web\/wp-json\/wp\/v2\/media\/23143"}],"wp:attachment":[{"href":"https:\/\/bisbalpenedes.com\/web\/wp-json\/wp\/v2\/media?parent=23142"}],"wp:term":[{"taxonomy":"category","embeddable":true,"href":"https:\/\/bisbalpenedes.com\/web\/wp-json\/wp\/v2\/categories?post=23142"},{"taxonomy":"post_tag","embeddable":true,"href":"https:\/\/bisbalpenedes.com\/web\/wp-json\/wp\/v2\/tags?post=23142"}],"curies":[{"name":"wp","href":"https:\/\/api.w.org\/{rel}","templated":true}]}}