{"id":23138,"date":"2022-09-01T11:02:19","date_gmt":"2022-09-01T09:02:19","guid":{"rendered":"https:\/\/bisbalpenedes.com\/web\/?p=23138"},"modified":"2022-09-01T11:10:31","modified_gmt":"2022-09-01T09:10:31","slug":"formacio-nou-curs-semipresencial-amb-la-cambra-de-comerc-de-tarragona-eines-per-dirigir-la-teva-vida","status":"publish","type":"post","link":"https:\/\/bisbalpenedes.com\/web\/2022\/09\/01\/formacio-nou-curs-semipresencial-amb-la-cambra-de-comerc-de-tarragona-eines-per-dirigir-la-teva-vida\/","title":{"rendered":"Formaci\u00f3: nou curs semipresencial amb la Cambra de Comer\u00e7 de Tarragona &#8220;Eines per dirigir la teva vida&#8221;"},"content":{"rendered":"\n<p>NOU CURS semipresencial: \u201cEINES PER DIRIGIR LA TEVA VIDA\u201d<\/p>\n\n\n\n<p>Si vols millorar el teu empoderament personal i augmentar la teva qualitat de vida, incrementant els teus recursos i les possibilitats de resposta, i prenent consci\u00e8ncia de pensaments, sentiments, creences i pors, inscriu-te!<\/p>\n\n\n\n<p>Est\u00e0 adre\u00e7at priorit\u00e0riament a persones treballadores assalariades de PIMEs i aut\u00f2noms (consulta la disponibilitat per a altres col\u00b7lectius).<\/p>\n\n\n\n<p>Dades del curs:<\/p>\n\n\n\n<ul><li>Del 12 de setembre al 13 d&#8217;octubre de 2022<\/li><li>Semipresencial a Ajuntament de la Bisbal del Pened\u00e8s + Aula Virtual<\/li><li>Entre les 16:00h i les 20:30h (Presencial i Aula Virtual tenen diferents horaris)<\/li><li>100% subvencionat.<\/li><li>M\u00e9s informaci\u00f3 i inscripcions:&nbsp;<a href=\"https:\/\/bisbalpenedes.com\/web\/formacio\/\">https:\/\/bisbalpenedes.com\/web\/formacio\/<\/a><\/li><\/ul>\n\n\n\n<p>Aquesta actuaci\u00f3 es du a terme des de la Cambra de Comer\u00e7 de Tarragona amb la col\u00b7laboraci\u00f3 de l\u2019Ajuntament de la Bisbal del Pened\u00e8s i est\u00e0 impulsada i subvencionada pel Consorci per a la Formaci\u00f3 Cont\u00ednua de Catalunya i finan\u00e7ada pel Fons Europeu com a part de la resposta de la Uni\u00f3 Europea a la pand\u00e8mia de COVID-19. L\u2019Ajuntament de la Bisbal del Pened\u00e8s cedeix els espais per a dur a terme les classes.<\/p>\n\n\n\n<hr class=\"wp-block-separator has-alpha-channel-opacity\"\/>\n\n\n\n<p>NUEVO CURSO semipresencial: \u201cHERRAMIENTAS PARA DIRIGIR TU VIDA\u201d<\/p>\n\n\n\n<p>Si quieres mejorar tu empoderamiento personal y aumentar tu calidad de vida, incrementando tus recursos y las posibilidades de respuesta, y tomando consciencia de pensamientos, sentimientos, creencias y miedos, \u00a1Inscr\u00edbete!<\/p>\n\n\n\n<p>Est\u00e1 dirigido prioritariamente a personas trabajadoras asalariadas de PIMEs y aut\u00f3nomos (consulta la disponibilidad para otros colectivos).<\/p>\n\n\n\n<p>Datos del curso:<\/p>\n\n\n\n<ul><li>Del 12 de septiembre al 13 de octubre de 2022<\/li><li>Semipresencial en el Ayuntamiento de la Bisbal del Pened\u00e8s + Aula Virtual<\/li><li>Entre las 16:00h y las 20:30h (Presencial y Aula Vitual tienen horarios distintos).<\/li><li>100% subvencionado<\/li><li>M\u00e1s informaci\u00f3n e inscripciones:&nbsp;<a href=\"https:\/\/bisbalpenedes.com\/web\/formacio\/\">https:\/\/bisbalpenedes.com\/web\/formacio\/<\/a><\/li><\/ul>\n\n\n\n<p><em>Esta actuaci\u00f3n se lleva a cabo desde la C\u00e1mara de Comercio de Tarragona con la colaboraci\u00f3n del Ayuntamiento de la Bisbal del Pened\u00e8s y est\u00e1 impulsada y subvencionada por el Consorci per a la Formaci\u00f3 Cont\u00ednua de Catalunya y financiada por el Fondo Europeo como parte de la respuesta de la Uni\u00f3n Europea a la pandemia de COVID-19. El Ayuntamiento de la Bisbal del Pened\u00e8s.<\/em><\/p>\n\n\n\n<figure class=\"wp-block-image size-full\"><img loading=\"lazy\" width=\"509\" height=\"720\" src=\"https:\/\/bisbalpenedes.com\/web\/wp-content\/uploads\/2022\/09\/image.jpeg\" alt=\"\" class=\"wp-image-23139\" srcset=\"https:\/\/bisbalpenedes.com\/web\/wp-content\/uploads\/2022\/09\/image.jpeg 509w, https:\/\/bisbalpenedes.com\/web\/wp-content\/uploads\/2022\/09\/image-212x300.jpeg 212w\" sizes=\"(max-width: 509px) 100vw, 509px\" \/><\/figure>\n","protected":false},"excerpt":{"rendered":"<p>NOU CURS semipresencial: \u201cEINES PER DIRIGIR LA TEVA VIDA\u201d Si vols millorar el teu empoderament personal i augmentar la teva qualitat de vida, incrementant els teus recursos i les possibilitats &hellip; <a href=\"https:\/\/bisbalpenedes.com\/web\/2022\/09\/01\/formacio-nou-curs-semipresencial-amb-la-cambra-de-comerc-de-tarragona-eines-per-dirigir-la-teva-vida\/\" class=\"more-link\">Read More<\/a><\/p>\n","protected":false},"author":4,"featured_media":23145,"comment_status":"closed","ping_status":"closed","sticky":false,"template":"","format":"standard","meta":[],"categories":[3822,8],"tags":[1251,62,5454,12,393,5453],"_links":{"self":[{"href":"https:\/\/bisbalpenedes.com\/web\/wp-json\/wp\/v2\/posts\/23138"}],"collection":[{"href":"https:\/\/bisbalpenedes.com\/web\/wp-json\/wp\/v2\/posts"}],"about":[{"href":"https:\/\/bisbalpenedes.com\/web\/wp-json\/wp\/v2\/types\/post"}],"author":[{"embeddable":true,"href":"https:\/\/bisbalpenedes.com\/web\/wp-json\/wp\/v2\/users\/4"}],"replies":[{"embeddable":true,"href":"https:\/\/bisbalpenedes.com\/web\/wp-json\/wp\/v2\/comments?post=23138"}],"version-history":[{"count":2,"href":"https:\/\/bisbalpenedes.com\/web\/wp-json\/wp\/v2\/posts\/23138\/revisions"}],"predecessor-version":[{"id":23146,"href":"https:\/\/bisbalpenedes.com\/web\/wp-json\/wp\/v2\/posts\/23138\/revisions\/23146"}],"wp:featuredmedia":[{"embeddable":true,"href":"https:\/\/bisbalpenedes.com\/web\/wp-json\/wp\/v2\/media\/23145"}],"wp:attachment":[{"href":"https:\/\/bisbalpenedes.com\/web\/wp-json\/wp\/v2\/media?parent=23138"}],"wp:term":[{"taxonomy":"category","embeddable":true,"href":"https:\/\/bisbalpenedes.com\/web\/wp-json\/wp\/v2\/categories?post=23138"},{"taxonomy":"post_tag","embeddable":true,"href":"https:\/\/bisbalpenedes.com\/web\/wp-json\/wp\/v2\/tags?post=23138"}],"curies":[{"name":"wp","href":"https:\/\/api.w.org\/{rel}","templated":true}]}}