{"id":23131,"date":"2022-08-29T20:05:49","date_gmt":"2022-08-29T18:05:49","guid":{"rendered":"https:\/\/bisbalpenedes.com\/web\/?p=23131"},"modified":"2022-08-29T20:05:49","modified_gmt":"2022-08-29T18:05:49","slug":"el-passat-dijous-25-dagost-es-va-celebrar-un-ple-extraordinari-a-lajuntament-de-la-bisbal-del-penedes","status":"publish","type":"post","link":"https:\/\/bisbalpenedes.com\/web\/2022\/08\/29\/el-passat-dijous-25-dagost-es-va-celebrar-un-ple-extraordinari-a-lajuntament-de-la-bisbal-del-penedes\/","title":{"rendered":"El passat dijous 25 d&#8217;agost es va celebrar un Ple extraordinari a l\u2019Ajuntament de la Bisbal del Pened\u00e8s"},"content":{"rendered":"\n<figure class=\"wp-block-embed is-type-video is-provider-youtube wp-block-embed-youtube wp-embed-aspect-16-9 wp-has-aspect-ratio\"><div class=\"wp-block-embed__wrapper\">\n<iframe loading=\"lazy\" title=\"Ajuntament de la Bisbal del Pened\u00e8s. Ple extraordinari del 25 d&#039;agost de 2022\" width=\"1170\" height=\"658\" src=\"https:\/\/www.youtube.com\/embed\/E48mboAlbLk?feature=oembed\" frameborder=\"0\" allow=\"accelerometer; autoplay; clipboard-write; encrypted-media; gyroscope; picture-in-picture\" allowfullscreen><\/iframe>\n<\/div><\/figure>\n\n\n\n<p>El passat dijous 25 d&#8217;agost es va celebrar un Ple extraordinari a l&#8217;Ajuntament de la Bisbal del Pened\u00e8s. A l&#8217;inici de la sessi\u00f3, es va disculpar l&#8217;assist\u00e8ncia de la regidora d&#8217;Ara la Bisbal, Maguy Antol\u00edn.<\/p>\n\n\n\n<p>S&#8217;hi van tractar els seg\u00fcents punts:<\/p>\n\n\n\n<p><strong>Punt 1: Aprovaci\u00f3 del text ref\u00f3s de les Normes subsidi\u00e0ries del planejament municipal<\/strong><\/p>\n\n\n\n<p>S&#8217;ha aprovat amb els vots a favor de Comprom\u00eds amb la Bisbal (6) i les abstencions del PSC (2), Units per la Bisbal-FIC (1) i ERC-AM (1).<\/p>\n\n\n\n<p>L&#8217;Ajuntament est\u00e0 tramitant la modificaci\u00f3 del Pla parcial urban\u00edstic del pol\u00edgon industrial Les Planes Baixes, des de principis d&#8217;any, per agrupar quatre parcel\u00b7les en una sola amb l&#8217;objectiu de formar una parcel\u00b7la de grans dimensions per encabir una nova edificaci\u00f3 d&#8217;una important empresa que ja ha constru\u00eft una nau al pol\u00edgon (Affinity). Aquest canvi es plasma en la modificaci\u00f3 de l&#8217;article 176 bis del pla parcial, que inclou aquesta agrupaci\u00f3.<\/p>\n\n\n\n<p>A mitjans de juliol, la Comissi\u00f3 Territorial d&#8217;Urbanisme de la Generalitat de Catalunya es va reunir i va acordar que, per tramitar definitivament aquesta agrupaci\u00f3 de parcel\u00b7les, calia que l&#8217;Ajuntament aprov\u00e9s el Text Ref\u00f3s de les Normes subsidi\u00e0ries de planejament incorporant la modificaci\u00f3 de l&#8217;article 176. Aquest \u00e9s el pas que s&#8217;ha fet en aquest ple.<\/p>\n\n\n\n<p><strong>Punt 2: Aprovaci\u00f3 provisional de la modificaci\u00f3 de l&#8217;ordenan\u00e7a reguladora de la taxa de la llar d&#8217;infants municipal<\/strong><\/p>\n\n\n\n<p>Es va aprovar per unanimitat dels assistents.<\/p>\n\n\n\n<p>S&#8217;ha aprovat provisionalment, per unanimitat dels assistents, la modificaci\u00f3 de l&#8217;Ordenan\u00e7a fiscal n\u00famero 18, reguladora de la taxa per la prestaci\u00f3 del servei de la llar d&#8217;infants.<\/p>\n\n\n\n<p>Amb aquest punt, s&#8217;adequa l&#8217;Ordenan\u00e7a a la disposici\u00f3 dissetena de la Llei 2\/2021, del 29 de desembre, de mesures fiscals, financeres, administratives i del sector p\u00fablic, la qual estableix que correspon al Departament d&#8217;Educaci\u00f3 el finan\u00e7ament de part del cost del servei d&#8217;escolaritzaci\u00f3 que satisfan les fam\u00edlies per pla\u00e7a escolar corresponent al tercer curs del primer cicle d&#8217;educaci\u00f3 infantil I2 (abans P2) a les escoles bressol i llars d&#8217;infants municipals. D&#8217;aquesta manera, els alumnes d&#8217;I2 estaran exempts de pagar la quota mensual de setembre a juny, tal com estableix la Generalitat. Aquests alumnes hauran d&#8217;abonar la matr\u00edcula, el servei de menjador -si hi assisteixen- i la taxa del mes de juliol (si hi assisteixen).<\/p>\n\n\n\n<p>A m\u00e9s, l&#8217;Ajuntament de la Bisbal del Pened\u00e8s, a trav\u00e9s de la Regidoria d&#8217;Ensenyament, ha afegit una bonificaci\u00f3 per a fam\u00edlies monoparentals. La quota per fam\u00edlia monoparental tindr\u00e0 un descompte de 275\u20ac anuals (corresponents a 25\u20ac mensuals), presentant l&#8217;acreditaci\u00f3 corresponent.<\/p>\n\n\n\n<p>Una vegada aprovada al Ple, aquesta modificaci\u00f3 continua la seva tramitaci\u00f3 amb l&#8217;exposici\u00f3 p\u00fablica durant trenta dies.<\/p>\n\n\n\n<p><strong>Punt 3: Aprovaci\u00f3 inicial de modificaci\u00f3 de cr\u00e8dit en la modalitat de suplement de cr\u00e8dit.<\/strong><\/p>\n\n\n\n<p><span style=\"text-decoration: underline;\">S&#8217;ha aprovat<\/span> amb els vots a favor de Comprom\u00eds amb la Bisbal (6) i els vots en contra del PSC (2), Units per la Bisbal-FIC (1) i ERC-AM (1).<\/p>\n\n\n\n<p>S&#8217;aprova destinar 203.523,03\u20ac del romanent de tresoreria a:<\/p>\n\n\n\n<p><span style=\"text-decoration: underline;\">-Incorporar 107.483,09\u20ac per a la direcci\u00f3 d&#8217;obres de la fase 1 del projecte de rehabilitaci\u00f3 del pavell\u00f3 esportiu<\/span> i de l&#8217;edifici annex destinat a vestidors, del poliesportiu municipal.<\/p>\n\n\n\n<p>Aquest mes d&#8217;agost s&#8217;han adjudicat definitivament les obres de la fase 1 a l&#8217;empresa Coasa. S&#8217;han nomenat l&#8217;arquitecta municipal i l&#8217;enginyer municipal com a directors d&#8217;obres. No obstant aix\u00f2, tenint en compte l&#8217;elevada feina urban\u00edstica al municipi, es licitar\u00e0 la direcci\u00f3 d&#8217;aquestes obres i, per aix\u00f2, s&#8217;ha aprovat aquesta modificaci\u00f3.<\/p>\n\n\n\n<p><span style=\"text-decoration: underline;\">-Incorporar 77.000\u20ac al servei de recaptaci\u00f3 de BASE-Gesti\u00f3 d&#8217;Ingressos<\/span> de la Diputaci\u00f3 de Tarragona.<\/p>\n\n\n\n<p>BASE ha realitzat una acta d&#8217;inspecci\u00f3 de la liquidaci\u00f3 de l&#8217;ICIO (Impost sobre Construccions, Instal\u00b7lacions i Obres) per un import de 268.058,78\u20ac. L&#8217;import a abonar a BASE per aquesta gesti\u00f3 \u00e9s de 75.000\u20ac. A la partida corresponent del pressupost per al 2022 hi ha 10.000\u20ac consignats, que seran insuficients a finals d&#8217;any per fer front a aquests 75.000\u20ac m\u00e9s les liquidacions per imports recaptats per BASE (cal tenir en compte que el 2021 les despeses d&#8217;aquesta partida van ascendir a m\u00e9s de 76.000\u20ac). Per tant, com que es calcula que faltaran 77.000\u20ac m\u00e9s, s&#8217;ha tirat endavant aquesta modificaci\u00f3 de cr\u00e8dit.<\/p>\n\n\n\n<p><span style=\"text-decoration: underline;\">-Incorporar 19.039,94\u20ac a la Mancomunitat Pened\u00e8s-Garraf<\/span><\/p>\n\n\n\n<p>La Mancomunitat, durant l&#8217;exercici 2021, no va liquidar la quota del 2021 per un import de 19.039,94\u20ac. Fa unes setmanes, l&#8217;Ajuntament va abonar aquesta quota de 2021 amb el pressupost de l&#8217;Ajuntament del 2022, ja que el pressupost del 2021 ja est\u00e0 liquidat. L&#8217;Ajuntament ha tirat endavant aquesta modificaci\u00f3 de cr\u00e8dit per poder fer front tamb\u00e9 a la quota del 2022, que \u00e9s del mateix import.<\/p>\n\n\n\n<hr class=\"wp-block-separator has-alpha-channel-opacity\"\/>\n\n\n\n<p><strong>CASTELLANO<\/strong> | El pasado jueves 25 de agosto se celebr\u00f3 un Pleno extraordinario en el Ayuntamiento de la Bisbal del Pened\u00e8s. Al inicio de la sesi\u00f3n, se disculp\u00f3 la asistencia de la concejala de Ara la Bisbal, Maguy Antol\u00edn.<\/p>\n\n\n\n<p>Se trataron los puntos siguientes:<\/p>\n\n\n\n<p><strong>Punto 1: Aprobaci\u00f3n del texto refundido de las Normas subsidiarias del planeamiento municipal.<\/strong><\/p>\n\n\n\n<p>Se ha aprobado con los votos a favor de Comprom\u00eds amb la Bisbal (6) y las abstenciones del PSC (2), Units per la Bisbal-FIC (1) y ERC-AM (1).<\/p>\n\n\n\n<p>El Ayuntamiento est\u00e1 tramitando la modificaci\u00f3n del Plan parcial urban\u00edstico del pol\u00edgono industrial Les Planes Baixes, desde principios de a\u00f1o, para agrupar cuatro parcelas en una sola con el objetivo de formar una parcela de grandes dimensiones para ubicar una nueva edificaci\u00f3n de una importante empresa que ya ha construido una nave en el pol\u00edgono (Affinity). Este cambio se plasma en la modificaci\u00f3n del art\u00edculo 176 bis del plan parcial, que incluye esta agrupaci\u00f3n.<\/p>\n\n\n\n<p>A. mediados de julio, la Comisi\u00f3n Territorial de Urbanismo de la Generalitat de Catalu\u00f1a se reuni\u00f3 y acord\u00f3 que, para tramitar definitivamente esta agrupaci\u00f3n de parcelas, era necesario que el Ayuntamiento aprobase el Texto Refundido de las Normas subsidiarias de planeamiento incorporando la modificaci\u00f3n del art\u00edculo 176. Este es el paso que se ha hecho en este pleno.<\/p>\n\n\n\n<p><strong>Punto 2: Aprobaci\u00f3n provisional de la modificaci\u00f3n de la ordenanza reguladora de la tasa de la guarder\u00eda municipal.<\/strong><\/p>\n\n\n\n<p>Se ha aprobado por unanimidad de los asistentes.<\/p>\n\n\n\n<p>Se ha aprobado provisionalmente, por unanimidad de los asistentes, la modificaci\u00f3n de la Ordenanza fiscal n\u00famero 18, reguladora de la tasa para la prestaci\u00f3n del servicio de la guarder\u00eda municipal.<\/p>\n\n\n\n<p>Con este punto, se adecua la Ordenanza a la disposici\u00f3n decimos\u00e9ptima de la Ley 2\/2021, del 29 de diciembre, de medidas fiscales, financieras, administrativas y del sector p\u00fablico, que establece que le corresponde al Departamento de Educaci\u00f3n la financiaci\u00f3n de parte del coste del servicio de escolarizaci\u00f3n que satisfacen las familias por plaza escolar correspondiente al tercer curso del primer ciclo de educaci\u00f3n infantil I2 (antes P2) en las &#8220;escoles bressol&#8221; y guarder\u00edas municipales. De esta manera, los alumnos de I2 estar\u00e1n eximidos de pagar la cuota mensual de septiembre a junio, tal como establece la Generalitat. Estos alumnos deber\u00e1n abonar la matr\u00edcula, el servicio de comedor -si asisten- y la tasa del mes de julio (si asisten).<\/p>\n\n\n\n<p>Adem\u00e1s, el Ayuntamiento de la Bisbal del Pened\u00e8s, a trav\u00e9s de la Concejal\u00eda de Educaci\u00f3n, ha a\u00f1adido una bonificaci\u00f3n para familias monoparentales. La cuota por familia monoparental tendr\u00e1 un descuento de 275\u20ac anuales (correspondientes a 25\u20ac mensuales), presentando la acreditaci\u00f3n correspondiente.<\/p>\n\n\n\n<p>Una vez aprobada en el Pleno, esta modificaci\u00f3n contin\u00faa su tramitaci\u00f3n con la exposici\u00f3n p\u00fablica durante treinta d\u00edas.<\/p>\n\n\n\n<p><strong>Punto 3: Aprobaci\u00f3n inicial de modificaci\u00f3n de cr\u00e9dito en la modalidad de suplemento de cr\u00e9dito.<\/strong><\/p>\n\n\n\n<p>Se ha aprobado con los votos a favor de Comprom\u00eds amb la Bisbal (6) y los votos en contra del PSC (2), Units per la Bisbal-FIC (1) y ERC-AM (1).<\/p>\n\n\n\n<p>Se aprueba destinar 203.523,03\u20ac del remanente de tesorer\u00eda a:<\/p>\n\n\n\n<p><span style=\"text-decoration: underline;\">-Incorporar 107.483,09\u20ac para la direcci\u00f3n de obras de la fase 1 del proyecto de rehabilitaci\u00f3n el pabell\u00f3n deportivo<\/span> y del edificio anexo destinado a vestidores, del polideportivo municipal.<\/p>\n\n\n\n<p>Este mes de agosto se han adjudicado definitivamente las obras de la fase 1 a la empresa Coasa. Se han nombrado a la arquitecta municipal y al ingeniero municipal como directores de obras. No obstante, teniendo en cuenta el elevado trabajo urban\u00edstico en el municipio, se licitar\u00e1 la direcci\u00f3n de estas obras y por este motivo se ha aprobado esta modificaci\u00f3n.<\/p>\n\n\n\n<p><span style=\"text-decoration: underline;\">-Incorporar 77.000\u20ac al servicio de recaudaci\u00f3n de BASE-Gesti\u00f3n de Ingresos de la Diputaci\u00f3n de Tarragona.<\/span><\/p>\n\n\n\n<p>BASE ha realizado un acta de inspecci\u00f3n de la liquidaci\u00f3n del ICIO (Impuesto sobre Construcciones, Instalaciones y Obras) por un importe de 268.058,78\u20ac. El importe a abonar a BASE por esta gesti\u00f3n es de 75.000\u20ac. En la partida correspondiente del presupuesto para el 2022 hay 10.000\u20ac consignados, que ser\u00e1n insuficientes a finales de a\u00f1o para hacer frente a estos 75.000\u20ac m\u00e1s las liquidaciones por importes recaudados por BASE (hay que tener en cuenta que en el 201 los gastos de esta partida ascendieron a m\u00e1s de 76.000\u20ac). Por tanto, como se calcula que faltar\u00e1n 77.000\u20ac m\u00e1s, se ha llevado a cabo esta modificaci\u00f3n de cr\u00e9dito.<\/p>\n\n\n\n<p><span style=\"text-decoration: underline;\">-Incorporar 19.039,94\u20ac a la Mancomunitat Pened\u00e8s-Garraf<\/span><\/p>\n\n\n\n<p>La Mancomunitat, durante el ejercicio 2021, no liquid\u00f3 la cuota del 2021 por un importe de 19.039,94\u20ac. Hace unas semanas, el Ayuntamiento abon\u00f3 esta cuota de 2021 con el presupuesto del Ayuntamiento del 2022, ya que el presupuesto del 2021 ya est\u00e1 liquidado. El Ayuntamiento ha llevado a cabo esta modificaci\u00f3n de cr\u00e9dito para poder hacer frente tambi\u00e9n a la cuota del 2022, que es del mismo importe.<\/p>\n","protected":false},"excerpt":{"rendered":"<p>El passat dijous 25 d&#8217;agost es va celebrar un Ple extraordinari a l&#8217;Ajuntament de la Bisbal del Pened\u00e8s. A l&#8217;inici de la sessi\u00f3, es va disculpar l&#8217;assist\u00e8ncia de la regidora &hellip; <a href=\"https:\/\/bisbalpenedes.com\/web\/2022\/08\/29\/el-passat-dijous-25-dagost-es-va-celebrar-un-ple-extraordinari-a-lajuntament-de-la-bisbal-del-penedes\/\" class=\"more-link\">Read More<\/a><\/p>\n","protected":false},"author":4,"featured_media":23133,"comment_status":"closed","ping_status":"closed","sticky":false,"template":"","format":"standard","meta":[],"categories":[8,2251,2250],"tags":[5451,5452,4393,139,423],"_links":{"self":[{"href":"https:\/\/bisbalpenedes.com\/web\/wp-json\/wp\/v2\/posts\/23131"}],"collection":[{"href":"https:\/\/bisbalpenedes.com\/web\/wp-json\/wp\/v2\/posts"}],"about":[{"href":"https:\/\/bisbalpenedes.com\/web\/wp-json\/wp\/v2\/types\/post"}],"author":[{"embeddable":true,"href":"https:\/\/bisbalpenedes.com\/web\/wp-json\/wp\/v2\/users\/4"}],"replies":[{"embeddable":true,"href":"https:\/\/bisbalpenedes.com\/web\/wp-json\/wp\/v2\/comments?post=23131"}],"version-history":[{"count":3,"href":"https:\/\/bisbalpenedes.com\/web\/wp-json\/wp\/v2\/posts\/23131\/revisions"}],"predecessor-version":[{"id":23135,"href":"https:\/\/bisbalpenedes.com\/web\/wp-json\/wp\/v2\/posts\/23131\/revisions\/23135"}],"wp:featuredmedia":[{"embeddable":true,"href":"https:\/\/bisbalpenedes.com\/web\/wp-json\/wp\/v2\/media\/23133"}],"wp:attachment":[{"href":"https:\/\/bisbalpenedes.com\/web\/wp-json\/wp\/v2\/media?parent=23131"}],"wp:term":[{"taxonomy":"category","embeddable":true,"href":"https:\/\/bisbalpenedes.com\/web\/wp-json\/wp\/v2\/categories?post=23131"},{"taxonomy":"post_tag","embeddable":true,"href":"https:\/\/bisbalpenedes.com\/web\/wp-json\/wp\/v2\/tags?post=23131"}],"curies":[{"name":"wp","href":"https:\/\/api.w.org\/{rel}","templated":true}]}}