{"id":23128,"date":"2022-08-29T07:12:23","date_gmt":"2022-08-29T05:12:23","guid":{"rendered":"https:\/\/bisbalpenedes.com\/web\/?p=23128"},"modified":"2022-08-29T07:12:23","modified_gmt":"2022-08-29T05:12:23","slug":"el-dia-1-de-setembre-comenca-lhorari-dhivern-de-les-oficines-municipals-i-de-la-biblioteca","status":"publish","type":"post","link":"https:\/\/bisbalpenedes.com\/web\/2022\/08\/29\/el-dia-1-de-setembre-comenca-lhorari-dhivern-de-les-oficines-municipals-i-de-la-biblioteca\/","title":{"rendered":"El dia 1 de setembre comen\u00e7a l&#8217;horari d&#8217;hivern de les oficines municipals i de la Biblioteca"},"content":{"rendered":"\n<p>El dia 1 de setembre comen\u00e7a l&#8217;horari d&#8217;hivern de l&#8217;Ajuntament de La Bisbal del Pened\u00e8s i de la Biblioteca p\u00fablica de la Bisbal del Pened\u00e8s.<\/p>\n\n\n\n<hr class=\"wp-block-separator has-alpha-channel-opacity\"\/>\n\n\n\n<p>El d\u00eda 1 de septiembre empieza el horario de invierno del Ayuntamiento de La Bisbal del Pened\u00e8s y de la Biblioteca p\u00fablica de la Bisbal del Pened\u00e8s.<\/p>\n\n\n\n<p><\/p>\n","protected":false},"excerpt":{"rendered":"<p>El dia 1 de setembre comen\u00e7a l&#8217;horari d&#8217;hivern de l&#8217;Ajuntament de La Bisbal del Pened\u00e8s i de la Biblioteca p\u00fablica de la Bisbal del Pened\u00e8s. El d\u00eda 1 de septiembre &hellip; <a href=\"https:\/\/bisbalpenedes.com\/web\/2022\/08\/29\/el-dia-1-de-setembre-comenca-lhorari-dhivern-de-les-oficines-municipals-i-de-la-biblioteca\/\" class=\"more-link\">Read More<\/a><\/p>\n","protected":false},"author":4,"featured_media":18936,"comment_status":"closed","ping_status":"closed","sticky":false,"template":"","format":"standard","meta":[],"categories":[1628,8],"tags":[459,784,4705,393],"_links":{"self":[{"href":"https:\/\/bisbalpenedes.com\/web\/wp-json\/wp\/v2\/posts\/23128"}],"collection":[{"href":"https:\/\/bisbalpenedes.com\/web\/wp-json\/wp\/v2\/posts"}],"about":[{"href":"https:\/\/bisbalpenedes.com\/web\/wp-json\/wp\/v2\/types\/post"}],"author":[{"embeddable":true,"href":"https:\/\/bisbalpenedes.com\/web\/wp-json\/wp\/v2\/users\/4"}],"replies":[{"embeddable":true,"href":"https:\/\/bisbalpenedes.com\/web\/wp-json\/wp\/v2\/comments?post=23128"}],"version-history":[{"count":1,"href":"https:\/\/bisbalpenedes.com\/web\/wp-json\/wp\/v2\/posts\/23128\/revisions"}],"predecessor-version":[{"id":23129,"href":"https:\/\/bisbalpenedes.com\/web\/wp-json\/wp\/v2\/posts\/23128\/revisions\/23129"}],"wp:featuredmedia":[{"embeddable":true,"href":"https:\/\/bisbalpenedes.com\/web\/wp-json\/wp\/v2\/media\/18936"}],"wp:attachment":[{"href":"https:\/\/bisbalpenedes.com\/web\/wp-json\/wp\/v2\/media?parent=23128"}],"wp:term":[{"taxonomy":"category","embeddable":true,"href":"https:\/\/bisbalpenedes.com\/web\/wp-json\/wp\/v2\/categories?post=23128"},{"taxonomy":"post_tag","embeddable":true,"href":"https:\/\/bisbalpenedes.com\/web\/wp-json\/wp\/v2\/tags?post=23128"}],"curies":[{"name":"wp","href":"https:\/\/api.w.org\/{rel}","templated":true}]}}