{"id":23117,"date":"2022-08-25T09:44:28","date_gmt":"2022-08-25T07:44:28","guid":{"rendered":"https:\/\/bisbalpenedes.com\/web\/?p=23117"},"modified":"2022-08-25T09:44:28","modified_gmt":"2022-08-25T07:44:28","slug":"la-bisbal-sera-la-seu-de-la-trobada-dassociacions-de-la-gent-gran-del-baix-penedes-el-24-de-setembre","status":"publish","type":"post","link":"https:\/\/bisbalpenedes.com\/web\/2022\/08\/25\/la-bisbal-sera-la-seu-de-la-trobada-dassociacions-de-la-gent-gran-del-baix-penedes-el-24-de-setembre\/","title":{"rendered":"La Bisbal ser\u00e0 la seu de la trobada d&#8217;associacions de la gent gran del Baix Pened\u00e8s el 24 de setembre"},"content":{"rendered":"\n<p>El dissabte 24 de setembre, la Bisbal del Pened\u00e8s acollir\u00e0 la trobada d&#8217;associacions de gent gran del Baix Pened\u00e8s.<\/p>\n\n\n\n<hr class=\"wp-block-separator has-alpha-channel-opacity\"\/>\n\n\n\n<p>El s\u00e1bado 24 de septiembre, la Bisbal del Pened\u00e8s acoger\u00e1 el encuentro de asociaciones de la gente mayor del Baix Pened\u00e8s.<\/p>\n\n\n\n<p><\/p>\n","protected":false},"excerpt":{"rendered":"<p>El dissabte 24 de setembre, la Bisbal del Pened\u00e8s acollir\u00e0 la trobada d&#8217;associacions de gent gran del Baix Pened\u00e8s. El s\u00e1bado 24 de septiembre, la Bisbal del Pened\u00e8s acoger\u00e1 el &hellip; <a href=\"https:\/\/bisbalpenedes.com\/web\/2022\/08\/25\/la-bisbal-sera-la-seu-de-la-trobada-dassociacions-de-la-gent-gran-del-baix-penedes-el-24-de-setembre\/\" class=\"more-link\">Read More<\/a><\/p>\n","protected":false},"author":4,"featured_media":23118,"comment_status":"closed","ping_status":"closed","sticky":false,"template":"","format":"standard","meta":[],"categories":[8],"tags":[459,305,393,3379],"_links":{"self":[{"href":"https:\/\/bisbalpenedes.com\/web\/wp-json\/wp\/v2\/posts\/23117"}],"collection":[{"href":"https:\/\/bisbalpenedes.com\/web\/wp-json\/wp\/v2\/posts"}],"about":[{"href":"https:\/\/bisbalpenedes.com\/web\/wp-json\/wp\/v2\/types\/post"}],"author":[{"embeddable":true,"href":"https:\/\/bisbalpenedes.com\/web\/wp-json\/wp\/v2\/users\/4"}],"replies":[{"embeddable":true,"href":"https:\/\/bisbalpenedes.com\/web\/wp-json\/wp\/v2\/comments?post=23117"}],"version-history":[{"count":1,"href":"https:\/\/bisbalpenedes.com\/web\/wp-json\/wp\/v2\/posts\/23117\/revisions"}],"predecessor-version":[{"id":23119,"href":"https:\/\/bisbalpenedes.com\/web\/wp-json\/wp\/v2\/posts\/23117\/revisions\/23119"}],"wp:featuredmedia":[{"embeddable":true,"href":"https:\/\/bisbalpenedes.com\/web\/wp-json\/wp\/v2\/media\/23118"}],"wp:attachment":[{"href":"https:\/\/bisbalpenedes.com\/web\/wp-json\/wp\/v2\/media?parent=23117"}],"wp:term":[{"taxonomy":"category","embeddable":true,"href":"https:\/\/bisbalpenedes.com\/web\/wp-json\/wp\/v2\/categories?post=23117"},{"taxonomy":"post_tag","embeddable":true,"href":"https:\/\/bisbalpenedes.com\/web\/wp-json\/wp\/v2\/tags?post=23117"}],"curies":[{"name":"wp","href":"https:\/\/api.w.org\/{rel}","templated":true}]}}