{"id":23113,"date":"2022-08-25T07:50:58","date_gmt":"2022-08-25T05:50:58","guid":{"rendered":"https:\/\/bisbalpenedes.com\/web\/?p=23113"},"modified":"2022-08-25T07:58:20","modified_gmt":"2022-08-25T05:58:20","slug":"avis-de-modificacio-dhorari-de-la-biblioteca","status":"publish","type":"post","link":"https:\/\/bisbalpenedes.com\/web\/2022\/08\/25\/avis-de-modificacio-dhorari-de-la-biblioteca\/","title":{"rendered":"Av\u00eds de modificaci\u00f3 d&#8217;horari de la Biblioteca"},"content":{"rendered":"\n<p>La Biblioteca p\u00fablica de la Bisbal del Pened\u00e8s estar\u00e0 tancada fins al dimarts 13 de setembre. Els usuaris i usu\u00e0ries que ho necessitin podran retornar els seus llibres a l&#8217;ajuntament i, si \u00e9s el cas, fer \u00fas del servei de fotoc\u00f2pies.<\/p>\n\n\n\n<hr class=\"wp-block-separator has-alpha-channel-opacity\"\/>\n\n\n\n<p>La Biblioteca p\u00fablica de la Bisbal del Pened\u00e8s estar\u00e1 cerrada hasta el martes 13 de septiembre. Los usuarios y usuarias que lo necesiten, podr\u00e1n retornar sus libros en el ayuntamiento y, si es el caso, hacer uso del servicio de fotocopias.<\/p>\n","protected":false},"excerpt":{"rendered":"<p>La Biblioteca p\u00fablica de la Bisbal del Pened\u00e8s estar\u00e0 tancada fins al dimarts 13 de setembre. Els usuaris i usu\u00e0ries que ho necessitin podran retornar els seus llibres a l&#8217;ajuntament &hellip; <a href=\"https:\/\/bisbalpenedes.com\/web\/2022\/08\/25\/avis-de-modificacio-dhorari-de-la-biblioteca\/\" class=\"more-link\">Read More<\/a><\/p>\n","protected":false},"author":4,"featured_media":23116,"comment_status":"closed","ping_status":"closed","sticky":false,"template":"","format":"standard","meta":[],"categories":[8],"tags":[180,784,393,4074],"_links":{"self":[{"href":"https:\/\/bisbalpenedes.com\/web\/wp-json\/wp\/v2\/posts\/23113"}],"collection":[{"href":"https:\/\/bisbalpenedes.com\/web\/wp-json\/wp\/v2\/posts"}],"about":[{"href":"https:\/\/bisbalpenedes.com\/web\/wp-json\/wp\/v2\/types\/post"}],"author":[{"embeddable":true,"href":"https:\/\/bisbalpenedes.com\/web\/wp-json\/wp\/v2\/users\/4"}],"replies":[{"embeddable":true,"href":"https:\/\/bisbalpenedes.com\/web\/wp-json\/wp\/v2\/comments?post=23113"}],"version-history":[{"count":1,"href":"https:\/\/bisbalpenedes.com\/web\/wp-json\/wp\/v2\/posts\/23113\/revisions"}],"predecessor-version":[{"id":23115,"href":"https:\/\/bisbalpenedes.com\/web\/wp-json\/wp\/v2\/posts\/23113\/revisions\/23115"}],"wp:featuredmedia":[{"embeddable":true,"href":"https:\/\/bisbalpenedes.com\/web\/wp-json\/wp\/v2\/media\/23116"}],"wp:attachment":[{"href":"https:\/\/bisbalpenedes.com\/web\/wp-json\/wp\/v2\/media?parent=23113"}],"wp:term":[{"taxonomy":"category","embeddable":true,"href":"https:\/\/bisbalpenedes.com\/web\/wp-json\/wp\/v2\/categories?post=23113"},{"taxonomy":"post_tag","embeddable":true,"href":"https:\/\/bisbalpenedes.com\/web\/wp-json\/wp\/v2\/tags?post=23113"}],"curies":[{"name":"wp","href":"https:\/\/api.w.org\/{rel}","templated":true}]}}