{"id":23100,"date":"2022-08-23T12:18:13","date_gmt":"2022-08-23T10:18:13","guid":{"rendered":"https:\/\/bisbalpenedes.com\/web\/?p=23100"},"modified":"2022-08-23T13:32:27","modified_gmt":"2022-08-23T11:32:27","slug":"es-publica-la-relacio-provisional-dadmesos-i-exclosos-en-el-proces-selectiu-de-2-places-de-peo-de-brigada-obres-i-reparacions-per-merits","status":"publish","type":"post","link":"https:\/\/bisbalpenedes.com\/web\/2022\/08\/23\/es-publica-la-relacio-provisional-dadmesos-i-exclosos-en-el-proces-selectiu-de-2-places-de-peo-de-brigada-obres-i-reparacions-per-merits\/","title":{"rendered":"Es publica la relaci\u00f3 provisional d\u2019admesos i exclosos en el proc\u00e9s selectiu de 2 places de pe\u00f3 de brigada (obres i reparacions) per m\u00e8rits"},"content":{"rendered":"\n<p>L\u2019Ajuntament de la Bisbal del Pened\u00e8s informa que s\u2019han presentat 14 persones al proc\u00e9s selectiu de 2 places de pe\u00f3 de brigada (obres i reparacions) per m\u00e8rits:<\/p>\n\n\n\n<ul><li>13 candidats han quedat admesos provisionalment<\/li><li>1 persona ha quedat exclosa provisionalment per no presentar la documentaci\u00f3 necess\u00e0ria per avaluar els requisits i m\u00e8rits de les places<\/li><\/ul>\n\n\n\n<p>El 10 d\u2019agost es va signar el Decret d\u2019alcaldia de la relaci\u00f3 provisional d\u2019aspirants admesos i exclosos.<\/p>\n\n\n\n<p>Podeu consultar aqu\u00ed la relaci\u00f3, publicada al BOPT el 23 d\u2019agost de 2022: <a href=\"https:\/\/bisbalpenedes.com\/web\/wp-content\/uploads\/2022\/08\/ANUNCI-BOPT-OBRES-I-REPARACIONS-220823.pdf\">https:\/\/bisbalpenedes.com\/web\/wp-content\/uploads\/2022\/08\/ANUNCI-BOPT-OBRES-I-REPARACIONS-220823.pdf<\/a><\/p>\n\n\n\n<p>Els candidats compten amb deu dies h\u00e0bils des de l\u2019endem\u00e0 de la publicaci\u00f3 al BOPT per formular reclamacions i\/o esmenar defectes que hagin motivat l\u2019exclusi\u00f3.<\/p>\n\n\n\n<hr class=\"wp-block-separator has-alpha-channel-opacity\"\/>\n\n\n\n<p><strong>CASTELLANO |<\/strong> El Ayuntamiento de la Bisbal del Pened\u00e8s informa de que se han presentado 14 personas al proceso selectivo de 2 plazas de pe\u00f3n de brigada (obras y reparaciones) por m\u00e9ritos:<\/p>\n\n\n\n<ul><li>13 candidatos han quedado admitidos provisionalmente<\/li><li>1 persona ha quedado excluida provisionalmente por no presentar la documentaci\u00f3n necesaria para evaluar los requisitos y m\u00e9ritos de las plazas<\/li><\/ul>\n\n\n\n<p>El 10 de agosto se firm\u00f3 el Decreto de alcald\u00eda de la relaci\u00f3n provisional de aspirantes admitidos y excluidos.<\/p>\n\n\n\n<p>Pod\u00e9is consultar aqu\u00ed la relaci\u00f3n, publicada en el BOPT el 23 de agosto de 2022: <a href=\"https:\/\/bisbalpenedes.com\/web\/wp-content\/uploads\/2022\/08\/ANUNCI-BOPT-OBRES-I-REPARACIONS-220823.pdf\">https:\/\/bisbalpenedes.com\/web\/wp-content\/uploads\/2022\/08\/ANUNCI-BOPT-OBRES-I-REPARACIONS-220823.pdf<\/a><\/p>\n\n\n\n<p>Los candidatos cuentan con diez d\u00edas h\u00e1biles desde el d\u00eda siguiente de la publicaci\u00f3n en el BOPT para formular reclamaciones y\/o enmendar defectos que hayan motivado la exclusi\u00f3n.<\/p>\n","protected":false},"excerpt":{"rendered":"<p>L\u2019Ajuntament de la Bisbal del Pened\u00e8s informa que s\u2019han presentat 14 persones al proc\u00e9s selectiu de 2 places de pe\u00f3 de brigada (obres i reparacions) per m\u00e8rits: 13 candidats han &hellip; <a href=\"https:\/\/bisbalpenedes.com\/web\/2022\/08\/23\/es-publica-la-relacio-provisional-dadmesos-i-exclosos-en-el-proces-selectiu-de-2-places-de-peo-de-brigada-obres-i-reparacions-per-merits\/\" class=\"more-link\">Read More<\/a><\/p>\n","protected":false},"author":4,"featured_media":23101,"comment_status":"closed","ping_status":"closed","sticky":false,"template":"","format":"standard","meta":[],"categories":[8],"tags":[2462,393,5372,21,4005],"_links":{"self":[{"href":"https:\/\/bisbalpenedes.com\/web\/wp-json\/wp\/v2\/posts\/23100"}],"collection":[{"href":"https:\/\/bisbalpenedes.com\/web\/wp-json\/wp\/v2\/posts"}],"about":[{"href":"https:\/\/bisbalpenedes.com\/web\/wp-json\/wp\/v2\/types\/post"}],"author":[{"embeddable":true,"href":"https:\/\/bisbalpenedes.com\/web\/wp-json\/wp\/v2\/users\/4"}],"replies":[{"embeddable":true,"href":"https:\/\/bisbalpenedes.com\/web\/wp-json\/wp\/v2\/comments?post=23100"}],"version-history":[{"count":2,"href":"https:\/\/bisbalpenedes.com\/web\/wp-json\/wp\/v2\/posts\/23100\/revisions"}],"predecessor-version":[{"id":23104,"href":"https:\/\/bisbalpenedes.com\/web\/wp-json\/wp\/v2\/posts\/23100\/revisions\/23104"}],"wp:featuredmedia":[{"embeddable":true,"href":"https:\/\/bisbalpenedes.com\/web\/wp-json\/wp\/v2\/media\/23101"}],"wp:attachment":[{"href":"https:\/\/bisbalpenedes.com\/web\/wp-json\/wp\/v2\/media?parent=23100"}],"wp:term":[{"taxonomy":"category","embeddable":true,"href":"https:\/\/bisbalpenedes.com\/web\/wp-json\/wp\/v2\/categories?post=23100"},{"taxonomy":"post_tag","embeddable":true,"href":"https:\/\/bisbalpenedes.com\/web\/wp-json\/wp\/v2\/tags?post=23100"}],"curies":[{"name":"wp","href":"https:\/\/api.w.org\/{rel}","templated":true}]}}