{"id":2309,"date":"2017-04-21T01:33:09","date_gmt":"2017-04-20T19:33:09","guid":{"rendered":"http:\/\/bisbalpenedes.com\/web\/?p=2309"},"modified":"2017-04-21T01:56:50","modified_gmt":"2017-04-20T19:56:50","slug":"la-bisbal-del-penedes-tindra-un-aparcament-per-a-autobusos","status":"publish","type":"post","link":"https:\/\/bisbalpenedes.com\/web\/2017\/04\/21\/la-bisbal-del-penedes-tindra-un-aparcament-per-a-autobusos\/","title":{"rendered":"La Bisbal del Pened\u00e8s tindr\u00e0 un aparcament per a autobusos"},"content":{"rendered":"<p style=\"text-align: center;\"><a href=\"http:\/\/bisbalpenedes.com\/web\/wp-content\/uploads\/2017\/04\/FOTO-PARKING-AUTOBUSOS.jpg\"><img loading=\"lazy\" class=\"aligncenter  wp-image-2310\" title=\"Aparcament autobusos institut\" src=\"http:\/\/bisbalpenedes.com\/web\/wp-content\/uploads\/2017\/04\/FOTO-PARKING-AUTOBUSOS-1024x768.jpg\" alt=\"Fotografia del lloc on s'ubicar\u00e0 l'aparcament d'autobusos\" width=\"403\" height=\"302\" srcset=\"https:\/\/bisbalpenedes.com\/web\/wp-content\/uploads\/2017\/04\/FOTO-PARKING-AUTOBUSOS-1024x768.jpg 1024w, https:\/\/bisbalpenedes.com\/web\/wp-content\/uploads\/2017\/04\/FOTO-PARKING-AUTOBUSOS-600x450.jpg 600w, https:\/\/bisbalpenedes.com\/web\/wp-content\/uploads\/2017\/04\/FOTO-PARKING-AUTOBUSOS-300x225.jpg 300w\" sizes=\"(max-width: 403px) 100vw, 403px\" \/><\/a><\/p>\n<p>La Junta de Govern, a proposta de la Regidoria d\u2019Educaci\u00f3, ha aprovat un contracte menor per a la redacci\u00f3 d\u2019un projecte d\u2019obra i arquitectura t\u00e8cnica per a la construcci\u00f3 d\u2019un aparcament d\u2019autobusos a l\u2019exterior de l\u2019IES Coster de la Torre, ja que La Bisbal del Pened\u00e8s no en t\u00e9 cap.<\/p>\n<p>L\u2019aparcament, de 1.416 m\u00b2 s\u2019ubicar\u00e0 al cam\u00ed del Gosch i, quan estigui constru\u00eft, \u00a0solucionar\u00e0 els actuals embussos en hores puntes a l\u2019IES Coster de la Torre. A m\u00e9s, facilitar\u00e0 el tr\u00e0nsit i l\u2019aparcament d\u2019autobusos en dies de molta aflu\u00e8ncia de gent al municipi, com per exemple \u00a0durant la diada castellera del 15 d\u2019agost.<\/p>\n<p>El contracte menor que s\u2019ha aprovat \u00e9s de serveis t\u00e8cnics de treballs per a la redacci\u00f3 de l\u2019\u00e0rea d\u2019estacionament d\u2019autocars i inclou el projecte b\u00e0sic i el d\u2019execuci\u00f3 i direcci\u00f3 d\u2019obres. El cost total \u00e9s de 13.068\u20ac ( IVA incl\u00f2s). Una vegada realitzat el projecte es procedir\u00e0 a fer el concurs per adjudicar-ne les obres.<\/p>\n","protected":false},"excerpt":{"rendered":"<p>La Junta de Govern, a proposta de la Regidoria d\u2019Educaci\u00f3, ha aprovat un contracte menor per a la redacci\u00f3 d\u2019un projecte d\u2019obra i arquitectura t\u00e8cnica per a la construcci\u00f3 d\u2019un &hellip; <a href=\"https:\/\/bisbalpenedes.com\/web\/2017\/04\/21\/la-bisbal-del-penedes-tindra-un-aparcament-per-a-autobusos\/\" class=\"more-link\">Read More<\/a><\/p>\n","protected":false},"author":4,"featured_media":2310,"comment_status":"closed","ping_status":"closed","sticky":false,"template":"","format":"standard","meta":[],"categories":[16,4],"tags":[330,331,248,332,333],"_links":{"self":[{"href":"https:\/\/bisbalpenedes.com\/web\/wp-json\/wp\/v2\/posts\/2309"}],"collection":[{"href":"https:\/\/bisbalpenedes.com\/web\/wp-json\/wp\/v2\/posts"}],"about":[{"href":"https:\/\/bisbalpenedes.com\/web\/wp-json\/wp\/v2\/types\/post"}],"author":[{"embeddable":true,"href":"https:\/\/bisbalpenedes.com\/web\/wp-json\/wp\/v2\/users\/4"}],"replies":[{"embeddable":true,"href":"https:\/\/bisbalpenedes.com\/web\/wp-json\/wp\/v2\/comments?post=2309"}],"version-history":[{"count":3,"href":"https:\/\/bisbalpenedes.com\/web\/wp-json\/wp\/v2\/posts\/2309\/revisions"}],"predecessor-version":[{"id":2312,"href":"https:\/\/bisbalpenedes.com\/web\/wp-json\/wp\/v2\/posts\/2309\/revisions\/2312"}],"wp:featuredmedia":[{"embeddable":true,"href":"https:\/\/bisbalpenedes.com\/web\/wp-json\/wp\/v2\/media\/2310"}],"wp:attachment":[{"href":"https:\/\/bisbalpenedes.com\/web\/wp-json\/wp\/v2\/media?parent=2309"}],"wp:term":[{"taxonomy":"category","embeddable":true,"href":"https:\/\/bisbalpenedes.com\/web\/wp-json\/wp\/v2\/categories?post=2309"},{"taxonomy":"post_tag","embeddable":true,"href":"https:\/\/bisbalpenedes.com\/web\/wp-json\/wp\/v2\/tags?post=2309"}],"curies":[{"name":"wp","href":"https:\/\/api.w.org\/{rel}","templated":true}]}}