{"id":23072,"date":"2022-08-19T10:42:51","date_gmt":"2022-08-19T08:42:51","guid":{"rendered":"https:\/\/bisbalpenedes.com\/web\/?p=23072"},"modified":"2022-08-19T10:42:51","modified_gmt":"2022-08-19T08:42:51","slug":"lexposicio-la-bisbal-els-fabulosos-anys-20-estara-oberta-fins-al-26-dagost","status":"publish","type":"post","link":"https:\/\/bisbalpenedes.com\/web\/2022\/08\/19\/lexposicio-la-bisbal-els-fabulosos-anys-20-estara-oberta-fins-al-26-dagost\/","title":{"rendered":"L&#8217;exposici\u00f3 &#8220;La Bisbal, els fabulosos anys 20&#8221; estar\u00e0 oberta fins al 26 d&#8217;agost"},"content":{"rendered":"\n<p>No heu pogut venir a veure l&#8217;exposici\u00f3 &#8220;La Bisbal, els fabulosos anys 20&#8221;? Doncs encara hi sou a temps!<\/p>\n\n\n\n<p>L&#8217;exposici\u00f3 estar\u00e0 oberta avui divendres a la tarda i tamb\u00e9 del 22 al 26 d&#8217;agost de 16:30h a 20h.<\/p>\n\n\n\n<p>Els bisbalencs que van viure fa just un segle van poder experimentar de primera m\u00e0 com, de mica en mica, anaven arribant al poble tot de canvis i innovacions que revolucionarien la seva manera de viure, con\u00e8ixer i relacionar-se amb el m\u00f3n. Hem intentat recrear aquest viatge per anar descobrint totes aquestes iniciatives que van tenir lloc al voltant de la d\u00e8cada dels 20 i que, amb esfor\u00e7, patiment i algunes alegries, van suposar la primera pedra per convertir la Bisbal en el poble que avui coneixem.<\/p>\n\n\n\n<hr class=\"wp-block-separator has-alpha-channel-opacity\"\/>\n\n\n\n<p>\u00bfNo hab\u00e9is podido venir a ver la exposici\u00f3n &#8220;La Bisbal, los fabulosos a\u00f1os 20&#8221;? \u00a1Pues todav\u00eda est\u00e1is a tiempo!<\/p>\n\n\n\n<p>La exposici\u00f3n estar\u00e1 abierta hoy viernes por la tarde y tambi\u00e9n del 22 al 26 de agosto de 16:30h a 20h.<\/p>\n\n\n\n<p>Los bisbalenses que vivieron hace justo un siglo pudieron experimentar de primera mano como, poco a poco, iban llegando al pueblo cambios e innovaciones que revolucionar\u00edan su forma de vivir, conocer y relacionarse con el mundo. Hemos intentado recrear este viaje para ir descubriendo todas estas iniciativas que tuvieron lugar alrededor de la d\u00e9cada de los 20 y que, con esfuerzo y sufrimiento y algunas alegr\u00edas, supusieron la primera piedra para convertir la Bisbal en el pueblo que hoy conocemos.<\/p>\n","protected":false},"excerpt":{"rendered":"<p>No heu pogut venir a veure l&#8217;exposici\u00f3 &#8220;La Bisbal, els fabulosos anys 20&#8221;? Doncs encara hi sou a temps! L&#8217;exposici\u00f3 estar\u00e0 oberta avui divendres a la tarda i tamb\u00e9 del &hellip; <a href=\"https:\/\/bisbalpenedes.com\/web\/2022\/08\/19\/lexposicio-la-bisbal-els-fabulosos-anys-20-estara-oberta-fins-al-26-dagost\/\" class=\"more-link\">Read More<\/a><\/p>\n","protected":false},"author":4,"featured_media":23073,"comment_status":"closed","ping_status":"closed","sticky":false,"template":"","format":"standard","meta":[],"categories":[2942,13,8],"tags":[2930,86,393],"_links":{"self":[{"href":"https:\/\/bisbalpenedes.com\/web\/wp-json\/wp\/v2\/posts\/23072"}],"collection":[{"href":"https:\/\/bisbalpenedes.com\/web\/wp-json\/wp\/v2\/posts"}],"about":[{"href":"https:\/\/bisbalpenedes.com\/web\/wp-json\/wp\/v2\/types\/post"}],"author":[{"embeddable":true,"href":"https:\/\/bisbalpenedes.com\/web\/wp-json\/wp\/v2\/users\/4"}],"replies":[{"embeddable":true,"href":"https:\/\/bisbalpenedes.com\/web\/wp-json\/wp\/v2\/comments?post=23072"}],"version-history":[{"count":1,"href":"https:\/\/bisbalpenedes.com\/web\/wp-json\/wp\/v2\/posts\/23072\/revisions"}],"predecessor-version":[{"id":23074,"href":"https:\/\/bisbalpenedes.com\/web\/wp-json\/wp\/v2\/posts\/23072\/revisions\/23074"}],"wp:featuredmedia":[{"embeddable":true,"href":"https:\/\/bisbalpenedes.com\/web\/wp-json\/wp\/v2\/media\/23073"}],"wp:attachment":[{"href":"https:\/\/bisbalpenedes.com\/web\/wp-json\/wp\/v2\/media?parent=23072"}],"wp:term":[{"taxonomy":"category","embeddable":true,"href":"https:\/\/bisbalpenedes.com\/web\/wp-json\/wp\/v2\/categories?post=23072"},{"taxonomy":"post_tag","embeddable":true,"href":"https:\/\/bisbalpenedes.com\/web\/wp-json\/wp\/v2\/tags?post=23072"}],"curies":[{"name":"wp","href":"https:\/\/api.w.org\/{rel}","templated":true}]}}