{"id":23059,"date":"2022-08-18T13:28:25","date_gmt":"2022-08-18T11:28:25","guid":{"rendered":"https:\/\/bisbalpenedes.com\/web\/?p=23059"},"modified":"2022-08-18T13:28:25","modified_gmt":"2022-08-18T11:28:25","slug":"sadjudiquen-definitivament-les-obres-de-rehabilitacio-de-poliesportiu-municipal-i-la-construccio-dels-vestidors-del-pavello","status":"publish","type":"post","link":"https:\/\/bisbalpenedes.com\/web\/2022\/08\/18\/sadjudiquen-definitivament-les-obres-de-rehabilitacio-de-poliesportiu-municipal-i-la-construccio-dels-vestidors-del-pavello\/","title":{"rendered":"S&#8217;adjudiquen definitivament les obres de rehabilitaci\u00f3 de poliesportiu municipal i la construcci\u00f3 dels vestidors del pavell\u00f3"},"content":{"rendered":"\n<p> <\/p>\n\n\n\n<figure class=\"wp-block-embed is-type-video is-provider-youtube wp-block-embed-youtube wp-embed-aspect-16-9 wp-has-aspect-ratio\"><div class=\"wp-block-embed__wrapper\">\n<iframe loading=\"lazy\" title=\"Proposta de la Junta de Govern local ordin\u00e0ria de 12 d\u2019agost 2022 amb compet\u00e8ncies delegades del Ple\" width=\"1170\" height=\"658\" src=\"https:\/\/www.youtube.com\/embed\/zXgX2Lc93wY?feature=oembed\" frameborder=\"0\" allow=\"accelerometer; autoplay; clipboard-write; encrypted-media; gyroscope; picture-in-picture\" allowfullscreen><\/iframe>\n<\/div><\/figure>\n\n\n\n<p>El passat divendres 12 d&#8217;agost va tenir lloc una Junta de Govern Local en qu\u00e8 es va aprovar una proposta amb compet\u00e8ncia del Ple delegada a la Junta de Govern mitjan\u00e7ant acord plenari del 4 de juliol de 2019. Era la seg\u00fcent:<\/p>\n\n\n\n<ul><li>Expedient 1193\/2022 Adjudicaci\u00f3 definitiva de les obres de remodelaci\u00f3 i ampliaci\u00f3 del poliesportiu municipal (fases 1.1 i 1.2), que es correspon a la rehabilitaci\u00f3 del pavell\u00f3 i la construcci\u00f3 dels vestuaris.<\/li><\/ul>\n\n\n\n<p>En aquesta sessi\u00f3 de la Junta de Govern es va aprovar l&#8217;adjudicaci\u00f3 de les obres a l&#8217;empresa COASA per 1.217.445\u20ac (m\u00e9s IVA). L&#8217;empresa havia presentat, pr\u00e8viament, la documentaci\u00f3 necess\u00e0ria per a l&#8217;adjudicaci\u00f3 de les obres. Ara, s&#8217;ha de publicar l&#8217;anunci de formalitzaci\u00f3 del contracte i, a partir d&#8217;aqu\u00ed, se seguiran els passos per comen\u00e7ar l&#8217;obra.<\/p>\n\n\n\n<p>Les sessions de la Junta de Govern Local no s\u00f3n p\u00fabliques, per\u00f2 quan actua amb compet\u00e8ncies delegades del Ple, la sessi\u00f3 se sotmet als mateixos requisits de publicitat que les sessions del Ple, que s\u00f3n p\u00fabliques. Aix\u00ed ho va declarar la STS 161\/2013, de&nbsp;26 de setembre.<\/p>\n\n\n\n<p>Per aquest motiu es van obrir les portes de la sala de plens\u00a0a les 14:20h, per tal que pogu\u00e9s assistir-hi p\u00fablic. Tamb\u00e9 es va gravar aquest punt de l\u2019ordre del dia i s&#8217;ha publicat el v\u00eddeo per garantir la seva publicitat.<\/p>\n\n\n\n<hr class=\"wp-block-separator has-alpha-channel-opacity\"\/>\n\n\n\n<p><strong>CASTELLANO |<\/strong> El pasado viernes 12 de agosto tuvo lugar una Junta de Gobierno Local en la que se aprob\u00f3 la propuesta con competencia del Pleno delegada a la Junta de Gobierno mediante acuerdo plenario del 4 de julio de 2019. Era la siguiente:<\/p>\n\n\n\n<ul><li>Expediente 1193\/2022 Adjudicaci\u00f3n definitiva de las obras de remodelaci\u00f3n y ampliaci\u00f3n del polideportivo municipal (fases 1.1. y 1.2), que se corresponde a la rehabilitaci\u00f3n del pabell\u00f3n y la construcci\u00f3n de vestuarios.<\/li><\/ul>\n\n\n\n<p>En esta sesi\u00f3n de la Junta de Gobierno se aprob\u00f3 la adjudicaci\u00f3n de las obras a la empresa COASA por 1.217.445\u20ac (m\u00e1s IVA). La empresa hab\u00eda presentado, previamente, la documentaci\u00f3n necesaria para la adjudicaci\u00f3n de las obras. Ahora, se tiene que publicar el anuncio de formalizaci\u00f3n del contrato y, a partir de aqu\u00ed, se seguir\u00e1n los pasos para empezar la obra.<\/p>\n\n\n\n<p>Las sesiones de la Junta de Gobierno Local no son p\u00fablicas, pero cuando act\u00faa con competencias delegadas del Pleno, la sesi\u00f3n se somete a los mismos requisitos de publicidad que las sesiones del Pleno, que son p\u00fablicas. As\u00ed lo declar\u00f3 la STS 161\/2013, de 26 de septiembre.<\/p>\n\n\n\n<p>Por este motivo se abrieron las puertas de la sala de plenos a las 14:20h, con tal que pudiese asistir p\u00fablico. Tambi\u00e9n se grab\u00f3 este punto del orden del d\u00eda y se ha publicado el v\u00eddeo para garantizar su publicidad.<\/p>\n","protected":false},"excerpt":{"rendered":"<p>El passat divendres 12 d&#8217;agost va tenir lloc una Junta de Govern Local en qu\u00e8 es va aprovar una proposta amb compet\u00e8ncia del Ple delegada a la Junta de Govern &hellip; <a href=\"https:\/\/bisbalpenedes.com\/web\/2022\/08\/18\/sadjudiquen-definitivament-les-obres-de-rehabilitacio-de-poliesportiu-municipal-i-la-construccio-dels-vestidors-del-pavello\/\" class=\"more-link\">Read More<\/a><\/p>\n","protected":false},"author":4,"featured_media":23060,"comment_status":"closed","ping_status":"closed","sticky":false,"template":"","format":"standard","meta":[],"categories":[19,8,15],"tags":[],"_links":{"self":[{"href":"https:\/\/bisbalpenedes.com\/web\/wp-json\/wp\/v2\/posts\/23059"}],"collection":[{"href":"https:\/\/bisbalpenedes.com\/web\/wp-json\/wp\/v2\/posts"}],"about":[{"href":"https:\/\/bisbalpenedes.com\/web\/wp-json\/wp\/v2\/types\/post"}],"author":[{"embeddable":true,"href":"https:\/\/bisbalpenedes.com\/web\/wp-json\/wp\/v2\/users\/4"}],"replies":[{"embeddable":true,"href":"https:\/\/bisbalpenedes.com\/web\/wp-json\/wp\/v2\/comments?post=23059"}],"version-history":[{"count":1,"href":"https:\/\/bisbalpenedes.com\/web\/wp-json\/wp\/v2\/posts\/23059\/revisions"}],"predecessor-version":[{"id":23061,"href":"https:\/\/bisbalpenedes.com\/web\/wp-json\/wp\/v2\/posts\/23059\/revisions\/23061"}],"wp:featuredmedia":[{"embeddable":true,"href":"https:\/\/bisbalpenedes.com\/web\/wp-json\/wp\/v2\/media\/23060"}],"wp:attachment":[{"href":"https:\/\/bisbalpenedes.com\/web\/wp-json\/wp\/v2\/media?parent=23059"}],"wp:term":[{"taxonomy":"category","embeddable":true,"href":"https:\/\/bisbalpenedes.com\/web\/wp-json\/wp\/v2\/categories?post=23059"},{"taxonomy":"post_tag","embeddable":true,"href":"https:\/\/bisbalpenedes.com\/web\/wp-json\/wp\/v2\/tags?post=23059"}],"curies":[{"name":"wp","href":"https:\/\/api.w.org\/{rel}","templated":true}]}}