{"id":23056,"date":"2022-08-18T13:08:30","date_gmt":"2022-08-18T11:08:30","guid":{"rendered":"https:\/\/bisbalpenedes.com\/web\/?p=23056"},"modified":"2022-08-18T13:08:30","modified_gmt":"2022-08-18T11:08:30","slug":"la-pineda-de-santa-cristina-celebrara-la-seva-festa-aquest-dissabte-20-dagost-a-la-tarda","status":"publish","type":"post","link":"https:\/\/bisbalpenedes.com\/web\/2022\/08\/18\/la-pineda-de-santa-cristina-celebrara-la-seva-festa-aquest-dissabte-20-dagost-a-la-tarda\/","title":{"rendered":"La Pineda de Santa Cristina celebrar\u00e0 la seva festa aquest dissabte 20 d&#8217;agost a la tarda"},"content":{"rendered":"\n<p>La Pineda de Santa Cristina celebrar\u00e0 la seva festa aquest dissabte 20 d&#8217;agost a la tarda.<\/p>\n\n\n\n<p>De 17 a 19h els ve\u00efns i les ve\u00efnes del barri podreu votar el Pressupost Participatiu.<\/p>\n\n\n\n<hr class=\"wp-block-separator has-alpha-channel-opacity\"\/>\n\n\n\n<p>La Pineda de Santa Cristina celebrar\u00e1 su fiesta este s\u00e1bado 20 de agosto por la tarde.<\/p>\n\n\n\n<p>De 17 a 19h los vecinos y vecinas del barrio podr\u00e9is votar el Presupuesto Participativo.<\/p>\n","protected":false},"excerpt":{"rendered":"<p>La Pineda de Santa Cristina celebrar\u00e0 la seva festa aquest dissabte 20 d&#8217;agost a la tarda. De 17 a 19h els ve\u00efns i les ve\u00efnes del barri podreu votar el &hellip; <a href=\"https:\/\/bisbalpenedes.com\/web\/2022\/08\/18\/la-pineda-de-santa-cristina-celebrara-la-seva-festa-aquest-dissabte-20-dagost-a-la-tarda\/\" class=\"more-link\">Read More<\/a><\/p>\n","protected":false},"author":4,"featured_media":23048,"comment_status":"closed","ping_status":"closed","sticky":false,"template":"","format":"standard","meta":[],"categories":[4287,20,8],"tags":[5448,78,393,4148,5447,623,2239],"_links":{"self":[{"href":"https:\/\/bisbalpenedes.com\/web\/wp-json\/wp\/v2\/posts\/23056"}],"collection":[{"href":"https:\/\/bisbalpenedes.com\/web\/wp-json\/wp\/v2\/posts"}],"about":[{"href":"https:\/\/bisbalpenedes.com\/web\/wp-json\/wp\/v2\/types\/post"}],"author":[{"embeddable":true,"href":"https:\/\/bisbalpenedes.com\/web\/wp-json\/wp\/v2\/users\/4"}],"replies":[{"embeddable":true,"href":"https:\/\/bisbalpenedes.com\/web\/wp-json\/wp\/v2\/comments?post=23056"}],"version-history":[{"count":1,"href":"https:\/\/bisbalpenedes.com\/web\/wp-json\/wp\/v2\/posts\/23056\/revisions"}],"predecessor-version":[{"id":23057,"href":"https:\/\/bisbalpenedes.com\/web\/wp-json\/wp\/v2\/posts\/23056\/revisions\/23057"}],"wp:featuredmedia":[{"embeddable":true,"href":"https:\/\/bisbalpenedes.com\/web\/wp-json\/wp\/v2\/media\/23048"}],"wp:attachment":[{"href":"https:\/\/bisbalpenedes.com\/web\/wp-json\/wp\/v2\/media?parent=23056"}],"wp:term":[{"taxonomy":"category","embeddable":true,"href":"https:\/\/bisbalpenedes.com\/web\/wp-json\/wp\/v2\/categories?post=23056"},{"taxonomy":"post_tag","embeddable":true,"href":"https:\/\/bisbalpenedes.com\/web\/wp-json\/wp\/v2\/tags?post=23056"}],"curies":[{"name":"wp","href":"https:\/\/api.w.org\/{rel}","templated":true}]}}